{"id":13005,"date":"2025-01-08T08:43:06","date_gmt":"2025-01-08T11:43:06","guid":{"rendered":"https:\/\/sincomavi.org.br\/?p=13005"},"modified":"2025-01-08T08:43:07","modified_gmt":"2025-01-08T11:43:07","slug":"salario-minimo-e-piso-de-admissao-osasco-cotia-e-franco-da-rocha","status":"publish","type":"post","link":"https:\/\/sincomavi.org.br\/?p=13005","title":{"rendered":"Sal\u00e1rio M\u00ednimo e piso de admiss\u00e3o &#8211; Osasco, Cotia e Franco da Rocha"},"content":{"rendered":"\n<hr class=\"wp-block-separator has-alpha-channel-opacity is-style-default\"\/>\n\n\n<div class=\"wp-block-post-date\"><time datetime=\"2025-01-08T08:43:06-03:00\">8 de janeiro de 2025<\/time><\/div>\n\n\n<p>Em decorr\u00eancia do reajuste, a partir de 01\/01\/2025, do sal\u00e1rio m\u00ednimo nacional mensal, o Sincomavi alerta as empresas representadas estabelecidas nas regi\u00f5es de Osasco, Franco da Rocha e Cotia, que, al\u00e9m da lei, as Conven\u00e7\u00f5es Coletiva de Trabalho (CCT) celebradas com os sindicatos dos empregados das citadas regi\u00f5es, preveem que nenhum sal\u00e1rio de admiss\u00e3o pode ser inferior ao sal\u00e1rio m\u00ednimo nacional. Em raz\u00e3o disso, as empresas com menos de 10 empregados, optantes e detentoras do Certificado previsto no RDS \u2013 Regime Diferencial de Sal\u00e1rios, dever\u00e3o observar o sal\u00e1rio de admiss\u00e3o de R$ 1.518,00 para as fun\u00e7\u00f5es de office-boy, faxineiro, copeiro e empacotadores em geral, substituindo o piso previsto na CCT respectiva, a partir de 1\u00ba de janeiro de 2025, desde que cumprida integralmente a jornada legal de 44 horas semanais de trabalho.<\/p>\n\n\n\n<p>Qualquer d\u00favida poder\u00e1 ser esclarecida pelo telefone (11) 3488-8200 ou sincomavi@sincomavi.org.br.<\/p>\n\n\n\n<hr class=\"wp-block-separator has-alpha-channel-opacity is-style-default\"\/>\n","protected":false},"excerpt":{"rendered":"<p>Em decorr\u00eancia do reajuste, a partir de 01\/01\/2025, do sal\u00e1rio m\u00ednimo nacional mensal, o Sincomavi alerta as empresas representadas estabelecidas nas regi\u00f5es de Osasco, Franco da Rocha e Cotia, que, al\u00e9m da lei, as Conven\u00e7\u00f5es Coletiva de Trabalho (CCT) celebradas com os sindicatos dos empregados das citadas regi\u00f5es, preveem que nenhum sal\u00e1rio de admiss\u00e3o pode [&hellip;]<\/p>\n","protected":false},"author":1,"featured_media":13006,"comment_status":"closed","ping_status":"open","sticky":false,"template":"","format":"standard","meta":{"tdm_status":"","tdm_grid_status":"","footnotes":""},"categories":[157],"tags":[192,391,356,1181,1521,647],"class_list":["post-13005","post","type-post","status-publish","format-standard","has-post-thumbnail","hentry","category-alerta","tag-convencao-coletiva-de-trabalho","tag-cotia","tag-franco-da-rocha","tag-osasco","tag-piso-de-admissao","tag-salario-minimo"],"amp_enabled":true,"_links":{"self":[{"href":"https:\/\/sincomavi.org.br\/index.php?rest_route=\/wp\/v2\/posts\/13005","targetHints":{"allow":["GET"]}}],"collection":[{"href":"https:\/\/sincomavi.org.br\/index.php?rest_route=\/wp\/v2\/posts"}],"about":[{"href":"https:\/\/sincomavi.org.br\/index.php?rest_route=\/wp\/v2\/types\/post"}],"author":[{"embeddable":true,"href":"https:\/\/sincomavi.org.br\/index.php?rest_route=\/wp\/v2\/users\/1"}],"replies":[{"embeddable":true,"href":"https:\/\/sincomavi.org.br\/index.php?rest_route=%2Fwp%2Fv2%2Fcomments&post=13005"}],"version-history":[{"count":1,"href":"https:\/\/sincomavi.org.br\/index.php?rest_route=\/wp\/v2\/posts\/13005\/revisions"}],"predecessor-version":[{"id":13007,"href":"https:\/\/sincomavi.org.br\/index.php?rest_route=\/wp\/v2\/posts\/13005\/revisions\/13007"}],"wp:featuredmedia":[{"embeddable":true,"href":"https:\/\/sincomavi.org.br\/index.php?rest_route=\/wp\/v2\/media\/13006"}],"wp:attachment":[{"href":"https:\/\/sincomavi.org.br\/index.php?rest_route=%2Fwp%2Fv2%2Fmedia&parent=13005"}],"wp:term":[{"taxonomy":"category","embeddable":true,"href":"https:\/\/sincomavi.org.br\/index.php?rest_route=%2Fwp%2Fv2%2Fcategories&post=13005"},{"taxonomy":"post_tag","embeddable":true,"href":"https:\/\/sincomavi.org.br\/index.php?rest_route=%2Fwp%2Fv2%2Ftags&post=13005"}],"curies":[{"name":"wp","href":"https:\/\/api.w.org\/{rel}","templated":true}]}}