{"id":12955,"date":"2024-12-10T14:35:00","date_gmt":"2024-12-10T17:35:00","guid":{"rendered":"https:\/\/sincomavi.org.br\/?p=12955"},"modified":"2024-12-10T11:39:40","modified_gmt":"2024-12-10T14:39:40","slug":"black-friday-desempenho-positivo-em-2024","status":"publish","type":"post","link":"https:\/\/sincomavi.org.br\/?p=12955","title":{"rendered":"Black Friday: desempenho positivo em 2024"},"content":{"rendered":"\n<hr class=\"wp-block-separator has-alpha-channel-opacity is-style-default\"\/>\n\n\n<div class=\"wp-block-post-date\"><time datetime=\"2024-12-10T14:35:00-03:00\">10 de dezembro de 2024<\/time><\/div>\n\n\n<p>Levantamento realizado pela Getnet verificou que, durante o fim de semana da Black Friday e da Cyber Monday, o com\u00e9rcio contou com crescimento de faturamento em rela\u00e7\u00e3o ao mesmo per\u00edodo do ano passado. No primeiro caso, Black Friday, o aumento registrado foi de 13,33% no total. As vendas f\u00edsicas tiveram um avan\u00e7o de 16% e o digital contou com eleva\u00e7\u00e3o de 5,08%. Os setores destacados pelo estudo foram Hipermercados e supermercados, alta de 25,51%, e cal\u00e7ados, com 20,42%. J\u00e1 o Cyber Monday (segunda-feira cibern\u00e9tica) apresentou igualmente n\u00fameros positivos: 14,06% de eleva\u00e7\u00e3o.<\/p>\n\n\n\n<p>Fabio Coelho, vice-presidente de Finan\u00e7as da Getnet, comenta que os dados evidenciam a import\u00e2ncia do setor f\u00edsico, que segue sendo um ponto de atra\u00e7\u00e3o relevante para os consumidores, apesar do avan\u00e7o cont\u00ednuo do com\u00e9rcio eletr\u00f4nico. &#8220;O comportamento de compra do consumidor transita entre canais f\u00edsico e digital em busca das melhores ofertas e solu\u00e7\u00f5es\u201d, ressalta. E complementa: \u201cneste contexto, podemos esperar uma evolu\u00e7\u00e3o gradual na forma como os brasileiros interagem com o com\u00e9rcio varejista\u201d.&nbsp;<\/p>\n\n\n\n<p>O \u00cdndice Omie de Desempenho Econ\u00f4mico das PMEs (IODE-PMEs) tamb\u00e9m registrou resultados favor\u00e1veis ao varejo na Black Friday. A an\u00e1lise realizada mostra que houve um aumento de 1,8% no faturamento no m\u00eas em compara\u00e7\u00e3o ao mesmo per\u00edodo de 2023.&nbsp; O estudo refor\u00e7a ainda mais o incremento sazonal da data promocional: os ganhos por dia \u00fatil em novembro foram 16,6% superiores \u00e0 m\u00e9dia de outubro. Para Felipe Beraldi, economista e gerente de Indicadores e Estudos Econ\u00f4micos da Omie, \u201co \u2018efeito Black Friday\u2019 sobre as PMEs que tamb\u00e9m atuam no e-commerce foi ainda mais significativo, com avan\u00e7o de 5,2%\u201d.<\/p>\n\n\n\n<p>Dentre as atividades do varejo monitoradas, os melhores desempenhos foram obtidos por\u00a0 produtos aliment\u00edcios, pedras para revestimento, livros, artigos de fotografia e filmagem, artigos de ilumina\u00e7\u00e3o, artigos esportivos e artigos de joalherias. Os seguintes setores sofreram queda no per\u00edodo: vestu\u00e1rio e acess\u00f3rios, bebidas e artigos de cama, mesa e banho.<\/p>\n\n\n\n<hr class=\"wp-block-separator has-alpha-channel-opacity is-style-default\"\/>\n","protected":false},"excerpt":{"rendered":"<p>Levantamento realizado pela Getnet verificou que, durante o fim de semana da Black Friday e da Cyber Monday, o com\u00e9rcio contou com crescimento de faturamento em rela\u00e7\u00e3o ao mesmo per\u00edodo do ano passado. No primeiro caso, Black Friday, o aumento registrado foi de 13,33% no total. As vendas f\u00edsicas tiveram um avan\u00e7o de 16% e [&hellip;]<\/p>\n","protected":false},"author":1,"featured_media":12956,"comment_status":"closed","ping_status":"open","sticky":false,"template":"","format":"standard","meta":{"tdm_status":"","tdm_grid_status":"","footnotes":""},"categories":[153],"tags":[1260,199,1520,156,632,620,158,200,75],"class_list":["post-12955","post","type-post","status-publish","format-standard","has-post-thumbnail","hentry","category-noticias","tag-black-friday","tag-comercio","tag-cyber-day","tag-economia","tag-estudo-setorial","tag-levantamento","tag-material-de-construcao","tag-varejo","tag-vendas"],"amp_enabled":true,"_links":{"self":[{"href":"https:\/\/sincomavi.org.br\/index.php?rest_route=\/wp\/v2\/posts\/12955","targetHints":{"allow":["GET"]}}],"collection":[{"href":"https:\/\/sincomavi.org.br\/index.php?rest_route=\/wp\/v2\/posts"}],"about":[{"href":"https:\/\/sincomavi.org.br\/index.php?rest_route=\/wp\/v2\/types\/post"}],"author":[{"embeddable":true,"href":"https:\/\/sincomavi.org.br\/index.php?rest_route=\/wp\/v2\/users\/1"}],"replies":[{"embeddable":true,"href":"https:\/\/sincomavi.org.br\/index.php?rest_route=%2Fwp%2Fv2%2Fcomments&post=12955"}],"version-history":[{"count":1,"href":"https:\/\/sincomavi.org.br\/index.php?rest_route=\/wp\/v2\/posts\/12955\/revisions"}],"predecessor-version":[{"id":12957,"href":"https:\/\/sincomavi.org.br\/index.php?rest_route=\/wp\/v2\/posts\/12955\/revisions\/12957"}],"wp:featuredmedia":[{"embeddable":true,"href":"https:\/\/sincomavi.org.br\/index.php?rest_route=\/wp\/v2\/media\/12956"}],"wp:attachment":[{"href":"https:\/\/sincomavi.org.br\/index.php?rest_route=%2Fwp%2Fv2%2Fmedia&parent=12955"}],"wp:term":[{"taxonomy":"category","embeddable":true,"href":"https:\/\/sincomavi.org.br\/index.php?rest_route=%2Fwp%2Fv2%2Fcategories&post=12955"},{"taxonomy":"post_tag","embeddable":true,"href":"https:\/\/sincomavi.org.br\/index.php?rest_route=%2Fwp%2Fv2%2Ftags&post=12955"}],"curies":[{"name":"wp","href":"https:\/\/api.w.org\/{rel}","templated":true}]}}