{"id":12879,"date":"2024-12-02T08:45:58","date_gmt":"2024-12-02T11:45:58","guid":{"rendered":"https:\/\/sincomavi.org.br\/?p=12879"},"modified":"2024-12-02T08:46:00","modified_gmt":"2024-12-02T11:46:00","slug":"confianca-alta-no-comercio-e-queda-em-servicos","status":"publish","type":"post","link":"https:\/\/sincomavi.org.br\/?p=12879","title":{"rendered":"Confian\u00e7a: alta no com\u00e9rcio e queda em servi\u00e7os"},"content":{"rendered":"\n<hr class=\"wp-block-separator has-alpha-channel-opacity is-style-default\"\/>\n\n\n<div class=\"wp-block-post-date\"><time datetime=\"2024-12-02T08:45:58-03:00\">2 de dezembro de 2024<\/time><\/div>\n\n\n<p>O Instituto Brasileiro de Economia da Funda\u00e7\u00e3o Get\u00falio Vargas divulgou os \u00edndices de confian\u00e7a do com\u00e9rcio e do setor de servi\u00e7os referentes a novembro. Enquanto o primeiro contou com uma eleva\u00e7\u00e3o de 3,7 pontos, o segundo sofreu uma pequena varia\u00e7\u00e3o negativa: -0,3 ponto.<\/p>\n\n\n\n<p>No caso do \u00cdndice de Confian\u00e7a do Com\u00e9rcio (ICOM), o resultado registrado em novembro fez o indicador atingir os 92,7 pontos, o que representa o maior n\u00edvel desde abril deste ano (95,5 pontos). Em m\u00e9dias m\u00f3veis trimestrais, houve alta de 1,2 ponto, para 90,6 pontos.\u00a0<\/p>\n\n\n\n<p>A economista Ge\u00f3rgia Veloso comenta que o cen\u00e1rio parece ter aliviado as incertezas dos empres\u00e1rios, que, ap\u00f3s seis meses consecutivos com previs\u00f5es de redu\u00e7\u00e3o nas vendas futuras, se mostram menos pessimistas em novembro. \u201cEssa invers\u00e3o nas expectativas tamb\u00e9m est\u00e1 ligada ao aumento da confian\u00e7a dos consumidores, fortalecida por um mercado de trabalho aquecido e uma melhora nos rendimentos observada em 2024\u201d, avalia.<\/p>\n\n\n\n<p>J\u00e1 o \u00cdndice de Confian\u00e7a de Servi\u00e7os (ICS) com o desempenho de novembro, queda de 0,3 ponto, alcan\u00e7ou os 94,9 pontos. Na m\u00e9dia m\u00f3vel trimestral, o \u00edndice variou 0,1 ponto. O economista St\u00e9fano Pacini explica que o resultado \u00e9 consequ\u00eancia de dois movimentos distintos: \u201cPor um lado, ocorreu piora disseminada das expectativas futuras entre os segmentos do setor, por outro lado a percep\u00e7\u00e3o sobre a situa\u00e7\u00e3o atual melhora pelo segundo m\u00eas consecutivo sinalizando que o setor se mant\u00e9m com a demanda relativamente aquecida\u201d.\u00a0 Ele lembra ainda que o cen\u00e1rio macroecon\u00f4mico de bons resultados em termos de emprego e renda \u00e9 um fator positivo para o setor, mas o alto patamar de taxa de juros contribui para o aumento da cautela dos empres\u00e1rios com a continuidade da retomada nos pr\u00f3ximos meses.<\/p>\n\n\n\n<hr class=\"wp-block-separator has-alpha-channel-opacity is-style-default\"\/>\n\n\n\n<p><br>\u00a0<\/p>\n","protected":false},"excerpt":{"rendered":"<p>O Instituto Brasileiro de Economia da Funda\u00e7\u00e3o Get\u00falio Vargas divulgou os \u00edndices de confian\u00e7a do com\u00e9rcio e do setor de servi\u00e7os referentes a novembro. Enquanto o primeiro contou com uma eleva\u00e7\u00e3o de 3,7 pontos, o segundo sofreu uma pequena varia\u00e7\u00e3o negativa: -0,3 ponto. No caso do \u00cdndice de Confian\u00e7a do Com\u00e9rcio (ICOM), o resultado registrado [&hellip;]<\/p>\n","protected":false},"author":1,"featured_media":12880,"comment_status":"closed","ping_status":"open","sticky":false,"template":"","format":"standard","meta":{"tdm_status":"","tdm_grid_status":"","footnotes":""},"categories":[153],"tags":[199,204,156,632,754,620,160,417,200,75],"class_list":["post-12879","post","type-post","status-publish","format-standard","has-post-thumbnail","hentry","category-noticias","tag-comercio","tag-confianca","tag-economia","tag-estudo-setorial","tag-fgv-ibre","tag-levantamento","tag-pesquisa","tag-servicos","tag-varejo","tag-vendas"],"amp_enabled":true,"_links":{"self":[{"href":"https:\/\/sincomavi.org.br\/index.php?rest_route=\/wp\/v2\/posts\/12879","targetHints":{"allow":["GET"]}}],"collection":[{"href":"https:\/\/sincomavi.org.br\/index.php?rest_route=\/wp\/v2\/posts"}],"about":[{"href":"https:\/\/sincomavi.org.br\/index.php?rest_route=\/wp\/v2\/types\/post"}],"author":[{"embeddable":true,"href":"https:\/\/sincomavi.org.br\/index.php?rest_route=\/wp\/v2\/users\/1"}],"replies":[{"embeddable":true,"href":"https:\/\/sincomavi.org.br\/index.php?rest_route=%2Fwp%2Fv2%2Fcomments&post=12879"}],"version-history":[{"count":1,"href":"https:\/\/sincomavi.org.br\/index.php?rest_route=\/wp\/v2\/posts\/12879\/revisions"}],"predecessor-version":[{"id":12881,"href":"https:\/\/sincomavi.org.br\/index.php?rest_route=\/wp\/v2\/posts\/12879\/revisions\/12881"}],"wp:featuredmedia":[{"embeddable":true,"href":"https:\/\/sincomavi.org.br\/index.php?rest_route=\/wp\/v2\/media\/12880"}],"wp:attachment":[{"href":"https:\/\/sincomavi.org.br\/index.php?rest_route=%2Fwp%2Fv2%2Fmedia&parent=12879"}],"wp:term":[{"taxonomy":"category","embeddable":true,"href":"https:\/\/sincomavi.org.br\/index.php?rest_route=%2Fwp%2Fv2%2Fcategories&post=12879"},{"taxonomy":"post_tag","embeddable":true,"href":"https:\/\/sincomavi.org.br\/index.php?rest_route=%2Fwp%2Fv2%2Ftags&post=12879"}],"curies":[{"name":"wp","href":"https:\/\/api.w.org\/{rel}","templated":true}]}}