{"id":12873,"date":"2024-11-28T14:19:44","date_gmt":"2024-11-28T17:19:44","guid":{"rendered":"https:\/\/sincomavi.org.br\/?p=12873"},"modified":"2024-11-28T14:19:46","modified_gmt":"2024-11-28T17:19:46","slug":"mercado-de-trabalho-do-varejo-de-matcons-tem-a-primeira-retracao-do-ano","status":"publish","type":"post","link":"https:\/\/sincomavi.org.br\/?p=12873","title":{"rendered":"Mercado de trabalho do varejo de matcons tem a primeira retra\u00e7\u00e3o do ano"},"content":{"rendered":"\n<hr class=\"wp-block-separator has-alpha-channel-opacity is-style-default\"\/>\n\n\n<div class=\"wp-block-post-date\"><time datetime=\"2024-11-28T14:19:44-03:00\">28 de novembro de 2024<\/time><\/div>\n\n\n<p>Como j\u00e1 era esperado, em outubro ocorreu no com\u00e9rcio varejista de material de constru\u00e7\u00e3o da Regi\u00e3o Metropolitana de S\u00e3o Paulo (RMSP) uma queda no n\u00edvel de empregabilidade, conforme dados do Cadastro Geral de Empregados e Desempregados (Caged). Foram 372 vagas cortadas, ap\u00f3s o registro de 3.899 admiss\u00f5es contra 4.271 desligamentos. Com isso, o estoque do setor passou a contar com 96.763 v\u00ednculos empregat\u00edcios ativos.&nbsp;<\/p>\n\n\n\n<p>Especificamente na capital paulista, a redu\u00e7\u00e3o apontada em outubro chegou a 202 empregos com carteira assinada e, assim como na Regi\u00e3o Metropolitana, este foi o primeiro saldo negativo registrado no ano.&nbsp;<\/p>\n\n\n\n<h4 class=\"wp-block-heading has-text-align-center\"><strong>Evolu\u00e7\u00e3o do saldo de empregos do varejo de material de constru\u00e7\u00e3o \u2013 RMSP e S\u00e3o Paulo\/SP<\/strong><\/h4>\n\n\n\n<p class=\"has-text-align-center\"><img loading=\"lazy\" decoding=\"async\" width=\"553\" height=\"352\" src=\"https:\/\/lh7-rt.googleusercontent.com\/docsz\/AD_4nXftCYtd_c3b7ZLli8MzIdt7BHg1q6w0b90tiMGHxZssj61qxo4Gr03KrAzxk6IS17HwH8LtFAgo5HxAowZLZ8fc17WNxBzTvcXETdGSclFWB2xb-XFISEhNRDwOkXQtVGkG7xBRzrSwClDWEoNam-0?key=2cdVLveuVIpYiomiBk1D5JvA\"><\/p>\n\n\n\n<p class=\"has-text-align-right\"><strong>Fonte: Caged<\/strong><\/p>\n\n\n\n<p>Observando mais detidamente cada segmento varejista, \u00e9 poss\u00edvel verificar que o resultado negativo geral ocorreu especialmente pela perda de 487 vagas nos estabelecimentos que pertencem ao CNAE (Classifica\u00e7\u00e3o Nacional de Atividades Econ\u00f4micas) do varejo de material de constru\u00e7\u00e3o em geral, seguido das empresas que comercializam madeira e seus artefatos, que retrocedeu em 44 postos de trabalho. Tamb\u00e9m o setor de tintas e material para pintura reduziu o n\u00edvel de empregabilidade no per\u00edodo. (-13 vagas).\u00a0<\/p>\n\n\n\n<p class=\"has-text-align-center\"><img loading=\"lazy\" decoding=\"async\" src=\"https:\/\/lh7-rt.googleusercontent.com\/docsz\/AD_4nXfFWlPS0jy7i2gK9oUlNNV5ZCRxZ1kRInjLesoC3YAwoZ4yVA9GB8HkrVJieBczuAxMHIj629jFryLRv5yx_XvCvrDnPEUDNpht-LGniY_hgGTClJ_rx6IkY9yaFq29Vj6tceJTTLU0mFGmmQYLpfM?key=2cdVLveuVIpYiomiBk1D5JvA\" width=\"538\" height=\"280\"><\/p>\n\n\n\n<p>Os n\u00fameros negativos de outubro amenizaram o cen\u00e1rio amplamente positivo de 2024 que agora aponta para um crescimento de cerca de 2,2 mil novas vagas no varejo de material de constru\u00e7\u00e3o da RMSP. Neste sentido, \u00e9 importante ressaltar que de todos os segmentos avaliados, o melhor resultado absoluto prov\u00e9m do com\u00e9rcio varejista de ferragens e ferramentas, que evoluiu em 637 novos v\u00ednculos formais neste ano.<\/p>\n\n\n\n<p class=\"has-text-align-center\"><img loading=\"lazy\" decoding=\"async\" width=\"505\" height=\"298\" src=\"https:\/\/lh7-rt.googleusercontent.com\/docsz\/AD_4nXdk_aecQ-oQDijgu8OyXfUPR6fAjw3neJmpEjJPcJ_iSlzuP-P-BmpAwDxENRrBHy0G_ITnyORXfdEvrxizPl0Po3Y8hB6JUBJUxofV-k586-PqhSpWPSt8lPI1abEH0dnPVxoR4RjbzSLahAJUEDk?key=2cdVLveuVIpYiomiBk1D5JvA\"><\/p>\n\n\n\n<p>\u201cComo pode ser observado no gr\u00e1fico da evolu\u00e7\u00e3o mensal do saldo de empregos do varejo de material de constru\u00e7\u00e3o da Grande S\u00e3o Paulo, era at\u00e9 esperado novamente o efeito da conhecida sazonalidade negativa do setor nos \u00faltimos trimestres\u201d, ressalta o economista Jaime Vasconcellos. Em geral, \u00e9 um per\u00edodo em que h\u00e1 um direcionamento da demanda para outros ramos do varejo, em especial aqueles ligados \u00e0s datas especiais, como o Dia das Crian\u00e7as, Black Friday e Natal. \u201cEste cen\u00e1rio estava em nosso horizonte e j\u00e1 mostra seus primeiros sinais\u201d, admite.<\/p>\n\n\n\n<p>Para Jaime, talvez o que mais chame aten\u00e7\u00e3o n\u00e3o seja propriamente o saldo negativo, mas o tamanho desta retra\u00e7\u00e3o. Em outubro de 2024 a perda de vagas foi superior em 170% em rela\u00e7\u00e3o ao mesmo m\u00eas do ano passado. \u201cEm um ano no qual foi poss\u00edvel ver de forma consistente a evolu\u00e7\u00e3o do mercado de trabalho do setor, at\u00e9 em conson\u00e2ncia com o ritmo de 2023, os n\u00fameros de outubro, e em especial do \u00faltimo trimestre, precisar\u00e3o ser observados de perto para compreendermos se a amplitude das oscila\u00e7\u00f5es s\u00e3o pontuais ou realmente significam um arrefecimento do ritmo do mercado de trabalho\u201d, avalia. \u00c9 importante adiantar que, frente a pre\u00e7os mais elevados em geral ao consumidor e devido ao encarecimento do cr\u00e9dito, \u00e9 esperado a ocorr\u00eancia de tal fato em algum momento, em especial para 2025.<\/p>\n\n\n\n<hr class=\"wp-block-separator has-alpha-channel-opacity is-style-default\"\/>\n","protected":false},"excerpt":{"rendered":"<p>Como j\u00e1 era esperado, em outubro ocorreu no com\u00e9rcio varejista de material de constru\u00e7\u00e3o da Regi\u00e3o Metropolitana de S\u00e3o Paulo (RMSP) uma queda no n\u00edvel de empregabilidade, conforme dados do Cadastro Geral de Empregados e Desempregados (Caged). Foram 372 vagas cortadas, ap\u00f3s o registro de 3.899 admiss\u00f5es contra 4.271 desligamentos. Com isso, o estoque do [&hellip;]<\/p>\n","protected":false},"author":1,"featured_media":12874,"comment_status":"closed","ping_status":"open","sticky":false,"template":"","format":"standard","meta":{"tdm_status":"","tdm_grid_status":"","footnotes":""},"categories":[153],"tags":[89,199,156,632,620,158,694,160,200],"class_list":["post-12873","post","type-post","status-publish","format-standard","has-post-thumbnail","hentry","category-noticias","tag-caged","tag-comercio","tag-economia","tag-estudo-setorial","tag-levantamento","tag-material-de-construcao","tag-mercado-de-trabalho","tag-pesquisa","tag-varejo"],"amp_enabled":true,"_links":{"self":[{"href":"https:\/\/sincomavi.org.br\/index.php?rest_route=\/wp\/v2\/posts\/12873","targetHints":{"allow":["GET"]}}],"collection":[{"href":"https:\/\/sincomavi.org.br\/index.php?rest_route=\/wp\/v2\/posts"}],"about":[{"href":"https:\/\/sincomavi.org.br\/index.php?rest_route=\/wp\/v2\/types\/post"}],"author":[{"embeddable":true,"href":"https:\/\/sincomavi.org.br\/index.php?rest_route=\/wp\/v2\/users\/1"}],"replies":[{"embeddable":true,"href":"https:\/\/sincomavi.org.br\/index.php?rest_route=%2Fwp%2Fv2%2Fcomments&post=12873"}],"version-history":[{"count":1,"href":"https:\/\/sincomavi.org.br\/index.php?rest_route=\/wp\/v2\/posts\/12873\/revisions"}],"predecessor-version":[{"id":12875,"href":"https:\/\/sincomavi.org.br\/index.php?rest_route=\/wp\/v2\/posts\/12873\/revisions\/12875"}],"wp:featuredmedia":[{"embeddable":true,"href":"https:\/\/sincomavi.org.br\/index.php?rest_route=\/wp\/v2\/media\/12874"}],"wp:attachment":[{"href":"https:\/\/sincomavi.org.br\/index.php?rest_route=%2Fwp%2Fv2%2Fmedia&parent=12873"}],"wp:term":[{"taxonomy":"category","embeddable":true,"href":"https:\/\/sincomavi.org.br\/index.php?rest_route=%2Fwp%2Fv2%2Fcategories&post=12873"},{"taxonomy":"post_tag","embeddable":true,"href":"https:\/\/sincomavi.org.br\/index.php?rest_route=%2Fwp%2Fv2%2Ftags&post=12873"}],"curies":[{"name":"wp","href":"https:\/\/api.w.org\/{rel}","templated":true}]}}