{"id":12823,"date":"2024-11-21T15:08:56","date_gmt":"2024-11-21T18:08:56","guid":{"rendered":"https:\/\/sincomavi.org.br\/?p=12823"},"modified":"2024-11-21T15:09:20","modified_gmt":"2024-11-21T18:09:20","slug":"atividade-economica-subiu-1-no-terceiro-trimestre","status":"publish","type":"post","link":"https:\/\/sincomavi.org.br\/?p=12823","title":{"rendered":"Atividade econ\u00f4mica subiu 1% no terceiro trimestre"},"content":{"rendered":"\n<hr class=\"wp-block-separator has-alpha-channel-opacity is-style-default\"\/>\n\n\n<div class=\"wp-block-post-date\"><time datetime=\"2024-11-21T15:08:56-03:00\">21 de novembro de 2024<\/time><\/div>\n\n\n<p>O Monitor do PIB-FGV registrou um aumento de 1,0% na atividade econ\u00f4mica no terceiro trimestre em compara\u00e7\u00e3o ao mesmo per\u00edodo de tempo imediatamente anterior. No resultado mensal, setembro contra agosto, o PIB apresentou um avan\u00e7o de 0,7%. Vale lembrar que esses resultados foram obtidos na s\u00e9rie com ajuste sazonal. A taxa acumulada em 12 meses at\u00e9 setembro foi de 3,0%.\u00a0<\/p>\n\n\n<style>.kb-image12823_fba899-19 .kb-image-has-overlay:after{opacity:0.3;}<\/style>\n<div class=\"wp-block-kadence-image kb-image12823_fba899-19\"><figure class=\"aligncenter size-large\"><img loading=\"lazy\" decoding=\"async\" width=\"1024\" height=\"317\" src=\"https:\/\/sincomavi.org.br\/wp-content\/uploads\/2024\/11\/pib-fgv1-1024x317.jpg\" alt=\"\" class=\"kb-img wp-image-12824\" srcset=\"https:\/\/sincomavi.org.br\/wp-content\/uploads\/2024\/11\/pib-fgv1-1024x317.jpg 1024w, https:\/\/sincomavi.org.br\/wp-content\/uploads\/2024\/11\/pib-fgv1-300x93.jpg 300w, https:\/\/sincomavi.org.br\/wp-content\/uploads\/2024\/11\/pib-fgv1-768x238.jpg 768w, https:\/\/sincomavi.org.br\/wp-content\/uploads\/2024\/11\/pib-fgv1-1536x475.jpg 1536w, https:\/\/sincomavi.org.br\/wp-content\/uploads\/2024\/11\/pib-fgv1-2048x634.jpg 2048w, https:\/\/sincomavi.org.br\/wp-content\/uploads\/2024\/11\/pib-fgv1-1357x420.jpg 1357w, https:\/\/sincomavi.org.br\/wp-content\/uploads\/2024\/11\/pib-fgv1-640x198.jpg 640w, https:\/\/sincomavi.org.br\/wp-content\/uploads\/2024\/11\/pib-fgv1-681x211.jpg 681w\" sizes=\"auto, (max-width: 1024px) 100vw, 1024px\" \/><\/figure><\/div>\n\n\n\n<p>Juliana Trece, coordenadora da pesquisa, explica que&nbsp; o desempenho da economia no terceiro trimestre mostra continuidade do bom desempenho da atividade econ\u00f4mica. \u201cPela \u00f3tica da produ\u00e7\u00e3o, o grande destaque \u00e9 o forte crescimento da ind\u00fastria, que ocorreu de forma disseminada\u201d, ressalta. Ela destaca ainda que o setor de servi\u00e7os tamb\u00e9m cresceu, a despeito de ter desacelerado, enquanto a agropecu\u00e1ria retraiu no trimestre. \u201cO consumo e os investimentos seguem em trajet\u00f3ria de crescimento pelo terceiro e quarto trimestre consecutivos, respectivamente\u201d, complementa.<\/p>\n\n\n\n<p>O acompanhamento da FGV verificou que o consumo das fam\u00edlias contou com uma eleva\u00e7\u00e3o de 4,5% no terceiro trimestre. No entanto, foi poss\u00edvel notar uma pequena desacelera\u00e7\u00e3o entre o segundo e o terceiro trimestres. O principal motivador para a queda de ritmo foi o desempenho do consumo de produtos n\u00e3o dur\u00e1veis.\u00a0<\/p>\n\n\n<style>.kb-image12823_d12cdc-05.kb-image-is-ratio-size, .kb-image12823_d12cdc-05 .kb-image-is-ratio-size{max-width:480px;width:100%;}.wp-block-kadence-column > .kt-inside-inner-col > .kb-image12823_d12cdc-05.kb-image-is-ratio-size, .wp-block-kadence-column > .kt-inside-inner-col > .kb-image12823_d12cdc-05 .kb-image-is-ratio-size{align-self:unset;}.kb-image12823_d12cdc-05 figure{max-width:480px;}.kb-image12823_d12cdc-05 .image-is-svg, .kb-image12823_d12cdc-05 .image-is-svg img{width:100%;}.kb-image12823_d12cdc-05 .kb-image-has-overlay:after{opacity:0.3;}<\/style>\n<div class=\"wp-block-kadence-image kb-image12823_d12cdc-05\"><figure class=\"aligncenter size-large\"><img loading=\"lazy\" decoding=\"async\" width=\"1024\" height=\"880\" src=\"https:\/\/sincomavi.org.br\/wp-content\/uploads\/2024\/11\/pib-fgv2-1024x880.jpg\" alt=\"\" class=\"kb-img wp-image-12825\" srcset=\"https:\/\/sincomavi.org.br\/wp-content\/uploads\/2024\/11\/pib-fgv2-1024x880.jpg 1024w, https:\/\/sincomavi.org.br\/wp-content\/uploads\/2024\/11\/pib-fgv2-300x258.jpg 300w, https:\/\/sincomavi.org.br\/wp-content\/uploads\/2024\/11\/pib-fgv2-768x660.jpg 768w, https:\/\/sincomavi.org.br\/wp-content\/uploads\/2024\/11\/pib-fgv2-489x420.jpg 489w, https:\/\/sincomavi.org.br\/wp-content\/uploads\/2024\/11\/pib-fgv2-640x550.jpg 640w, https:\/\/sincomavi.org.br\/wp-content\/uploads\/2024\/11\/pib-fgv2-681x585.jpg 681w, https:\/\/sincomavi.org.br\/wp-content\/uploads\/2024\/11\/pib-fgv2.jpg 1240w\" sizes=\"auto, (max-width: 1024px) 100vw, 1024px\" \/><\/figure><\/div>\n\n\n\n<hr class=\"wp-block-separator has-alpha-channel-opacity is-style-default\"\/>\n","protected":false},"excerpt":{"rendered":"<p>O Monitor do PIB-FGV registrou um aumento de 1,0% na atividade econ\u00f4mica no terceiro trimestre em compara\u00e7\u00e3o ao mesmo per\u00edodo de tempo imediatamente anterior. No resultado mensal, setembro contra agosto, o PIB apresentou um avan\u00e7o de 0,7%. Vale lembrar que esses resultados foram obtidos na s\u00e9rie com ajuste sazonal. A taxa acumulada em 12 meses [&hellip;]<\/p>\n","protected":false},"author":1,"featured_media":12826,"comment_status":"closed","ping_status":"open","sticky":false,"template":"","format":"standard","meta":{"tdm_status":"","tdm_grid_status":"","footnotes":""},"categories":[153],"tags":[1036,199,156,754,620,160,202,200,75],"class_list":["post-12823","post","type-post","status-publish","format-standard","has-post-thumbnail","hentry","category-noticias","tag-atividade-economica","tag-comercio","tag-economia","tag-fgv-ibre","tag-levantamento","tag-pesquisa","tag-pib","tag-varejo","tag-vendas"],"amp_enabled":true,"_links":{"self":[{"href":"https:\/\/sincomavi.org.br\/index.php?rest_route=\/wp\/v2\/posts\/12823","targetHints":{"allow":["GET"]}}],"collection":[{"href":"https:\/\/sincomavi.org.br\/index.php?rest_route=\/wp\/v2\/posts"}],"about":[{"href":"https:\/\/sincomavi.org.br\/index.php?rest_route=\/wp\/v2\/types\/post"}],"author":[{"embeddable":true,"href":"https:\/\/sincomavi.org.br\/index.php?rest_route=\/wp\/v2\/users\/1"}],"replies":[{"embeddable":true,"href":"https:\/\/sincomavi.org.br\/index.php?rest_route=%2Fwp%2Fv2%2Fcomments&post=12823"}],"version-history":[{"count":1,"href":"https:\/\/sincomavi.org.br\/index.php?rest_route=\/wp\/v2\/posts\/12823\/revisions"}],"predecessor-version":[{"id":12827,"href":"https:\/\/sincomavi.org.br\/index.php?rest_route=\/wp\/v2\/posts\/12823\/revisions\/12827"}],"wp:featuredmedia":[{"embeddable":true,"href":"https:\/\/sincomavi.org.br\/index.php?rest_route=\/wp\/v2\/media\/12826"}],"wp:attachment":[{"href":"https:\/\/sincomavi.org.br\/index.php?rest_route=%2Fwp%2Fv2%2Fmedia&parent=12823"}],"wp:term":[{"taxonomy":"category","embeddable":true,"href":"https:\/\/sincomavi.org.br\/index.php?rest_route=%2Fwp%2Fv2%2Fcategories&post=12823"},{"taxonomy":"post_tag","embeddable":true,"href":"https:\/\/sincomavi.org.br\/index.php?rest_route=%2Fwp%2Fv2%2Ftags&post=12823"}],"curies":[{"name":"wp","href":"https:\/\/api.w.org\/{rel}","templated":true}]}}