{"id":12813,"date":"2024-11-21T10:48:43","date_gmt":"2024-11-21T13:48:43","guid":{"rendered":"https:\/\/sincomavi.org.br\/?p=12813"},"modified":"2024-11-21T10:48:45","modified_gmt":"2024-11-21T13:48:45","slug":"reputacao-cultivando-relacoes-de-confianca-com-fornecedores","status":"publish","type":"post","link":"https:\/\/sincomavi.org.br\/?p=12813","title":{"rendered":"Reputa\u00e7\u00e3o, cultivando rela\u00e7\u00f5es de confian\u00e7a com fornecedores"},"content":{"rendered":"\n<hr class=\"wp-block-separator has-alpha-channel-opacity is-style-default\"\/>\n\n\n<div class=\"wp-block-post-date\"><time datetime=\"2024-11-21T10:48:43-03:00\">21 de novembro de 2024<\/time><\/div>\n\n\n<p><strong>Por Claudia Bouman, especialista em reputa\u00e7\u00e3o de marca e s\u00f3cia da\u00a0Percepta\u00a0Reputa\u00e7\u00e3o Empresarial.<\/strong><\/p>\n\n\n\n<p>Um de nossos s\u00f3cios compartilhou uma experi\u00eancia vivida no passado com uma empresa l\u00edder no varejo nacional. Ao visitar o departamento de compras, ele descreveu um cen\u00e1rio preocupante. \u201cFui atendido rapidamente, mas o que presenciei foi desanimador\u201d, relatou.&nbsp;<\/p>\n\n\n\n<p>\u201cO comprador demonstrava uma postura autorit\u00e1ria, criando um ambiente de desequil\u00edbrio, onde fornecedores esperavam em condi\u00e7\u00f5es inadequadas, sem a menor cortesia.\u201d<\/p>\n\n\n\n<p>Essa situa\u00e7\u00e3o de desequil\u00edbrio n\u00e3o s\u00f3 prejudica a rela\u00e7\u00e3o comercial, mas mina a imagem da empresa diante de seus parceiros. Uma abordagem mais construtiva e equilibrada poderia gerar resultados positivos e fortalecer o capital reputacional da organiza\u00e7\u00e3o. Quando os fornecedores sentem que s\u00e3o tratados com respeito e t\u00eam suas demandas ouvidas, eles se tornam aliados, e n\u00e3o apenas prestadores de servi\u00e7o.<\/p>\n\n\n\n<p>O tratamento inadequado, infelizmente, n\u00e3o \u00e9 incomum. Muitas vezes, empresas exibem uma face amig\u00e1vel para clientes e investidores, mas mostram uma postura muito diferente com seus fornecedores. O descaso pode se manifestar em atrasos em reuni\u00f5es ou, pior, em prazos de pagamento n\u00e3o negociados, criando frustra\u00e7\u00e3o e desconfian\u00e7a.<\/p>\n\n\n\n<p>No entanto, existem alguns caminhos para evitar esse desgaste e melhorar a reputa\u00e7\u00e3o:<\/p>\n\n\n\n<ul class=\"wp-block-list\">\n<li><strong>Estabele\u00e7a processos claros e transparentes<\/strong>&nbsp;de comunica\u00e7\u00e3o para manter uma linha de di\u00e1logo aberta, reduzindo poss\u00edveis tens\u00f5es e mal-entendidos. Quando os prazos e expectativas s\u00e3o alinhados, os fornecedores acabam sentindo-se mais confort\u00e1veis e respeitados;<br><\/li>\n\n\n\n<li><strong>Compromisso com os prazos e acordos realizados<\/strong>: quando uma empresa adia pagamentos constantemente, sua imagem sofre. Por outro lado, ser reconhecida pela pontualidade fortalece la\u00e7os de confian\u00e7a e beneficia ambas as partes;<br><\/li>\n\n\n\n<li><strong>Revis\u00e3o cont\u00ednua de pr\u00e1ticas de atendimento aos fornecedores:<\/strong>&nbsp;Pequenos ajustes podem trazer grandes resultados. Um ambiente acolhedor e organizado, por exemplo, demonstra respeito e profissionalismo.<\/li>\n<\/ul>\n\n\n\n<p>O compromisso com pr\u00e1ticas \u00e9ticas e respeitosas na gest\u00e3o de fornecedores n\u00e3o apenas protege a reputa\u00e7\u00e3o da empresa, mas tamb\u00e9m contribui para um ambiente de neg\u00f3cios mais saud\u00e1vel e sustent\u00e1vel.&nbsp;<strong>Quando a rela\u00e7\u00e3o com os fornecedores \u00e9 bem estabelecida, ela fortalece a imagem da empresa e pode at\u00e9 transform\u00e1-los em influenciadores positivos, recomendando seus produtos ou servi\u00e7os a outros compradores. \u00c9 um ciclo virtuoso de confian\u00e7a e colabora\u00e7\u00e3o criando valor para todos os envolvidos!<\/strong><\/p>\n\n\n\n<hr class=\"wp-block-separator has-alpha-channel-opacity is-style-default\"\/>\n","protected":false},"excerpt":{"rendered":"<p>Por Claudia Bouman, especialista em reputa\u00e7\u00e3o de marca e s\u00f3cia da\u00a0Percepta\u00a0Reputa\u00e7\u00e3o Empresarial. Um de nossos s\u00f3cios compartilhou uma experi\u00eancia vivida no passado com uma empresa l\u00edder no varejo nacional. Ao visitar o departamento de compras, ele descreveu um cen\u00e1rio preocupante. \u201cFui atendido rapidamente, mas o que presenciei foi desanimador\u201d, relatou.&nbsp; \u201cO comprador demonstrava uma postura [&hellip;]<\/p>\n","protected":false},"author":1,"featured_media":12814,"comment_status":"closed","ping_status":"open","sticky":false,"template":"","format":"standard","meta":{"tdm_status":"","tdm_grid_status":"","footnotes":""},"categories":[210],"tags":[199,1511,200],"class_list":["post-12813","post","type-post","status-publish","format-standard","has-post-thumbnail","hentry","category-artigos","tag-comercio","tag-relacoes-comerciais","tag-varejo"],"amp_enabled":true,"_links":{"self":[{"href":"https:\/\/sincomavi.org.br\/index.php?rest_route=\/wp\/v2\/posts\/12813","targetHints":{"allow":["GET"]}}],"collection":[{"href":"https:\/\/sincomavi.org.br\/index.php?rest_route=\/wp\/v2\/posts"}],"about":[{"href":"https:\/\/sincomavi.org.br\/index.php?rest_route=\/wp\/v2\/types\/post"}],"author":[{"embeddable":true,"href":"https:\/\/sincomavi.org.br\/index.php?rest_route=\/wp\/v2\/users\/1"}],"replies":[{"embeddable":true,"href":"https:\/\/sincomavi.org.br\/index.php?rest_route=%2Fwp%2Fv2%2Fcomments&post=12813"}],"version-history":[{"count":1,"href":"https:\/\/sincomavi.org.br\/index.php?rest_route=\/wp\/v2\/posts\/12813\/revisions"}],"predecessor-version":[{"id":12815,"href":"https:\/\/sincomavi.org.br\/index.php?rest_route=\/wp\/v2\/posts\/12813\/revisions\/12815"}],"wp:featuredmedia":[{"embeddable":true,"href":"https:\/\/sincomavi.org.br\/index.php?rest_route=\/wp\/v2\/media\/12814"}],"wp:attachment":[{"href":"https:\/\/sincomavi.org.br\/index.php?rest_route=%2Fwp%2Fv2%2Fmedia&parent=12813"}],"wp:term":[{"taxonomy":"category","embeddable":true,"href":"https:\/\/sincomavi.org.br\/index.php?rest_route=%2Fwp%2Fv2%2Fcategories&post=12813"},{"taxonomy":"post_tag","embeddable":true,"href":"https:\/\/sincomavi.org.br\/index.php?rest_route=%2Fwp%2Fv2%2Ftags&post=12813"}],"curies":[{"name":"wp","href":"https:\/\/api.w.org\/{rel}","templated":true}]}}