{"id":12789,"date":"2024-11-14T09:49:56","date_gmt":"2024-11-14T12:49:56","guid":{"rendered":"https:\/\/sincomavi.org.br\/?p=12789"},"modified":"2024-11-14T09:56:48","modified_gmt":"2024-11-14T12:56:48","slug":"vendas-de-material-de-construcao-tem-o-2o-melhor-resultado-do-ano-em-sp","status":"publish","type":"post","link":"https:\/\/sincomavi.org.br\/?p=12789","title":{"rendered":"Vendas de material de constru\u00e7\u00e3o t\u00eam o 2\u00ba melhor resultado do ano"},"content":{"rendered":"\n<hr class=\"wp-block-separator has-alpha-channel-opacity is-style-default\"\/>\n\n\n<div class=\"wp-block-post-date\"><time datetime=\"2024-11-14T09:49:56-03:00\">14 de novembro de 2024<\/time><\/div>\n\n\n<p>Pelo quarto m\u00eas seguido, o volume de vendas do com\u00e9rcio de material de constru\u00e7\u00e3o do Estado de S\u00e3o Paulo apresentou um avan\u00e7o em rela\u00e7\u00e3o ao mesmo per\u00edodo de 2023. Em setembro o crescimento foi de 13% &#8211; a segunda maior oscila\u00e7\u00e3o positiva mensal de 2024, atr\u00e1s apenas da registrada em abril&nbsp; (20,7%). No \u00e2mbito nacional, a evolu\u00e7\u00e3o ficou em 9,4% no per\u00edodo, o que representa quase o dobro da obtida em agosto e a terceira maior do ano.&nbsp;<\/p>\n\n\n\n<p class=\"has-text-align-center\"><strong>Evolu\u00e7\u00e3o mensal do \u00edndice de volume de vendas do com\u00e9rcio de material de constru\u00e7\u00e3o \u2013 M\u00eas contra mesmo m\u00eas do ano anterior<\/strong><\/p>\n\n\n\n<p class=\"has-text-align-center\"><img loading=\"lazy\" decoding=\"async\" width=\"571\" height=\"375\" src=\"https:\/\/lh7-rt.googleusercontent.com\/docsz\/AD_4nXfKvyOldjcx1_531uwsHzd8PqpM1gfGiLrdmXpk9WkUVhB6ojdTdtOHh5uHd9Nj5CRO2HmOjph-QHOQUCAsqurF9KoL6V2slNVGTof49OeITWs8W3XFN5MQLHeIKJyGjDmxlnHULC3hiyezU9kPSjcU9NX3dm5UWJ_kR4PSHjBC2PPEJBNsdM8?key=w6eOERH8RE2Jzkdi4wInroNb\"><\/p>\n\n\n\n<p class=\"has-text-align-right\"><strong>Fonte: PMC\/IBGE<\/strong><\/p>\n\n\n\n<p>\u201cCom o significativo resultado de setembro, que inclusive contrap\u00f4s o desempenho negativo visto no mesmo m\u00eas do ano passado, a taxa acumulada do volume de vendas do com\u00e9rcio de material de constru\u00e7\u00e3o na economia paulista em 12 meses saltou para 4,2%, a maior desde os doze meses encerrados em dezembro de 2021\u201d, destaca o economista Jaime Vasconcellos.&nbsp;<\/p>\n\n\n\n<p class=\"has-text-align-center\"><strong>Evolu\u00e7\u00e3o do \u00edndice de volume de vendas do com\u00e9rcio de material de constru\u00e7\u00e3o do Estado de S\u00e3o Paulo \u2013 Taxa acumulada de 12 meses<\/strong><\/p>\n\n\n\n<p class=\"has-text-align-center\"><img loading=\"lazy\" decoding=\"async\" width=\"565\" height=\"370\" src=\"https:\/\/lh7-rt.googleusercontent.com\/docsz\/AD_4nXcWLwt6fPxdsZPtZk6rw1NudcvD_rBP9Vm2I-4Rk8-8PlHa7VFnILdyq_l3IAM0LcvyHvM36yjnM3siYoB5VRmHjE4YDM11L9Ty2tgbEX0IxfQv3Fn7gAYtoD4fV9fxuSZcwu6glk-xCUo8I4jmX4jvsLbQ5IBdBonGW-V-HrmlOV2ErDAkZtU?key=w6eOERH8RE2Jzkdi4wInroNb\"><\/p>\n\n\n\n<p class=\"has-text-align-right\"><strong>Fonte: PMC\/IBGE<\/strong><\/p>\n\n\n\n<p>Para Jaime, os n\u00fameros do \u00faltimo quadrimestre consolidam o cen\u00e1rio de retomada dos bons n\u00fameros do com\u00e9rcio de material de constru\u00e7\u00e3o no Estado de S\u00e3o Paulo em 2024. \u201c\u00c9 importante ressaltar que comparamos este ano com o oscilante 2023, mas n\u00e3o se nega que os n\u00fameros positivos do setor s\u00e3o respostas ao fortalecimento da demanda com a resili\u00eancia do mercado de trabalho, com uma infla\u00e7\u00e3o que se n\u00e3o \u00e9 a desejada, mas mant\u00e9m-se comportada, e com uma expans\u00e3o do cr\u00e9dito, a despeito de ainda convivermos com taxas desafiadoras\u201d.&nbsp;&nbsp;<\/p>\n\n\n\n<p>Em sua opini\u00e3o, \u00e9 dif\u00edcil conseguir sustentar a taxa de crescimento de setembro para os pr\u00f3ximos meses. \u201cInclusive, j\u00e1 alertamos que para o m\u00e9dio prazo o recrudescimento da infla\u00e7\u00e3o e, consequentemente dos juros, tende a ser um freio\u201d. Todavia, ele v\u00ea ainda com otimismo a manuten\u00e7\u00e3o do desempenho da atual demanda e consequentemente do setor para per\u00edodos mais curtos.&nbsp;<\/p>\n\n\n\n<p>OBS: O Volume de Vendas observado pela PMC resulta da defla\u00e7\u00e3o dos valores nominais correntes da receita bruta de revenda por \u00edndices de pre\u00e7os espec\u00edficos para cada grupo de atividade, e para cada Unidade da Federa\u00e7\u00e3o, constru\u00eddos a partir dos relativos de pre\u00e7os do IPCA e do Sistema Nacional de Pesquisa de Custos e \u00cdndices da Constru\u00e7\u00e3o Civil \u2013 SINAPI. A pesquisa tamb\u00e9m avalia apenas empresas com 20 ocupados ou mais.\u00a0<\/p>\n\n\n\n<hr class=\"wp-block-separator has-alpha-channel-opacity is-style-default\"\/>\n","protected":false},"excerpt":{"rendered":"<p>Pelo quarto m\u00eas seguido, o volume de vendas do com\u00e9rcio de material de constru\u00e7\u00e3o do Estado de S\u00e3o Paulo apresentou um avan\u00e7o em rela\u00e7\u00e3o ao mesmo per\u00edodo de 2023. Em setembro o crescimento foi de 13% &#8211; a segunda maior oscila\u00e7\u00e3o positiva mensal de 2024, atr\u00e1s apenas da registrada em abril&nbsp; (20,7%). No \u00e2mbito nacional, [&hellip;]<\/p>\n","protected":false},"author":1,"featured_media":12790,"comment_status":"closed","ping_status":"open","sticky":false,"template":"","format":"standard","meta":{"tdm_status":"","tdm_grid_status":"","footnotes":""},"categories":[153],"tags":[199,156,632,331,620,158,160,665,1505,200,75],"class_list":["post-12789","post","type-post","status-publish","format-standard","has-post-thumbnail","hentry","category-noticias","tag-comercio","tag-economia","tag-estudo-setorial","tag-inflacao","tag-levantamento","tag-material-de-construcao","tag-pesquisa","tag-pesquisa-mensal-do-comercio","tag-pmc-ibge-2","tag-varejo","tag-vendas"],"amp_enabled":true,"_links":{"self":[{"href":"https:\/\/sincomavi.org.br\/index.php?rest_route=\/wp\/v2\/posts\/12789","targetHints":{"allow":["GET"]}}],"collection":[{"href":"https:\/\/sincomavi.org.br\/index.php?rest_route=\/wp\/v2\/posts"}],"about":[{"href":"https:\/\/sincomavi.org.br\/index.php?rest_route=\/wp\/v2\/types\/post"}],"author":[{"embeddable":true,"href":"https:\/\/sincomavi.org.br\/index.php?rest_route=\/wp\/v2\/users\/1"}],"replies":[{"embeddable":true,"href":"https:\/\/sincomavi.org.br\/index.php?rest_route=%2Fwp%2Fv2%2Fcomments&post=12789"}],"version-history":[{"count":2,"href":"https:\/\/sincomavi.org.br\/index.php?rest_route=\/wp\/v2\/posts\/12789\/revisions"}],"predecessor-version":[{"id":12792,"href":"https:\/\/sincomavi.org.br\/index.php?rest_route=\/wp\/v2\/posts\/12789\/revisions\/12792"}],"wp:featuredmedia":[{"embeddable":true,"href":"https:\/\/sincomavi.org.br\/index.php?rest_route=\/wp\/v2\/media\/12790"}],"wp:attachment":[{"href":"https:\/\/sincomavi.org.br\/index.php?rest_route=%2Fwp%2Fv2%2Fmedia&parent=12789"}],"wp:term":[{"taxonomy":"category","embeddable":true,"href":"https:\/\/sincomavi.org.br\/index.php?rest_route=%2Fwp%2Fv2%2Fcategories&post=12789"},{"taxonomy":"post_tag","embeddable":true,"href":"https:\/\/sincomavi.org.br\/index.php?rest_route=%2Fwp%2Fv2%2Ftags&post=12789"}],"curies":[{"name":"wp","href":"https:\/\/api.w.org\/{rel}","templated":true}]}}