{"id":12764,"date":"2024-11-07T15:50:12","date_gmt":"2024-11-07T18:50:12","guid":{"rendered":"https:\/\/sincomavi.org.br\/?p=12764"},"modified":"2024-11-07T15:50:43","modified_gmt":"2024-11-07T18:50:43","slug":"redes-sociais-porta-de-entrada-para-os-seus-negocios","status":"publish","type":"post","link":"https:\/\/sincomavi.org.br\/?p=12764","title":{"rendered":"Redes sociais: porta de entrada para o seu neg\u00f3cio"},"content":{"rendered":"\n<hr class=\"wp-block-separator has-alpha-channel-opacity is-style-default\"\/>\n\n\n<div class=\"wp-block-post-date\"><time datetime=\"2024-11-07T15:50:12-03:00\">7 de novembro de 2024<\/time><\/div>\n\n\n<p>O Brasil \u00e9 um dos pa\u00edses que conta com maior n\u00famero de usu\u00e1rios de redes sociais do mundo. Dados do Relat\u00f3rio Digital 2024 da <a href=\"https:\/\/datareportal.com\/\" target=\"_blank\" rel=\"noreferrer noopener\"><strong>DataReportal <\/strong><\/a>revelam que essa participa\u00e7\u00e3o alcan\u00e7a\u00a0 a casa dos 165 milh\u00f5es de pessoas &#8211; o que faz o mercado nacional ocupar o terceiro lugar.<\/p>\n\n\n\n<p>Isso representa um imenso campo para quem deseja comprar e vender produtos e servi\u00e7os. No entanto, como lembra Frederico Burlamaqui, especialista em marketing e estrat\u00e9gia de neg\u00f3cios, para cada plataforma, \u00e9 necess\u00e1rio adotar uma abordagem espec\u00edfica. Isso porque uma estrat\u00e9gia \u00fanica para todas as redes n\u00e3o ser\u00e1 capaz de trazer os resultados esperados, pois esses canais possuem linguagens pr\u00f3prias e p\u00fablicos diferentes. \u201cNesse ponto, \u00e9 importante entender que a personaliza\u00e7\u00e3o da estrat\u00e9gia para cada plataforma \u00e9 a chave do sucesso\u201d, adverte. E, para definir a melhor estrat\u00e9gia para esses ambientes, nada melhor do que conhecer o seu p\u00fablico e suas caracter\u00edsticas b\u00e1sicas.<\/p>\n\n\n\n<ul class=\"wp-block-list\">\n<li><a href=\"https:\/\/datareportal.com\/\" target=\"_blank\" rel=\"noreferrer noopener\"><strong>TikTok\u00a0<\/strong><\/a><\/li>\n<\/ul>\n\n\n\n<p>98,6 milh\u00f5es de usu\u00e1rios no Brasil.<br>P\u00fablico: 35% entre 18 e 24 anos.\u00a0<br>> engajamento r\u00e1pido.<br>> v\u00eddeos curtos e divertidos.<\/p>\n\n\n\n<ul class=\"wp-block-list\">\n<li><a href=\"https:\/\/x.com\/home\" target=\"_blank\" rel=\"noreferrer noopener\"><strong>X (antigo Twitter)\u00a0<\/strong><\/a><\/li>\n<\/ul>\n\n\n\n<p>22 milh\u00f5es de usu\u00e1rios no Brasil.<br>P\u00fablico: 57% entre 18 a 34 anos.<br>> linguagem direta.<\/p>\n\n\n\n<ul class=\"wp-block-list\">\n<li><a href=\"https:\/\/www.instagram.com\/\" target=\"_blank\" rel=\"noreferrer noopener\"><strong>Instagram<\/strong><\/a><\/li>\n<\/ul>\n\n\n\n<p>134,6 milh\u00f5es de usu\u00e1rios no Brasil.<br>P\u00fablico: 64% entre 18 e 34 anos.<br>> 91% das marcas est\u00e3o presentes.<br>> plataforma visual: exige fotos e v\u00eddeos com qualidade.\u00a0<\/p>\n\n\n\n<ul class=\"wp-block-list\">\n<li><a href=\"http:\/\/www.facebook.com\" target=\"_blank\" rel=\"noreferrer noopener\"><strong>Facebook<\/strong><\/a><\/li>\n<\/ul>\n\n\n\n<p>111,3 milh\u00f5es de usu\u00e1rios no Brasil.<br>P\u00fablico: 48,6% entre 25 e 44 anos.<br>> Comunidades.<br>> Intera\u00e7\u00e3o com p\u00fablico mais maduro.<\/p>\n\n\n\n<ul class=\"wp-block-list\">\n<li><a href=\"http:\/\/www.linkedin.com\" target=\"_blank\" rel=\"noreferrer noopener\"><strong>LinkedIn<\/strong><\/a><\/li>\n<\/ul>\n\n\n\n<p>75 milh\u00f5es de usu\u00e1rios no Brasil.<br>P\u00fablico: 51% entre 28 e 43 anos.<br>> perfil corporativo<\/p>\n\n\n\n<h2 class=\"wp-block-heading\">Atra\u00e7\u00e3o<\/h2>\n\n\n\n<p>Frederico comenta que, al\u00e9m de estar presente nas plataformas certas, o ideal \u00e9 seguir um receitu\u00e1rio m\u00ednimo para aumentar a possibilidade de captar novos clientes, como: conte\u00fado de qualidade e relevante, que agregue valor ao p\u00fablico-alvo; intera\u00e7\u00e3o constante, com respostas a coment\u00e1rios e cria\u00e7\u00e3o de enquetes; parcerias com influenciadores, indicado principalmente para Instagram e TikTok; e, por fim, an\u00e1lise de dados &#8211; monitoramento constante para poss\u00edveis corre\u00e7\u00f5es e ajustes.&nbsp;<\/p>\n\n\n\n<p>No caso da utiliza\u00e7\u00e3o de personalidades e influenciadores, tal fato ocorre em raz\u00e3o do maior n\u00edvel de sucesso obtido pelas marcas nas redes sociais. A Pesquisa \u201cState Of Creator Marketing Trends and Trajectory 2024-2025\u201d verificou que 94% das empresas consultadas acreditam que o conte\u00fado de influenciadores gera mais retorno sobre o investimento (ROI) do que os an\u00fancios tradicionais digitais, aumento de 20% em rela\u00e7\u00e3o ao ano de 2023. Esse estudo, feito pela CreatorIQ em parceria com a Sapio Research, consultou 1.138 pessoas, representando 457 marcas, 445 ag\u00eancias e 231 criadores de 17 setores diferentes.<\/p>\n\n\n\n<p>Outro dado coletado foi o aumento no valor investido em \u201c<a href=\"https:\/\/www.brandlovrs.com\/blog\/o-que-e-creator-marketing\" target=\"_blank\" rel=\"noreferrer noopener\"><strong>creator marketing<\/strong><\/a>\u201d &#8211; 143% nos \u00faltimos quatro anos. A maior parte dos recursos est\u00e1 ligada \u00e0s grandes corpora\u00e7\u00f5es, que relataram uma m\u00e9dia de 1,7 milh\u00e3o de d\u00f3lares de investimento em marketing com criadores.\u00a0<\/p>\n\n\n\n<p>Fabio Gon\u00e7alves,diretor de talentos Internacionais da <a href=\"https:\/\/www.viralnation.com\/\" target=\"_blank\" rel=\"noreferrer noopener\"><strong>Viral Nation<\/strong><\/a>, explica que o conte\u00fado de influenciadores vem sendo o mais eficiente em campanhas de marketing por proporcionar maior autenticidade, o que acaba sendo valorizado pelo p\u00fablico moderno. \u201cDiferente dos an\u00fancios tradicionais, os conte\u00fados de influenciadores t\u00eam o poder de atingir p\u00fablicos muito espec\u00edficos, com uma linguagem personalizada\u201d, ressalta. E complementa: \u201cquando um seguidor interage com um influenciador, ele n\u00e3o est\u00e1 apenas visualizando uma publicidade; ele est\u00e1 dialogando com algu\u00e9m que entende suas necessidades, o que eleva o engajamento e aumenta significativamente o retorno sobre o investimento\u201d.<\/p>\n\n\n\n<h2 class=\"wp-block-heading\">Mais recursos<\/h2>\n\n\n\n<p>A m\u00eddia program\u00e1tica tamb\u00e9m pode ser uma grande aliada das empresas na hora de explorar todo o potencial das redes sociais. Os valores que dever\u00e3o ser investidos at\u00e9 2026, segundo pesquisa do <a href=\"https:\/\/www.statista.com\/\" target=\"_blank\" rel=\"noreferrer noopener\"><strong>Statista<\/strong><\/a>, expressam com precis\u00e3o a expectativa criada em rela\u00e7\u00e3o a essa ferramenta: R$ 725 bilh\u00f5es.<\/p>\n\n\n\n<p>O principal trunfo da m\u00eddia program\u00e1tica \u00e9 automatizar a compra e venda de espa\u00e7os publicit\u00e1rios online, tornando as campanhas mais eficientes e direcionadas. Isso ocorre em fun\u00e7\u00e3o do an\u00fancio ser exibido para p\u00fablicos altamente espec\u00edficos. \u201cProvavelmente, voc\u00ea j\u00e1 se deparou com m\u00eddia program\u00e1tica diversas vezes, seja na sua timeline no Facebook, nos stories do Instagram ou em banners antes de v\u00eddeos no YouTube\u201d, afirma Douglas Baccan, CEO da<a href=\"https:\/\/joinads.me\/\" target=\"_blank\" rel=\"noreferrer noopener\"> <strong>Join Ads<\/strong>.<\/a> Ele lembra ainda que o novo perfil do consumidor, cada vez mais digital, exige que as marcas sejam estrat\u00e9gicas. \u201cN\u00e3o basta anunciar em qualquer lugar e com alta frequ\u00eancia, \u00e9 necess\u00e1rio estudo e conhecimento sobre o comportamento do p\u00fablico para evitar desgastar o consumidor com an\u00fancios repetitivos\u201d, finaliza.<\/p>\n\n\n\n<hr class=\"wp-block-separator has-alpha-channel-opacity is-style-default\"\/>\n","protected":false},"excerpt":{"rendered":"<p>O Brasil \u00e9 um dos pa\u00edses que conta com maior n\u00famero de usu\u00e1rios de redes sociais do mundo. Dados do Relat\u00f3rio Digital 2024 da DataReportal revelam que essa participa\u00e7\u00e3o alcan\u00e7a\u00a0 a casa dos 165 milh\u00f5es de pessoas &#8211; o que faz o mercado nacional ocupar o terceiro lugar. Isso representa um imenso campo para quem [&hellip;]<\/p>\n","protected":false},"author":1,"featured_media":12766,"comment_status":"closed","ping_status":"open","sticky":false,"template":"","format":"standard","meta":{"tdm_status":"","tdm_grid_status":"","footnotes":""},"categories":[153],"tags":[199,156,620,182,59,160,167,200,75],"class_list":["post-12764","post","type-post","status-publish","format-standard","has-post-thumbnail","hentry","category-noticias","tag-comercio","tag-economia","tag-levantamento","tag-marketing","tag-marketing-digital","tag-pesquisa","tag-redes-sociais","tag-varejo","tag-vendas"],"amp_enabled":true,"_links":{"self":[{"href":"https:\/\/sincomavi.org.br\/index.php?rest_route=\/wp\/v2\/posts\/12764","targetHints":{"allow":["GET"]}}],"collection":[{"href":"https:\/\/sincomavi.org.br\/index.php?rest_route=\/wp\/v2\/posts"}],"about":[{"href":"https:\/\/sincomavi.org.br\/index.php?rest_route=\/wp\/v2\/types\/post"}],"author":[{"embeddable":true,"href":"https:\/\/sincomavi.org.br\/index.php?rest_route=\/wp\/v2\/users\/1"}],"replies":[{"embeddable":true,"href":"https:\/\/sincomavi.org.br\/index.php?rest_route=%2Fwp%2Fv2%2Fcomments&post=12764"}],"version-history":[{"count":2,"href":"https:\/\/sincomavi.org.br\/index.php?rest_route=\/wp\/v2\/posts\/12764\/revisions"}],"predecessor-version":[{"id":12767,"href":"https:\/\/sincomavi.org.br\/index.php?rest_route=\/wp\/v2\/posts\/12764\/revisions\/12767"}],"wp:featuredmedia":[{"embeddable":true,"href":"https:\/\/sincomavi.org.br\/index.php?rest_route=\/wp\/v2\/media\/12766"}],"wp:attachment":[{"href":"https:\/\/sincomavi.org.br\/index.php?rest_route=%2Fwp%2Fv2%2Fmedia&parent=12764"}],"wp:term":[{"taxonomy":"category","embeddable":true,"href":"https:\/\/sincomavi.org.br\/index.php?rest_route=%2Fwp%2Fv2%2Fcategories&post=12764"},{"taxonomy":"post_tag","embeddable":true,"href":"https:\/\/sincomavi.org.br\/index.php?rest_route=%2Fwp%2Fv2%2Ftags&post=12764"}],"curies":[{"name":"wp","href":"https:\/\/api.w.org\/{rel}","templated":true}]}}