{"id":12749,"date":"2024-11-06T08:59:00","date_gmt":"2024-11-06T11:59:00","guid":{"rendered":"https:\/\/sincomavi.org.br\/?p=12749"},"modified":"2024-11-05T16:00:25","modified_gmt":"2024-11-05T19:00:25","slug":"pesquisa-da-fecomerciosp-mostra-queda-na-confianca-do-consumidor","status":"publish","type":"post","link":"https:\/\/sincomavi.org.br\/?p=12749","title":{"rendered":"Pesquisa da FecomercioSP mostra queda na confian\u00e7a do consumidor"},"content":{"rendered":"\n<hr class=\"wp-block-separator has-alpha-channel-opacity is-style-default\"\/>\n\n\n<div class=\"wp-block-post-date\"><time datetime=\"2024-11-06T08:59:00-03:00\">6 de novembro de 2024<\/time><\/div>\n\n\n<p>O final de ano \u00e9 sempre um per\u00edodo capaz de criar bastante expectativa para os empres\u00e1rios do varejo em fun\u00e7\u00e3o da possibilidade de aumento nas vendas e nos lucros, com Black Friday, Natal e Ano Novo. No entanto, diante da situa\u00e7\u00e3o inst\u00e1vel da economia brasileira, muitos consumidores n\u00e3o se mostram muito otimistas. \u00c9 o que mostra o \u00cdndice de Confian\u00e7a do Consumidor (ICC), pesquisa realizada pela Federa\u00e7\u00e3o do Com\u00e9rcio de Bens, Servi\u00e7os e Turismo do Estado de S\u00e3o Paulo (FecomercioSP), que contou com recuo de 8,9%, em outubro, quando comparado ao mesmo per\u00edodo do ano passado. O indicador caiu de 132,8 pontos em 2023 para 121 pontos neste ano. No comparativo mensal, a retra\u00e7\u00e3o foi de 1,8%&nbsp;<\/p>\n\n\n\n<p class=\"has-text-align-center\"><br><strong>\u00cdNDICE DE CONFIAN\u00c7A DO CONSUMIDOR (ICC)<br>12 meses<\/strong><\/p>\n\n\n\n<p class=\"has-text-align-center\"><img loading=\"lazy\" decoding=\"async\" src=\"https:\/\/lh7-rt.googleusercontent.com\/docsz\/AD_4nXdN-XC6RtJ1S_yUoRSHLsByVXjEMUhZKLoIiepMynsDVtMyIQTEApxlWjLrDIEHVM32Zxdr3mKnoBKHHilN8CQ-H2CLRNxWszz_IKzhXDrz8sTfCv6ij4SQsvGQh2WcU4sDxth_X0Q4iIzcRKJk3Eu32vnizUM_D23EGaQgbA?key=3FvJCKhn95KI6vX9AkeMLliS\" width=\"624\" height=\"248\"><\/p>\n\n\n\n<p class=\"has-text-align-right\"><strong>Fonte: FecomercioSP<\/strong><\/p>\n\n\n\n<p>A Inten\u00e7\u00e3o de Consumo das Fam\u00edlias (ICF), \u00edndice tamb\u00e9m produzido pela FecomercioSP, teve igualmente um desempenho frustrante: queda de 6,8% em rela\u00e7\u00e3o ao mesmo m\u00eas do ano passado, chegando a 104,8 pontos. Na compara\u00e7\u00e3o mensal, o ICF&nbsp; apresentou uma retra\u00e7\u00e3o de 1,1% &#8211; cen\u00e1rio que revela um consumidor mais cauteloso, principalmente entre as fam\u00edlias de menor renda.&nbsp;<\/p>\n\n\n\n<p class=\"has-text-align-center\"><strong>\u00cdNDICE DE CONSUMO DAS FAM\u00cdLIAS (ICF)<br>12 meses<\/strong><\/p>\n\n\n\n<p class=\"has-text-align-center\"><img loading=\"lazy\" decoding=\"async\" width=\"624\" height=\"251\" src=\"https:\/\/lh7-rt.googleusercontent.com\/docsz\/AD_4nXexkyrYH3G4ievXeF_6tPIv3fvk56fxNags8mgoeyQ5NziVRh7HHL9Vxq2CNTIErrggzJeIrSi8Gt5VpdV_z0t_qHkph_ygX14dK3M_ONLCt2vEDoa3FBoHoIgu8oOb1jjsMsRi3yJy6yNzR58fKf4grP7EvJKsest-SLk4rg?key=3FvJCKhn95KI6vX9AkeMLliS\"><\/p>\n\n\n\n<p class=\"has-text-align-right\"><strong>Fonte: FecomercioSP<\/strong><\/p>\n\n\n\n<p>Para a FecomercioSP, os indicadores refletem uma transi\u00e7\u00e3o do cen\u00e1rio econ\u00f4mico que contrasta com o otimismo observado no per\u00edodo p\u00f3s-pandemia, marcado pela recupera\u00e7\u00e3o econ\u00f4mica e por est\u00edmulos fiscais. \u201cAl\u00e9m disso, o aumento da Selic e o encarecimento do cr\u00e9dito t\u00eam enfraquecido o consumo, em especial entre as fam\u00edlias menos abastadas\u201d.&nbsp;&nbsp;<\/p>\n\n\n\n<p>Por essa raz\u00e3o, os empres\u00e1rios do setor precisam adaptar suas estrat\u00e9gias no final do ano, principalmente quando os assuntos s\u00e3o promo\u00e7\u00f5es, liquida\u00e7\u00f5es e gest\u00e3o de estoques, uma vez que existe mais cautela por parte das pessoas em rela\u00e7\u00e3o ao futuro. \u201cMesmo com a infla\u00e7\u00e3o e o n\u00edvel de desemprego controlados, al\u00e9m das expectativas do consumo desse per\u00edodo (com a Black Friday e o Natal), h\u00e1 uma queda da confian\u00e7a dos consumidores em decorr\u00eancia da incerteza acerca do cen\u00e1rio econ\u00f4mico, inclusive de poss\u00edveis ajustes na pol\u00edtica monet\u00e1ria\u201d, alerta o estudo da entidade.<\/p>\n\n\n\n<hr class=\"wp-block-separator has-alpha-channel-opacity is-style-default\"\/>\n","protected":false},"excerpt":{"rendered":"<p>O final de ano \u00e9 sempre um per\u00edodo capaz de criar bastante expectativa para os empres\u00e1rios do varejo em fun\u00e7\u00e3o da possibilidade de aumento nas vendas e nos lucros, com Black Friday, Natal e Ano Novo. No entanto, diante da situa\u00e7\u00e3o inst\u00e1vel da economia brasileira, muitos consumidores n\u00e3o se mostram muito otimistas. \u00c9 o que [&hellip;]<\/p>\n","protected":false},"author":1,"featured_media":12751,"comment_status":"closed","ping_status":"open","sticky":false,"template":"","format":"standard","meta":{"tdm_status":"","tdm_grid_status":"","footnotes":""},"categories":[153],"tags":[199,204,205,156,632,620,160,200,75],"class_list":["post-12749","post","type-post","status-publish","format-standard","has-post-thumbnail","hentry","category-noticias","tag-comercio","tag-confianca","tag-consumidor","tag-economia","tag-estudo-setorial","tag-levantamento","tag-pesquisa","tag-varejo","tag-vendas"],"amp_enabled":true,"_links":{"self":[{"href":"https:\/\/sincomavi.org.br\/index.php?rest_route=\/wp\/v2\/posts\/12749","targetHints":{"allow":["GET"]}}],"collection":[{"href":"https:\/\/sincomavi.org.br\/index.php?rest_route=\/wp\/v2\/posts"}],"about":[{"href":"https:\/\/sincomavi.org.br\/index.php?rest_route=\/wp\/v2\/types\/post"}],"author":[{"embeddable":true,"href":"https:\/\/sincomavi.org.br\/index.php?rest_route=\/wp\/v2\/users\/1"}],"replies":[{"embeddable":true,"href":"https:\/\/sincomavi.org.br\/index.php?rest_route=%2Fwp%2Fv2%2Fcomments&post=12749"}],"version-history":[{"count":1,"href":"https:\/\/sincomavi.org.br\/index.php?rest_route=\/wp\/v2\/posts\/12749\/revisions"}],"predecessor-version":[{"id":12750,"href":"https:\/\/sincomavi.org.br\/index.php?rest_route=\/wp\/v2\/posts\/12749\/revisions\/12750"}],"wp:featuredmedia":[{"embeddable":true,"href":"https:\/\/sincomavi.org.br\/index.php?rest_route=\/wp\/v2\/media\/12751"}],"wp:attachment":[{"href":"https:\/\/sincomavi.org.br\/index.php?rest_route=%2Fwp%2Fv2%2Fmedia&parent=12749"}],"wp:term":[{"taxonomy":"category","embeddable":true,"href":"https:\/\/sincomavi.org.br\/index.php?rest_route=%2Fwp%2Fv2%2Fcategories&post=12749"},{"taxonomy":"post_tag","embeddable":true,"href":"https:\/\/sincomavi.org.br\/index.php?rest_route=%2Fwp%2Fv2%2Ftags&post=12749"}],"curies":[{"name":"wp","href":"https:\/\/api.w.org\/{rel}","templated":true}]}}