{"id":12741,"date":"2024-11-05T10:14:26","date_gmt":"2024-11-05T13:14:26","guid":{"rendered":"https:\/\/sincomavi.org.br\/?p=12741"},"modified":"2024-11-05T10:17:20","modified_gmt":"2024-11-05T13:17:20","slug":"desconto-encontro-tematico-ibevar-fia-aborda-o-retail-media","status":"publish","type":"post","link":"https:\/\/sincomavi.org.br\/?p=12741","title":{"rendered":"*Desconto* | Encontro tem\u00e1tico IBEVAR-FIA aborda o Retail Media"},"content":{"rendered":"\n<hr class=\"wp-block-separator has-alpha-channel-opacity is-style-default\"\/>\n\n\n<div class=\"wp-block-post-date\"><time datetime=\"2024-11-05T10:14:26-03:00\">5 de novembro de 2024<\/time><\/div>\n\n\n<p>Uma das principais tend\u00eancias do mercado varejista mundial \u00e9 o <a href=\"https:\/\/www.nexaas.com\/blog\/o-que-e-retail-media\" target=\"_blank\" rel=\"noreferrer noopener\"><strong>Retail Media<\/strong><\/a>. Para elucidar todos os detalhes do assunto e as oportunidades abertas aos empres\u00e1rios do com\u00e9rcio, o IBEVAR &#8211; Instituto Brasileiro de Executivos de Varejo e a FIA Business School programaram para 26 de novembro de 2024, com o apoio do Sincomavi, o 8\u00ba Encontro Tem\u00e1tico IBEVAR-FIA.<\/p>\n\n\n\n<p>Vale lembrar que o evento \u00e9 presencial e limitado a apenas 100 participantes. <strong>As empresas representadas pelo Sincomavi t\u00eam direito a desconto de 50% no ingresso. E, para tanto, \u00e9 preciso seguir o passo a passo reproduzido no final da p\u00e1gina.<\/strong><\/p>\n\n\n\n<h4 class=\"wp-block-heading\"><strong>Presen\u00e7as confirmadas<\/strong><\/h4>\n\n\n\n<ul class=\"wp-block-list\">\n<li><strong>Edmour Saiani<\/strong>, S\u00f3cio fundador do Ponto de Refer\u00eancia e Especialista em Gest\u00e3o e Cultura de Atendimento;<\/li>\n\n\n\n<li><strong>Renato Domingues<\/strong>, Head de Vendas e Ag\u00eancias da Magalu Ads;<\/li>\n\n\n\n<li><strong>Ricardo Vieira<\/strong>, CEO do Clube do Varejo e Fundador da Associa\u00e7\u00e3o Brasileira de Retail Media (ABRAMEDIA);<\/li>\n\n\n\n<li><strong>Rodrigo Farah<\/strong>, Head da \u00e1rea de Marca e Live Commerce da Shopee;<\/li>\n\n\n\n<li><strong>Teresa Cristina Charotta<\/strong>, Diretora Executiva do IBEVAR e Head Business Unit Abertos e In Company da Fia &#8211; Labfin.Provar;<\/li>\n\n\n\n<li><strong>Theodoro Tortoro<\/strong>, Diretor de Marketing do Rold\u00e3o Atacadista.<\/li>\n<\/ul>\n\n\n\n<p><strong>8\u00ba Encontro Tem\u00e1tico IBEVAR-FIA<\/strong><br><strong>Data:<\/strong> 26\/11\/2024 (Ter\u00e7a-feira)<br><strong>Hor\u00e1rio:<\/strong> 08h30 \u00e0s 12h30<br><strong>Local:<\/strong> Audit\u00f3rio FIA BUSINESS SCHOOL<br>Av. Dra. Ruth Cardoso, 7221 \u2013 Pinheiros \/ SP<\/p>\n\n\n\n<div style=\"height:52px\" aria-hidden=\"true\" class=\"wp-block-spacer\"><\/div>\n\n\n\n<h2 class=\"wp-block-heading has-text-align-center has-white-color has-luminous-vivid-orange-background-color has-text-color has-background has-link-color wp-elements-d8a5857d06e6ed526d015310801311a7\"><strong>GARANTA O SEU INGRESSO COM DESCONTO<\/strong><\/h2>\n\n\n\n<p class=\"has-text-align-center\"><strong><mark style=\"background-color:#fcb900\" class=\"has-inline-color\">PASSO 1&nbsp;&nbsp;<\/mark><\/strong><\/p>\n\n\n\n<p class=\"has-text-align-center\">&nbsp;Entrar no link da Sympla Presencial: <a href=\"https:\/\/www.sympla.com.br\/evento\/8-encontro-tematico-ibevar-fia\/2719956\">https:\/\/www.sympla.com.br\/evento\/8-encontro-tematico-ibevar-fia\/2719956<\/a><\/p>\n\n\n\n<p class=\"has-text-align-center\"><img loading=\"lazy\" decoding=\"async\" width=\"567\" height=\"304\" src=\"https:\/\/lh7-rt.googleusercontent.com\/docsz\/AD_4nXfy9P47xeZGFWfXem2Jh-n78FZsmUDYSgfWTqeiDhQ8fLHPjp-tCTHCIhc8HO6btkndEfO7AyNqOfYGcoWffm9xWveI_VM0UEsfg3hay7Nx0pYf7-IKR-6NN51HdjLZ6zdt8FovrbXpgIQF4abtZjlMsskS?key=mdXhXPFct6v8bFuL589a4E4a\" alt=\"Interface gr\u00e1fica do usu\u00e1rio, Texto, chat ou mensagem de texto\n\nDescri\u00e7\u00e3o gerada automaticamente\"><\/p>\n\n\n\n<p class=\"has-text-align-center\"><strong><mark style=\"background-color:#fcb900\" class=\"has-inline-color\">PASSO 2&nbsp;&nbsp;<\/mark><\/strong><\/p>\n\n\n\n<p class=\"has-text-align-center\">&nbsp;Gerar o ingresso com desconto com o c\u00f3digo abaixo &nbsp;<\/p>\n\n\n\n<figure class=\"wp-block-table\"><table><tbody><tr><td><strong>8ENCONTROTEMATICO50<\/strong><\/td><td><strong>50,00 %<\/strong><\/td><\/tr><\/tbody><\/table><\/figure>\n\n\n\n<p class=\"has-text-align-center\">Inserir esse c\u00f3digo no bot\u00e3o &#8211; APLICAR C\u00d3DIGO PROMOCIONAL no quadro<\/p>\n\n\n\n<p class=\"has-text-align-center\"><img loading=\"lazy\" decoding=\"async\" width=\"317\" height=\"317\" src=\"https:\/\/lh7-rt.googleusercontent.com\/docsz\/AD_4nXdSWMzjePto2LRxNOt2OKzndvKXI5Yc7sOonWAsrWN5oA1wV99dO1x5RYdEbyJj_PA17VKvbw_HKHwyttwm8I5dTMkdfd-1ipwF3xPs0AEDCp6RgIY8FFwzkE68HP9SUeRQsqLODXyXEeNBpIHkLrEsUQqG?key=mdXhXPFct6v8bFuL589a4E4a\" alt=\"Interface gr\u00e1fica do usu\u00e1rio, Texto, Aplicativo, chat ou mensagem de texto\n\nDescri\u00e7\u00e3o gerada automaticamente\"><\/p>\n\n\n\n<p class=\"has-text-align-center\"><img loading=\"lazy\" decoding=\"async\" width=\"364\" height=\"376\" src=\"https:\/\/lh7-rt.googleusercontent.com\/docsz\/AD_4nXeVhBCeZzN5iGi0wkpbusomMKps1tODk9ILIrdqjsOCqU-WriVuqoO4OKMEojnXzscJGSXCddv8LUKRTbyMYdVpbJMJ3TDj7UbAJeXhG-Wiwvs0cG9LIpgYYZPJOF-7EkwtCZ2KmHyX3gri8-H-s-ipgNst?key=mdXhXPFct6v8bFuL589a4E4a\" alt=\"Interface gr\u00e1fica do usu\u00e1rio, Texto, Aplicativo, chat ou mensagem de texto\n\nDescri\u00e7\u00e3o gerada automaticamente\"><\/p>\n\n\n\n<p class=\"has-text-align-center\"><img loading=\"lazy\" decoding=\"async\" width=\"350\" height=\"351\" src=\"https:\/\/lh7-rt.googleusercontent.com\/docsz\/AD_4nXctVfosVEYssRmS2YBUvnTQftm1OoGckPiat7OdAaDPDXMF8rqxrcc620k6d-fJaY93U6ObmBLpqlwjJBQMZom1nKAo6Q_oPyk88E930Tzib3yH_pECBRgbKvovVg9InPkTahbhtLrWMV-Fhu4wiOYwgfA?key=mdXhXPFct6v8bFuL589a4E4a\" alt=\"Interface gr\u00e1fica do usu\u00e1rio, Texto, Aplicativo, chat ou mensagem de texto\n\nDescri\u00e7\u00e3o gerada automaticamente\"><\/p>\n\n\n\n<p class=\"has-text-align-center\"><strong><mark style=\"background-color:#fcb900\" class=\"has-inline-color\">PASSO 3<\/mark><\/strong><\/p>\n\n\n\n<p class=\"has-text-align-center\">Efetue o pagamento. Voc\u00ea poder\u00e1 ver e imprimir ou salvar seu ingresso, ap\u00f3s abrir essa tela de confirma\u00e7\u00e3o.<\/p>\n\n\n\n<p class=\"has-text-align-center\"><img decoding=\"async\" width=\"698\" height=\"224.93106951095638\" src=\"https:\/\/lh7-rt.googleusercontent.com\/docsz\/AD_4nXfDzD-gUVYez8zgQD3tBdCROkhuaXoM2yyIyILAqMw9l-VyDNlRFztv5yI2lTFojZMn-kkfWd_N9wMZswQq961Jee2nfCEoXhXD94StL2Vx5Q-sfOsilqrfRCAAi75OvWQBxMQnnvnWRO8-UuYOE3katPU?key=mdXhXPFct6v8bFuL589a4E4a\"><\/p>\n\n\n\n<hr class=\"wp-block-separator has-alpha-channel-opacity is-style-default\"\/>\n","protected":false},"excerpt":{"rendered":"<p>Uma das principais tend\u00eancias do mercado varejista mundial \u00e9 o Retail Media. Para elucidar todos os detalhes do assunto e as oportunidades abertas aos empres\u00e1rios do com\u00e9rcio, o IBEVAR &#8211; Instituto Brasileiro de Executivos de Varejo e a FIA Business School programaram para 26 de novembro de 2024, com o apoio do Sincomavi, o 8\u00ba [&hellip;]<\/p>\n","protected":false},"author":1,"featured_media":12742,"comment_status":"closed","ping_status":"open","sticky":false,"template":"","format":"standard","meta":{"tdm_status":"","tdm_grid_status":"","footnotes":""},"categories":[153],"tags":[1210,199,458,1471,37,1298,1499,1498,182,929,1497,178,200],"class_list":["post-12741","post","type-post","status-publish","format-standard","has-post-thumbnail","hentry","category-noticias","tag-apoio","tag-comercio","tag-desconto","tag-desenvolvimento-profissional","tag-educacao","tag-evento-presencial","tag-fia","tag-ibevar","tag-marketing","tag-publicidade","tag-retail-media","tag-treinamento","tag-varejo"],"amp_enabled":true,"_links":{"self":[{"href":"https:\/\/sincomavi.org.br\/index.php?rest_route=\/wp\/v2\/posts\/12741","targetHints":{"allow":["GET"]}}],"collection":[{"href":"https:\/\/sincomavi.org.br\/index.php?rest_route=\/wp\/v2\/posts"}],"about":[{"href":"https:\/\/sincomavi.org.br\/index.php?rest_route=\/wp\/v2\/types\/post"}],"author":[{"embeddable":true,"href":"https:\/\/sincomavi.org.br\/index.php?rest_route=\/wp\/v2\/users\/1"}],"replies":[{"embeddable":true,"href":"https:\/\/sincomavi.org.br\/index.php?rest_route=%2Fwp%2Fv2%2Fcomments&post=12741"}],"version-history":[{"count":2,"href":"https:\/\/sincomavi.org.br\/index.php?rest_route=\/wp\/v2\/posts\/12741\/revisions"}],"predecessor-version":[{"id":12745,"href":"https:\/\/sincomavi.org.br\/index.php?rest_route=\/wp\/v2\/posts\/12741\/revisions\/12745"}],"wp:featuredmedia":[{"embeddable":true,"href":"https:\/\/sincomavi.org.br\/index.php?rest_route=\/wp\/v2\/media\/12742"}],"wp:attachment":[{"href":"https:\/\/sincomavi.org.br\/index.php?rest_route=%2Fwp%2Fv2%2Fmedia&parent=12741"}],"wp:term":[{"taxonomy":"category","embeddable":true,"href":"https:\/\/sincomavi.org.br\/index.php?rest_route=%2Fwp%2Fv2%2Fcategories&post=12741"},{"taxonomy":"post_tag","embeddable":true,"href":"https:\/\/sincomavi.org.br\/index.php?rest_route=%2Fwp%2Fv2%2Ftags&post=12741"}],"curies":[{"name":"wp","href":"https:\/\/api.w.org\/{rel}","templated":true}]}}