{"id":12721,"date":"2024-11-04T09:34:25","date_gmt":"2024-11-04T12:34:25","guid":{"rendered":"https:\/\/sincomavi.org.br\/?p=12721"},"modified":"2024-11-04T09:36:02","modified_gmt":"2024-11-04T12:36:02","slug":"confianca-empresarial-registra-aumento-de-07-ponto-em-outubro","status":"publish","type":"post","link":"https:\/\/sincomavi.org.br\/?p=12721","title":{"rendered":"Confian\u00e7a Empresarial registra aumento de 0,7 ponto em outubro"},"content":{"rendered":"\n<hr class=\"wp-block-separator has-alpha-channel-opacity is-style-default\"\/>\n\n\n<div class=\"wp-block-post-date\"><time datetime=\"2024-11-04T09:34:25-03:00\">4 de novembro de 2024<\/time><\/div>\n\n\n<p>Ap\u00f3s sofrer recuo em setembro, o \u00cdndice de Confian\u00e7a Empresarial (ICE), do Instituto Brasileiro de Economia da Funda\u00e7\u00e3o Getulio Vargas (FGV IBRE), contou com alta de 0,7 ponto em outubro, alcan\u00e7ando os 98,1 pontos. Em m\u00e9dias m\u00f3veis trimestrais, foi verificada alta de&nbsp; 0,1 ponto no indicador.<br>&nbsp;<\/p>\n\n\n\n<p>Para Aloisio Campelo Jr., superintendente de Estat\u00edsticas do FGV IBRE, a eleva\u00e7\u00e3o do ICE em outubro, de mesma magnitude do recuo de setembro, antes de sinalizar uma nova tend\u00eancia, parece sugerir a consolida\u00e7\u00e3o do \u00edndice no patamar atual, alcan\u00e7ado em julho ap\u00f3s uma s\u00e9rie de seis altas consecutivas. \u201cEsse n\u00edvel, pr\u00f3ximo aos 100 pontos, reflete uma economia operando em ritmo moderado\u201d, avalia. E explica: \u201cO resultado traz elementos tanto positivos quanto negativos: pelo lado negativo, a confian\u00e7a industrial recuou pelo segundo m\u00eas seguido, e a do Com\u00e9rcio permanece em n\u00edvel historicamente baixo\u201d. Em sua opini\u00e3o, entre os aspectos positivos, o \u00cdndice de Situa\u00e7\u00e3o Atual Empresarial atingiu seu maior n\u00edvel em mais de dois anos, e as expectativas para contrata\u00e7\u00f5es e para o avan\u00e7o dos neg\u00f3cios nos pr\u00f3ximos seis meses mant\u00eam-se otimistas.<\/p>\n\n\n\n<hr class=\"wp-block-separator has-alpha-channel-opacity is-style-default\"\/>\n","protected":false},"excerpt":{"rendered":"<p>Ap\u00f3s sofrer recuo em setembro, o \u00cdndice de Confian\u00e7a Empresarial (ICE), do Instituto Brasileiro de Economia da Funda\u00e7\u00e3o Getulio Vargas (FGV IBRE), contou com alta de 0,7 ponto em outubro, alcan\u00e7ando os 98,1 pontos. Em m\u00e9dias m\u00f3veis trimestrais, foi verificada alta de&nbsp; 0,1 ponto no indicador.&nbsp; Para Aloisio Campelo Jr., superintendente de Estat\u00edsticas do FGV [&hellip;]<\/p>\n","protected":false},"author":1,"featured_media":12722,"comment_status":"closed","ping_status":"open","sticky":false,"template":"","format":"standard","meta":{"tdm_status":"","tdm_grid_status":"","footnotes":""},"categories":[153],"tags":[156,754,1495,1494,620,160],"class_list":["post-12721","post","type-post","status-publish","format-standard","has-post-thumbnail","hentry","category-noticias","tag-economia","tag-fgv-ibre","tag-ice","tag-indice-de-confianca-empresarial","tag-levantamento","tag-pesquisa"],"amp_enabled":true,"_links":{"self":[{"href":"https:\/\/sincomavi.org.br\/index.php?rest_route=\/wp\/v2\/posts\/12721","targetHints":{"allow":["GET"]}}],"collection":[{"href":"https:\/\/sincomavi.org.br\/index.php?rest_route=\/wp\/v2\/posts"}],"about":[{"href":"https:\/\/sincomavi.org.br\/index.php?rest_route=\/wp\/v2\/types\/post"}],"author":[{"embeddable":true,"href":"https:\/\/sincomavi.org.br\/index.php?rest_route=\/wp\/v2\/users\/1"}],"replies":[{"embeddable":true,"href":"https:\/\/sincomavi.org.br\/index.php?rest_route=%2Fwp%2Fv2%2Fcomments&post=12721"}],"version-history":[{"count":1,"href":"https:\/\/sincomavi.org.br\/index.php?rest_route=\/wp\/v2\/posts\/12721\/revisions"}],"predecessor-version":[{"id":12723,"href":"https:\/\/sincomavi.org.br\/index.php?rest_route=\/wp\/v2\/posts\/12721\/revisions\/12723"}],"wp:featuredmedia":[{"embeddable":true,"href":"https:\/\/sincomavi.org.br\/index.php?rest_route=\/wp\/v2\/media\/12722"}],"wp:attachment":[{"href":"https:\/\/sincomavi.org.br\/index.php?rest_route=%2Fwp%2Fv2%2Fmedia&parent=12721"}],"wp:term":[{"taxonomy":"category","embeddable":true,"href":"https:\/\/sincomavi.org.br\/index.php?rest_route=%2Fwp%2Fv2%2Fcategories&post=12721"},{"taxonomy":"post_tag","embeddable":true,"href":"https:\/\/sincomavi.org.br\/index.php?rest_route=%2Fwp%2Fv2%2Ftags&post=12721"}],"curies":[{"name":"wp","href":"https:\/\/api.w.org\/{rel}","templated":true}]}}