{"id":12712,"date":"2024-10-31T11:39:13","date_gmt":"2024-10-31T14:39:13","guid":{"rendered":"https:\/\/sincomavi.org.br\/?p=12712"},"modified":"2024-10-31T11:39:15","modified_gmt":"2024-10-31T14:39:15","slug":"saldo-positivo-de-empregos-no-varejo-de-matcons-desacelera-em-setembro","status":"publish","type":"post","link":"https:\/\/sincomavi.org.br\/?p=12712","title":{"rendered":"Saldo positivo de empregos no varejo de matcons desacelera em setembro"},"content":{"rendered":"\n<hr class=\"wp-block-separator has-alpha-channel-opacity is-style-default\"\/>\n\n\n<div class=\"wp-block-post-date\"><time datetime=\"2024-10-31T11:39:13-03:00\">31 de outubro de 2024<\/time><\/div>\n\n\n<p>Depois de 600 postos de trabalho com carteira assinada criados em agosto, o varejo de material de constru\u00e7\u00e3o da Regi\u00e3o Metropolitana de S\u00e3o Paulo (RMSP) apresentou desacelera\u00e7\u00e3o de seu crescimento e, em setembro, o segmento demandou apenas 242 vagas. Foram 3.886 admiss\u00f5es e 3.644 desligamentos. Ainda assim, com tal avan\u00e7o, o estoque ativo do setor sobrepujou os 97 mil v\u00ednculos empregat\u00edcios. Em rela\u00e7\u00e3o ao saldo do mesmo m\u00eas de 2023, houve tamb\u00e9m um arrefecimento, no caso, de -25,7%.<\/p>\n\n\n\n<p class=\"has-text-align-center\"><strong>Evolu\u00e7\u00e3o do saldo de empregos do varejo de material de constru\u00e7\u00e3o \u2013 RMSP e S\u00e3o Paulo\/SP<\/strong><\/p>\n\n\n\n<p class=\"has-text-align-center\"><img loading=\"lazy\" decoding=\"async\" width=\"553\" height=\"352\" src=\"https:\/\/lh7-rt.googleusercontent.com\/docsz\/AD_4nXfttktR8Kmn2rTUYI4CqcVdKWP8WFbgTCu6p9-w7eK7O3iWDkTC85NScGZqm0sqIC5VNUPLbTGfIbZzCEUerrcmRcx4z5sHNDEG7OpTsBr9vu_jqK5m0o1Sq7D6gczwEJJxfYTK87Znp97Ilhvk4rBGcKIyrII0LJwkis-CUrbZJP2DyhYltc0?key=yxXnuoSVgB5cpBFNpMwiEQE0\"><\/p>\n\n\n\n<p class=\"has-text-align-right\"><strong>Fonte: Caged<\/strong><\/p>\n\n\n\n<p>\u201cO resultado mais fraco de setembro se deu principalmente pelas retra\u00e7\u00f5es observadas nos segmentos de material de constru\u00e7\u00e3o em geral, com -66 vagas, e naqueles que comercializam especificamente material hidr\u00e1ulico, com -19 vagas\u201d, detalha o economista Jaime Vasconcellos. Por outro lado, a situa\u00e7\u00e3o poderia ser agravada, caso os ramos varejistas de madeira e artefatos e de ferragens e ferramentas n\u00e3o contassem com bom desempenho, respectivamente 141 e 84 novos empregos.<\/p>\n\n\n\n<p class=\"has-text-align-center\"><img loading=\"lazy\" decoding=\"async\" width=\"510\" height=\"265\" src=\"https:\/\/lh7-rt.googleusercontent.com\/docsz\/AD_4nXfO0DnWLYpGXnYe4nR1G81MwX6UkXdTkS2-mTDS9e96ZvhlQ-4f5TvV3EdA0Hc5stfOwovOpZDBfRwEsIcrDegahgkyweDgLdRIpn4ZjqGQEFMYDLCq45fddhllo3A3JKTy7MvpbEgB4REPVl2TVxpzjNKeHROgQMQdK-6flpQra5_FPYzX8A?key=yxXnuoSVgB5cpBFNpMwiEQE0\"><\/p>\n\n\n\n<p>No acumulado dos nove primeiros meses do ano, por\u00e9m, a realidade ainda \u00e9 de franca expans\u00e3o do mercado de trabalho. Ao todo, s\u00e3o mais de 2,5 mil v\u00ednculos criados, j\u00e1 considerando admitidos e demitidos no per\u00edodo. Dentre os segmentos observados, destaques para com\u00e9rcio de material de constru\u00e7\u00e3o em geral (+665 vagas), varejo de ferragens e ferramentas (+568 vagas) e estabelecimentos de madeira e artefatos: (+435 vagas).<\/p>\n\n\n\n<p class=\"has-text-align-center\"><img loading=\"lazy\" decoding=\"async\" src=\"https:\/\/lh7-rt.googleusercontent.com\/docsz\/AD_4nXfA0qB05hCIChx3igyvE3rJ_HVQEpHYr7zjCxIOrRJFuz8NIkEetSBHGo0lC6JvQhXqALTMSr9_Wk0QQFvyt5hOYSvPL1FxKGnDZ0MlpwAZ00K8n6z316dchp7R7w0Yc2SZW1efGyUjKsSh4nb2CsBTBy7l1dPp7QG8uf_4gIU-nI746RhsvYU?key=yxXnuoSVgB5cpBFNpMwiEQE0\" width=\"499\" height=\"294\"><\/p>\n\n\n\n<p>Jaime comenta que realmente seria dif\u00edcil manter os significativos n\u00fameros de agosto, agora avaliando o m\u00eas de setembro. Isso porque, em 2023 houve o mesmo movimento, ainda que os saldos positivos do atual ano tenham sido um pouco inferiores aos do ano passado.&nbsp; \u201cTodavia, longe de alarmismos, dado inclusive que o per\u00edodo sazonalmente negativo para o emprego no segmento varejista de material de constru\u00e7\u00e3o est\u00e1 para ser computado, o \u00faltimo trimestre do ano\u201d, adverte. E refor\u00e7a: \u201cEm 2024, tal fen\u00f4meno n\u00e3o deve mudar\u201d.<\/p>\n\n\n\n<p>Em sua avalia\u00e7\u00e3o, pode-se dizer que os n\u00fameros de setembro coincidem melhor com o que foi o decorrer do ano, que \u00e9 de consist\u00eancia de mercado de trabalho, inclusive no acumulado ficando muito pr\u00f3ximo, e at\u00e9 pouco superior, ao saldo dos nove meses iniciais tamb\u00e9m de 2023 (+2.423 vagas).\u00a0<\/p>\n\n\n\n<hr class=\"wp-block-separator has-alpha-channel-opacity is-style-default\"\/>\n","protected":false},"excerpt":{"rendered":"<p>Depois de 600 postos de trabalho com carteira assinada criados em agosto, o varejo de material de constru\u00e7\u00e3o da Regi\u00e3o Metropolitana de S\u00e3o Paulo (RMSP) apresentou desacelera\u00e7\u00e3o de seu crescimento e, em setembro, o segmento demandou apenas 242 vagas. Foram 3.886 admiss\u00f5es e 3.644 desligamentos. Ainda assim, com tal avan\u00e7o, o estoque ativo do setor [&hellip;]<\/p>\n","protected":false},"author":1,"featured_media":12714,"comment_status":"closed","ping_status":"open","sticky":false,"template":"","format":"standard","meta":{"tdm_status":"","tdm_grid_status":"","footnotes":""},"categories":[153],"tags":[89,199,156,646,632,620,158,694,160,200],"class_list":["post-12712","post","type-post","status-publish","format-standard","has-post-thumbnail","hentry","category-noticias","tag-caged","tag-comercio","tag-economia","tag-empregos","tag-estudo-setorial","tag-levantamento","tag-material-de-construcao","tag-mercado-de-trabalho","tag-pesquisa","tag-varejo"],"amp_enabled":true,"_links":{"self":[{"href":"https:\/\/sincomavi.org.br\/index.php?rest_route=\/wp\/v2\/posts\/12712","targetHints":{"allow":["GET"]}}],"collection":[{"href":"https:\/\/sincomavi.org.br\/index.php?rest_route=\/wp\/v2\/posts"}],"about":[{"href":"https:\/\/sincomavi.org.br\/index.php?rest_route=\/wp\/v2\/types\/post"}],"author":[{"embeddable":true,"href":"https:\/\/sincomavi.org.br\/index.php?rest_route=\/wp\/v2\/users\/1"}],"replies":[{"embeddable":true,"href":"https:\/\/sincomavi.org.br\/index.php?rest_route=%2Fwp%2Fv2%2Fcomments&post=12712"}],"version-history":[{"count":1,"href":"https:\/\/sincomavi.org.br\/index.php?rest_route=\/wp\/v2\/posts\/12712\/revisions"}],"predecessor-version":[{"id":12713,"href":"https:\/\/sincomavi.org.br\/index.php?rest_route=\/wp\/v2\/posts\/12712\/revisions\/12713"}],"wp:featuredmedia":[{"embeddable":true,"href":"https:\/\/sincomavi.org.br\/index.php?rest_route=\/wp\/v2\/media\/12714"}],"wp:attachment":[{"href":"https:\/\/sincomavi.org.br\/index.php?rest_route=%2Fwp%2Fv2%2Fmedia&parent=12712"}],"wp:term":[{"taxonomy":"category","embeddable":true,"href":"https:\/\/sincomavi.org.br\/index.php?rest_route=%2Fwp%2Fv2%2Fcategories&post=12712"},{"taxonomy":"post_tag","embeddable":true,"href":"https:\/\/sincomavi.org.br\/index.php?rest_route=%2Fwp%2Fv2%2Ftags&post=12712"}],"curies":[{"name":"wp","href":"https:\/\/api.w.org\/{rel}","templated":true}]}}