{"id":12700,"date":"2024-10-30T08:48:33","date_gmt":"2024-10-30T11:48:33","guid":{"rendered":"https:\/\/sincomavi.org.br\/?p=12700"},"modified":"2024-10-30T08:48:35","modified_gmt":"2024-10-30T11:48:35","slug":"assedio-no-varejo-caminhos-para-construir-uma-cultura-etica","status":"publish","type":"post","link":"https:\/\/sincomavi.org.br\/?p=12700","title":{"rendered":"Ass\u00e9dio no varejo: caminhos para construir uma cultura \u00e9tica"},"content":{"rendered":"\n<hr class=\"wp-block-separator has-alpha-channel-opacity is-style-default\"\/>\n\n\n<div class=\"wp-block-post-date\"><time datetime=\"2024-10-30T08:48:33-03:00\">30 de outubro de 2024<\/time><\/div>\n\n\n<p><strong>Por Juliana Godinho \u00e9 gerente Forensic &amp; Integrity | ESG e Compliance da <a href=\"https:\/\/www.protiviti.com.br\/\">Protiviti<\/a><\/strong>.<\/p>\n\n\n\n<p>As press\u00f5es di\u00e1rias e inerentes do segmento de varejo j\u00e1 s\u00e3o mais do que conhecidas. A concorr\u00eancia \u00e9 acirrada, conquistar novos clientes e manter os j\u00e1 cativos \u00e9 desafiador. Na maioria das vezes, as metas s\u00e3o arrojadas agressivas e renovam-se m\u00eas a m\u00eas.<\/p>\n\n\n\n<p>Infelizmente esse ambiente desafiador pode acabar se tornando um espa\u00e7o f\u00e9rtil para a ocorr\u00eancia do ass\u00e9dio, resultando em cen\u00e1rios de desmotiva\u00e7\u00e3o, afastamentos por adoecimento ps\u00edquico como burnout, crises de ansiedade e depress\u00e3o, aumento do turnover e um poss\u00edvel aumento de erros ocasionados pela estafa mental.\u00a0<\/p>\n\n\n\n<p>Al\u00e9m dos impactos diretos aos profissionais, como um comportamento agressivo de um l\u00edder \u201cdesesperado\u201d para cumprir metas, humilhando e amea\u00e7ando equipes, situa\u00e7\u00f5es de ass\u00e9dio no varejo tamb\u00e9m geram grandes consequ\u00eancias de imagem, percorrendo as redes sociais na velocidade da luz e, muitas vezes, com pr\u00e9-julgamentos que nem sempre refletem a realidade, j\u00e1 que os consumidores normalmente n\u00e3o analisam ou acompanham os detalhes de um caso de ass\u00e9dio que vai \u00e0 m\u00eddia.\u00a0<\/p>\n\n\n\n<p>O cancelamento por parte dos consumidores acontece de forma quase imediata assim que uma situa\u00e7\u00e3o \u00e9tica com a qual eles n\u00e3o concordam chega ao conhecimento deles. Em uma pesquisa realizada pelo LinkedIn em 2020, mais de 85% dos respondentes alegaram que deixariam de consumir um produto se n\u00e3o concordassem com o posicionamento \u00e9tico da marca.\u00a0<\/p>\n\n\n\n<p>Ou seja, todo o esfor\u00e7o que a empresa colocou para conquistar e cativar consumidores, em quest\u00e3o de dias ou horas, pode ser destru\u00eddo por uma postagem que mostre, ou apenas sugira, uma a\u00e7\u00e3o anti\u00e9tica como uma discrimina\u00e7\u00e3o por ra\u00e7a, g\u00eanero e afins. O que fazer para fugir dessas armadilhas?\u00a0<\/p>\n\n\n\n<p>Quando falamos de ass\u00e9dio, o melhor caminho sempre ser\u00e1 o de preven\u00e7\u00e3o, pois a apura\u00e7\u00e3o de um caso que j\u00e1 tenha ocorrido pode n\u00e3o ser suficiente para reverter uma imagem negativa ou uma equipe desgastada com uma situa\u00e7\u00e3o de ass\u00e9dio.\u00a0<\/p>\n\n\n\n<p>Muitos casos que chegam ao Canal de Den\u00fancia claramente poderiam ter sido evitados se tivesse ocorrido um trabalho adequado de desenvolvimento dos novos l\u00edderes. Muitas vezes, os l\u00edderes e supervisores de lojas aprendem e reproduzem uma gest\u00e3o agressiva sob a bandeira da \u201cresili\u00eancia\u201d, criando um ciclo vicioso e uma cultura informal de \u201caceita\u00e7\u00e3o ao ass\u00e9dio\u201d.\u00a0<\/p>\n\n\n\n<p>Em um ambiente t\u00e3o capilarizado como o do varejo, destaca-se aquele que garante uma cultura \u00e9tica em todas as suas unidades e equipes. Para tal, \u00e9 fundamental que cada gestor de loja esteja preparado para lidar com o tema e seja \u201co guardi\u00e3o\u201d do combate ao ass\u00e9dio em sua cultura local, al\u00e9m de treinar e desenvolver novos l\u00edderes para que reproduzam uma gest\u00e3o saud\u00e1vel tendo como base uma comunica\u00e7\u00e3o clara, assertiva, gentil e respeitosa. Ele ainda deve estar preparado para atuar diante de poss\u00edveis agress\u00f5es que venham do p\u00fablico em geral.\u00a0<\/p>\n\n\n\n<p>O tema \u201ccombate ao ass\u00e9dio\u201d deve estar na rotina das equipes, lembrando-os de que metas s\u00e3o importantes, mas devem caminhar junto com um ambiente eticamente seguro e respeitoso. A comunica\u00e7\u00e3o deve ser direcionada e adequada para os diferentes p\u00fablicos. N\u00e3o h\u00e1 mais espa\u00e7o para exposi\u00e7\u00f5es humilhantes como \u201cos piores dos rankings de vendas\u201d e situa\u00e7\u00f5es similares. \u00c9 importante que l\u00edderes se sintam seguros e o RH deve apoiar nessa jornada, afinal de contas, n\u00e3o pode existir o medo de cobrar, mas \u00e9 preciso saber como faz\u00ea-lo de forma adequada. Assim como, um liderado n\u00e3o deve se sentir agredido por ter recebido um feedback negativo.\u00a0<\/p>\n\n\n\n<p>Para que isso aconte\u00e7a, o trabalho deve ir al\u00e9m do treinamento obrigat\u00f3rio que ocorre uma vez ao ano. \u00c9 fundamental a intera\u00e7\u00e3o com espa\u00e7o de trocas como workshop e rodas de conversa, aliadas a uma comunica\u00e7\u00e3o cotidiana com p\u00edlulas de linguagem adequada para cada p\u00fablico-alvo, em refeit\u00f3rios, corredores, salas de descanso, reuni\u00f5es operacionais rotineiras e, por que n\u00e3o, nos banheiros?\u00a0<\/p>\n\n\n\n<p>E, assim, refor\u00e7ando o trabalho preventivo, constr\u00f3i-se ambientes mais \u00e9ticos gerando benef\u00edcios diretos aos profissionais da ponta, al\u00e9m de fortalecer a imagem da empresa e garantir a sustentabilidade do neg\u00f3cio.<\/p>\n\n\n\n<hr class=\"wp-block-separator has-alpha-channel-opacity is-style-default\"\/>\n","protected":false},"excerpt":{"rendered":"<p>Por Juliana Godinho \u00e9 gerente Forensic &amp; Integrity | ESG e Compliance da Protiviti. As press\u00f5es di\u00e1rias e inerentes do segmento de varejo j\u00e1 s\u00e3o mais do que conhecidas. A concorr\u00eancia \u00e9 acirrada, conquistar novos clientes e manter os j\u00e1 cativos \u00e9 desafiador. Na maioria das vezes, as metas s\u00e3o arrojadas agressivas e renovam-se m\u00eas [&hellip;]<\/p>\n","protected":false},"author":1,"featured_media":12701,"comment_status":"closed","ping_status":"open","sticky":false,"template":"","format":"standard","meta":{"tdm_status":"","tdm_grid_status":"","footnotes":""},"categories":[210],"tags":[1183,199,253,363,31,200],"class_list":["post-12700","post","type-post","status-publish","format-standard","has-post-thumbnail","hentry","category-artigos","tag-assedio","tag-comercio","tag-recursos-humanos","tag-relacoes-trabalhistas","tag-rh","tag-varejo"],"amp_enabled":true,"_links":{"self":[{"href":"https:\/\/sincomavi.org.br\/index.php?rest_route=\/wp\/v2\/posts\/12700","targetHints":{"allow":["GET"]}}],"collection":[{"href":"https:\/\/sincomavi.org.br\/index.php?rest_route=\/wp\/v2\/posts"}],"about":[{"href":"https:\/\/sincomavi.org.br\/index.php?rest_route=\/wp\/v2\/types\/post"}],"author":[{"embeddable":true,"href":"https:\/\/sincomavi.org.br\/index.php?rest_route=\/wp\/v2\/users\/1"}],"replies":[{"embeddable":true,"href":"https:\/\/sincomavi.org.br\/index.php?rest_route=%2Fwp%2Fv2%2Fcomments&post=12700"}],"version-history":[{"count":1,"href":"https:\/\/sincomavi.org.br\/index.php?rest_route=\/wp\/v2\/posts\/12700\/revisions"}],"predecessor-version":[{"id":12702,"href":"https:\/\/sincomavi.org.br\/index.php?rest_route=\/wp\/v2\/posts\/12700\/revisions\/12702"}],"wp:featuredmedia":[{"embeddable":true,"href":"https:\/\/sincomavi.org.br\/index.php?rest_route=\/wp\/v2\/media\/12701"}],"wp:attachment":[{"href":"https:\/\/sincomavi.org.br\/index.php?rest_route=%2Fwp%2Fv2%2Fmedia&parent=12700"}],"wp:term":[{"taxonomy":"category","embeddable":true,"href":"https:\/\/sincomavi.org.br\/index.php?rest_route=%2Fwp%2Fv2%2Fcategories&post=12700"},{"taxonomy":"post_tag","embeddable":true,"href":"https:\/\/sincomavi.org.br\/index.php?rest_route=%2Fwp%2Fv2%2Ftags&post=12700"}],"curies":[{"name":"wp","href":"https:\/\/api.w.org\/{rel}","templated":true}]}}