{"id":12685,"date":"2024-10-28T09:37:22","date_gmt":"2024-10-28T12:37:22","guid":{"rendered":"https:\/\/sincomavi.org.br\/?p=12685"},"modified":"2024-10-28T09:37:24","modified_gmt":"2024-10-28T12:37:24","slug":"queda-na-confianca-do-consumidor-em-outubro","status":"publish","type":"post","link":"https:\/\/sincomavi.org.br\/?p=12685","title":{"rendered":"Queda na confian\u00e7a do consumidor em outubro"},"content":{"rendered":"\n<hr class=\"wp-block-separator has-alpha-channel-opacity is-style-default\"\/>\n\n\n<div class=\"wp-block-post-date\"><time datetime=\"2024-10-28T09:37:22-03:00\">28 de outubro de 2024<\/time><\/div>\n\n\n<p>O \u00cdndice de Confian\u00e7a do Consumidor (ICC), do Instituto Brasileiro de Economia da Funda\u00e7\u00e3o Getulio Vargas (FGV IBRE), sofreu um recuo de 0,7 ponto em outubro, alcan\u00e7ado 93,0 pontos. Esse resultado interrompeu uma sequ\u00eancia de quatro altas consecutivas. J\u00e1 em m\u00e9dias m\u00f3veis trimestrais, o indicador registrou estabilidade em 93,3 pontos.<\/p>\n\n\n\n<p>A economista Anna Carolina Gouveia acredita que esse desempenho seja um movimento de acomoda\u00e7\u00e3o das expectativas para os pr\u00f3ximos meses. \u201cNo m\u00eas, apenas o indicador que mede a percep\u00e7\u00e3o corrente sobre a economia registrou alta, dando continuidade \u00e0 lenta e gradativa tend\u00eancia de melhora sobre as condi\u00e7\u00f5es atuais\u201d, explica. \u201cO resultado foi similar entre as faixas de renda, com a piora das expectativas sendo o motor da piora da confian\u00e7a, com exce\u00e7\u00e3o aos consumidores que recebem entre R$ 2.100,01 e R$ 4.800,00, que apresentaram resultados favor\u00e1veis no m\u00eas.<\/p>\n\n\n\n<hr class=\"wp-block-separator has-alpha-channel-opacity is-style-default\"\/>\n","protected":false},"excerpt":{"rendered":"<p>O \u00cdndice de Confian\u00e7a do Consumidor (ICC), do Instituto Brasileiro de Economia da Funda\u00e7\u00e3o Getulio Vargas (FGV IBRE), sofreu um recuo de 0,7 ponto em outubro, alcan\u00e7ado 93,0 pontos. Esse resultado interrompeu uma sequ\u00eancia de quatro altas consecutivas. J\u00e1 em m\u00e9dias m\u00f3veis trimestrais, o indicador registrou estabilidade em 93,3 pontos. A economista Anna Carolina Gouveia [&hellip;]<\/p>\n","protected":false},"author":1,"featured_media":12686,"comment_status":"closed","ping_status":"open","sticky":false,"template":"","format":"standard","meta":{"tdm_status":"","tdm_grid_status":"","footnotes":""},"categories":[153],"tags":[199,204,205,156,754,1244,620,160,200],"class_list":["post-12685","post","type-post","status-publish","format-standard","has-post-thumbnail","hentry","category-noticias","tag-comercio","tag-confianca","tag-consumidor","tag-economia","tag-fgv-ibre","tag-indice-confianca-do-consumidor","tag-levantamento","tag-pesquisa","tag-varejo"],"amp_enabled":true,"_links":{"self":[{"href":"https:\/\/sincomavi.org.br\/index.php?rest_route=\/wp\/v2\/posts\/12685","targetHints":{"allow":["GET"]}}],"collection":[{"href":"https:\/\/sincomavi.org.br\/index.php?rest_route=\/wp\/v2\/posts"}],"about":[{"href":"https:\/\/sincomavi.org.br\/index.php?rest_route=\/wp\/v2\/types\/post"}],"author":[{"embeddable":true,"href":"https:\/\/sincomavi.org.br\/index.php?rest_route=\/wp\/v2\/users\/1"}],"replies":[{"embeddable":true,"href":"https:\/\/sincomavi.org.br\/index.php?rest_route=%2Fwp%2Fv2%2Fcomments&post=12685"}],"version-history":[{"count":1,"href":"https:\/\/sincomavi.org.br\/index.php?rest_route=\/wp\/v2\/posts\/12685\/revisions"}],"predecessor-version":[{"id":12687,"href":"https:\/\/sincomavi.org.br\/index.php?rest_route=\/wp\/v2\/posts\/12685\/revisions\/12687"}],"wp:featuredmedia":[{"embeddable":true,"href":"https:\/\/sincomavi.org.br\/index.php?rest_route=\/wp\/v2\/media\/12686"}],"wp:attachment":[{"href":"https:\/\/sincomavi.org.br\/index.php?rest_route=%2Fwp%2Fv2%2Fmedia&parent=12685"}],"wp:term":[{"taxonomy":"category","embeddable":true,"href":"https:\/\/sincomavi.org.br\/index.php?rest_route=%2Fwp%2Fv2%2Fcategories&post=12685"},{"taxonomy":"post_tag","embeddable":true,"href":"https:\/\/sincomavi.org.br\/index.php?rest_route=%2Fwp%2Fv2%2Ftags&post=12685"}],"curies":[{"name":"wp","href":"https:\/\/api.w.org\/{rel}","templated":true}]}}