{"id":12631,"date":"2024-10-21T15:20:58","date_gmt":"2024-10-21T18:20:58","guid":{"rendered":"https:\/\/sincomavi.org.br\/?p=12631"},"modified":"2024-10-21T15:20:59","modified_gmt":"2024-10-21T18:20:59","slug":"carta-de-conjuntura-outubro-2024","status":"publish","type":"post","link":"https:\/\/sincomavi.org.br\/?p=12631","title":{"rendered":"Carta de Conjuntura &#8211; Outubro 2024"},"content":{"rendered":"\n<hr class=\"wp-block-separator has-alpha-channel-opacity is-style-default\"\/>\n\n\n<div class=\"wp-block-post-date\"><time datetime=\"2024-10-21T15:20:58-03:00\">21 de outubro de 2024<\/time><\/div>\n\n\n<p><strong>Por Jaime Vasconcellos, economista.<\/strong><\/p>\n\n\n\n<p>Prestes a entrarmos no \u00faltimo bimestre do ano, enfim nos parece que chegamos \u00e0 defini\u00e7\u00e3o do patamar de avan\u00e7o econ\u00f4mico Brasileiro em 2024. Consolida-se cada vez mais a proje\u00e7\u00e3o de que nosso PIB (Produto Interno Bruto) avance este ano por volta dos 3%, com vi\u00e9s at\u00e9 mesmo de ficar pouco superior a este patamar.<\/p>\n\n\n\n<p>A enorme resili\u00eancia do mercado de trabalho, o avan\u00e7o do cr\u00e9dito \u00e0 Pessoas F\u00edsicas e Jur\u00eddicas, bem como o impulso fiscal de um governo gastador foram e t\u00eam sido os principais fatores indutores desta consistente demanda agregada dom\u00e9stica que vemos. E estamos falando novamente de um formato de crescimento pautado no consumo das fam\u00edlias, tanto que h\u00e1 significativos resultados positivos nos segmentos mais pr\u00f3ximos a este consumidor final, com\u00e9rcio e servi\u00e7os, ainda que os segmentos que comp\u00f5em cada um destes grandes setores alcancem resultados distintos entre si.&nbsp;<\/p>\n\n\n\n<p>No com\u00e9rcio h\u00e1 bons n\u00fameros no volume de vendas de ve\u00edculos, farm\u00e1cias, hipermercados e supermercados e at\u00e9 mesmo recupera\u00e7\u00f5es nos segmentos de artigos de uso pessoal e dom\u00e9stico e em material de constru\u00e7\u00e3o. Por outro lado, dificuldades ainda em vestu\u00e1rio, papelarias, eletrodom\u00e9sticos e no com\u00e9rcio de combust\u00edveis.&nbsp;<\/p>\n\n\n\n<p>O que se nota \u00e9 que j\u00e1 foi diagnosticado que o modelo de desenvolvimento econ\u00f4mico de 2024 ruma para o mesmo destino do que ocorreu no passado. Demanda mais aquecida que a oferta e impulsionada por gastos p\u00fablicos sempre esbarra em infla\u00e7\u00e3o e desequil\u00edbrio fiscal, o que no nosso caso \u00e9 o risco (ou a realidade) de mais desequil\u00edbrio fiscal. Tanto que o avan\u00e7o dos juros visa conter esse processo, mesmo que \u00e0s custas de menor crescimento econ\u00f4mico ano que vem e em 2026.<\/p>\n\n\n\n<p>Ainda assim, nos parece que 2024 est\u00e1 dado. At\u00e9 o fim do ano, e passado inclusive o per\u00edodo de elei\u00e7\u00f5es municipais, o \u00faltimo bimestre deve ser marcado pelos eventos sazonais j\u00e1 conhecidos, em especial para o com\u00e9rcio e o segmento tur\u00edstico. Todavia, para 2025 mant\u00e9m-se a preocupa\u00e7\u00e3o com rela\u00e7\u00e3o a trajet\u00f3ria dos n\u00edveis dos pre\u00e7os e com o compromisso (ou n\u00e3o) do atual governo quanto \u00e0 sa\u00fade de suas contas, pois s\u00e3o esses fatores que mais condicionam o tamanho dos juros no pa\u00eds. N\u00f3s, consumidores e empres\u00e1rios, ficamos de olho nisso, pois \u00e9 no nosso bolso e no nosso caixa que des\u00e1gua os impactos pr\u00e1ticos de maiores custos de financiamento e consequente menor desempenho econ\u00f4mico. Em suma, o razo\u00e1vel crep\u00fasculo de 2024 n\u00e3o tira a desconfian\u00e7a do aumento de incertezas na alvorada de 2025.<\/p>\n\n\n\n<p><strong>Seguem abaixo as nossas proje\u00e7\u00f5es aos principais indicadores macroecon\u00f4micos ainda para 2024:<\/strong><\/p>\n\n\n\n<ul class=\"wp-block-list\">\n<li>PIB: 3,0%<\/li>\n\n\n\n<li>IPCA: 4,40%<\/li>\n\n\n\n<li>SELIC: 11,75% a.a.<\/li>\n\n\n\n<li>Taxa de C\u00e2mbio: 5,45<\/li>\n\n\n\n<li>Balan\u00e7a comercial: + US$ 80 bi<\/li>\n\n\n\n<li>Taxa de desemprego ao fim do ano (PNAD): 6,8%<\/li>\n\n\n\n<li>Volume de vendas do com\u00e9rcio ampliado BR (12 meses): +3,7%<\/li>\n\n\n\n<li>Volume de servi\u00e7os BR (12 meses): +2,8%<\/li>\n<\/ul>\n\n\n\n<hr class=\"wp-block-separator has-alpha-channel-opacity is-style-default\"\/>\n","protected":false},"excerpt":{"rendered":"<p>Por Jaime Vasconcellos, economista. Prestes a entrarmos no \u00faltimo bimestre do ano, enfim nos parece que chegamos \u00e0 defini\u00e7\u00e3o do patamar de avan\u00e7o econ\u00f4mico Brasileiro em 2024. Consolida-se cada vez mais a proje\u00e7\u00e3o de que nosso PIB (Produto Interno Bruto) avance este ano por volta dos 3%, com vi\u00e9s at\u00e9 mesmo de ficar pouco superior [&hellip;]<\/p>\n","protected":false},"author":1,"featured_media":12634,"comment_status":"closed","ping_status":"open","sticky":false,"template":"","format":"standard","meta":{"tdm_status":"","tdm_grid_status":"","footnotes":""},"categories":[210],"tags":[199,156,632,620,158,160,200,75],"class_list":["post-12631","post","type-post","status-publish","format-standard","has-post-thumbnail","hentry","category-artigos","tag-comercio","tag-economia","tag-estudo-setorial","tag-levantamento","tag-material-de-construcao","tag-pesquisa","tag-varejo","tag-vendas"],"amp_enabled":true,"_links":{"self":[{"href":"https:\/\/sincomavi.org.br\/index.php?rest_route=\/wp\/v2\/posts\/12631","targetHints":{"allow":["GET"]}}],"collection":[{"href":"https:\/\/sincomavi.org.br\/index.php?rest_route=\/wp\/v2\/posts"}],"about":[{"href":"https:\/\/sincomavi.org.br\/index.php?rest_route=\/wp\/v2\/types\/post"}],"author":[{"embeddable":true,"href":"https:\/\/sincomavi.org.br\/index.php?rest_route=\/wp\/v2\/users\/1"}],"replies":[{"embeddable":true,"href":"https:\/\/sincomavi.org.br\/index.php?rest_route=%2Fwp%2Fv2%2Fcomments&post=12631"}],"version-history":[{"count":2,"href":"https:\/\/sincomavi.org.br\/index.php?rest_route=\/wp\/v2\/posts\/12631\/revisions"}],"predecessor-version":[{"id":12635,"href":"https:\/\/sincomavi.org.br\/index.php?rest_route=\/wp\/v2\/posts\/12631\/revisions\/12635"}],"wp:featuredmedia":[{"embeddable":true,"href":"https:\/\/sincomavi.org.br\/index.php?rest_route=\/wp\/v2\/media\/12634"}],"wp:attachment":[{"href":"https:\/\/sincomavi.org.br\/index.php?rest_route=%2Fwp%2Fv2%2Fmedia&parent=12631"}],"wp:term":[{"taxonomy":"category","embeddable":true,"href":"https:\/\/sincomavi.org.br\/index.php?rest_route=%2Fwp%2Fv2%2Fcategories&post=12631"},{"taxonomy":"post_tag","embeddable":true,"href":"https:\/\/sincomavi.org.br\/index.php?rest_route=%2Fwp%2Fv2%2Ftags&post=12631"}],"curies":[{"name":"wp","href":"https:\/\/api.w.org\/{rel}","templated":true}]}}