{"id":12602,"date":"2024-10-14T09:51:09","date_gmt":"2024-10-14T12:51:09","guid":{"rendered":"https:\/\/sincomavi.org.br\/?p=12602"},"modified":"2024-10-14T11:43:32","modified_gmt":"2024-10-14T14:43:32","slug":"pelo-3o-mes-consecutivo-vendas-de-matcons-crescem","status":"publish","type":"post","link":"https:\/\/sincomavi.org.br\/?p=12602","title":{"rendered":"Pelo 3\u00ba m\u00eas consecutivo vendas de matcons crescem"},"content":{"rendered":"\n<hr class=\"wp-block-separator has-alpha-channel-opacity is-style-default\"\/>\n\n\n<div class=\"wp-block-post-date\"><time datetime=\"2024-10-14T09:51:09-03:00\">14 de outubro de 2024<\/time><\/div>\n\n\n<p>O volume de vendas do com\u00e9rcio de material de constru\u00e7\u00e3o no Estado de S\u00e3o Paulo, em agosto, avan\u00e7ou 6,4% em rela\u00e7\u00e3o ao mesmo m\u00eas do ano passado, marcando a terceira evolu\u00e7\u00e3o mensal consecutiva deste indicador. Os dados s\u00e3o da Pesquisa Mensal do Com\u00e9rcio do Instituto Brasileiro de Geografia e Estat\u00edstica (PMC\/IBGE). No \u00e2mbito nacional, o setor contou com um crescimento menor, mas ainda significativo de 4,5% para as mesmas bases de compara\u00e7\u00e3o.<\/p>\n\n\n\n<h3 class=\"wp-block-heading has-text-align-center\">Evolu\u00e7\u00e3o mensal do \u00edndice de volume de vendas do com\u00e9rcio de material de constru\u00e7\u00e3o \u2013 M\u00eas contra mesmo m\u00eas do ano anterior<\/h3>\n\n\n\n<p class=\"has-text-align-center\"><img loading=\"lazy\" decoding=\"async\" width=\"568\" height=\"373\" src=\"https:\/\/lh7-rt.googleusercontent.com\/docsz\/AD_4nXf8x66jUNM1myOd8XqRVML5HL87iLPGYhtQ8M1eBPIE-oI7UO42cVnFPJjxZf8I00_emLQ5Ft48uhTQA4wd_VKpoA9impGfQPghThO3JS8B0U3joY9ECoy7i7yCOhsgqVWSXqG_A24v5GUlSpIVjZUWXd5BFqyy2AfN9Ag_mqJDtQN3l-3aO9o?key=EbulC1I6kd_oyvAYgTU6iQ\"><\/p>\n\n\n\n<p class=\"has-text-align-right\"><strong>Fonte: PMC\/IBRE<\/strong><\/p>\n\n\n\n<p>No acumulado de janeiro a agosto as vendas de material de constru\u00e7\u00e3o no Estado de S\u00e3o Paulo registram um avan\u00e7o de 4,6%, enquanto em territ\u00f3rio nacional houve um crescimento de 3,5%, ambos contra o mesmo per\u00edodo de 2023. J\u00e1 no acumulado em doze meses o cen\u00e1rio se inverte. No pa\u00eds h\u00e1 uma evolu\u00e7\u00e3o positiva de 2,3% e na economia paulista de 1,8%.<\/p>\n\n\n\n<h3 class=\"wp-block-heading has-text-align-center\">Evolu\u00e7\u00e3o do \u00edndice de volume de vendas do com\u00e9rcio de material de constru\u00e7\u00e3o do Estado de S\u00e3o Paulo \u2013 Taxa acumulada de 12 meses<\/h3>\n\n\n\n<p class=\"has-text-align-center\"><img loading=\"lazy\" decoding=\"async\" src=\"https:\/\/lh7-rt.googleusercontent.com\/docsz\/AD_4nXffSS5j1e9FwD120yZBwXIpTJWh29atyoK7Wd2YryffMSz3RPx_Yggu-vtFOnDJZ-N6crxAXm7faJZPPkac8_xxj1lSMNSfJ8OI12t3i3A8lYVt8SYW33yRgPWmm22gsAZwM_0RFYugqXe9Yx31knD5kuwFyNNxzdav-rUdZIa8CH6VS_ev2g?key=EbulC1I6kd_oyvAYgTU6iQ\" width=\"563\" height=\"403\"><\/p>\n\n\n\n<p class=\"has-text-align-right\"><strong>Fonte: PMC\/IBGE<\/strong><\/p>\n\n\n\n<p>Os n\u00fameros apresentados na an\u00e1lise realizada pelo Departamento de Economia do Sincomavi em julho j\u00e1 revelavam a tend\u00eancia de continuidade do cen\u00e1rio positivo para agosto, o que ocorreu. \u201cEm resumo, os dados do trimestre junho a agosto trouxeram consigo uma invers\u00e3o da s\u00e9rie hist\u00f3rica de doze meses do indicador de vendas de material de constru\u00e7\u00e3o no Estado de S\u00e3o Paulo, que se manteve negativa por quase 30 meses\u201d, destaca o economista Jaime Vasconcellos.&nbsp;<\/p>\n\n\n\n<p>Em sua opini\u00e3o, o processo de estabiliza\u00e7\u00e3o do setor ficou para tr\u00e1s e 2024 n\u00e3o apenas trouxe tal resultado, como parece ter consolidado um novo per\u00edodo, agora no campo positivo das vendas. \u201c\u00c9 algo a se comemorar, ainda que seja importante dizer que n\u00e3o teremos evolu\u00e7\u00f5es aos moldes das vistas em 2020 e 2021, quando o setor foi impulsionado pelos efeitos espec\u00edficos das mudan\u00e7as de comportamento da demanda, com o advento da pandemia\u201d, ressalta. E alerta: \u201cademais, temos de estar de olho em como se dar\u00e3o as curvas futuras de juros e pre\u00e7os, que normalmente freiam estes cen\u00e1rios mais positivos de consumo e de desempenho do varejo\u201d. Apesar desses poss\u00edveis obst\u00e1culos, no curto prazo as not\u00edcias s\u00e3o positivas, sinais de uma demanda resiliente, que se reflete em vendas e tamb\u00e9m impacta o pr\u00f3prio mercado de trabalho do setor.&nbsp;<\/p>\n\n\n\n<p class=\"has-small-font-size\">OBS: O Volume de Vendas observado pela PMC resulta da defla\u00e7\u00e3o dos valores nominais correntes da receita bruta de revenda por \u00edndices de pre\u00e7os espec\u00edficos para cada grupo de atividade, e para cada Unidade da Federa\u00e7\u00e3o, constru\u00eddos a partir dos relativos de pre\u00e7os do IPCA e do Sistema Nacional de Pesquisa de Custos e \u00cdndices da Constru\u00e7\u00e3o Civil \u2013 SINAPI. A pesquisa tamb\u00e9m avalia apenas empresas com 20 ocupados ou mais.&nbsp;<\/p>\n\n\n\n<hr class=\"wp-block-separator has-alpha-channel-opacity is-style-default\"\/>\n","protected":false},"excerpt":{"rendered":"<p>O volume de vendas do com\u00e9rcio de material de constru\u00e7\u00e3o no Estado de S\u00e3o Paulo, em agosto, avan\u00e7ou 6,4% em rela\u00e7\u00e3o ao mesmo m\u00eas do ano passado, marcando a terceira evolu\u00e7\u00e3o mensal consecutiva deste indicador. Os dados s\u00e3o da Pesquisa Mensal do Com\u00e9rcio do Instituto Brasileiro de Geografia e Estat\u00edstica (PMC\/IBGE). No \u00e2mbito nacional, o [&hellip;]<\/p>\n","protected":false},"author":1,"featured_media":12603,"comment_status":"closed","ping_status":"open","sticky":false,"template":"","format":"standard","meta":{"tdm_status":"","tdm_grid_status":"","footnotes":""},"categories":[153],"tags":[199,156,632,620,158,160,200,75],"class_list":["post-12602","post","type-post","status-publish","format-standard","has-post-thumbnail","hentry","category-noticias","tag-comercio","tag-economia","tag-estudo-setorial","tag-levantamento","tag-material-de-construcao","tag-pesquisa","tag-varejo","tag-vendas"],"amp_enabled":true,"_links":{"self":[{"href":"https:\/\/sincomavi.org.br\/index.php?rest_route=\/wp\/v2\/posts\/12602","targetHints":{"allow":["GET"]}}],"collection":[{"href":"https:\/\/sincomavi.org.br\/index.php?rest_route=\/wp\/v2\/posts"}],"about":[{"href":"https:\/\/sincomavi.org.br\/index.php?rest_route=\/wp\/v2\/types\/post"}],"author":[{"embeddable":true,"href":"https:\/\/sincomavi.org.br\/index.php?rest_route=\/wp\/v2\/users\/1"}],"replies":[{"embeddable":true,"href":"https:\/\/sincomavi.org.br\/index.php?rest_route=%2Fwp%2Fv2%2Fcomments&post=12602"}],"version-history":[{"count":1,"href":"https:\/\/sincomavi.org.br\/index.php?rest_route=\/wp\/v2\/posts\/12602\/revisions"}],"predecessor-version":[{"id":12604,"href":"https:\/\/sincomavi.org.br\/index.php?rest_route=\/wp\/v2\/posts\/12602\/revisions\/12604"}],"wp:featuredmedia":[{"embeddable":true,"href":"https:\/\/sincomavi.org.br\/index.php?rest_route=\/wp\/v2\/media\/12603"}],"wp:attachment":[{"href":"https:\/\/sincomavi.org.br\/index.php?rest_route=%2Fwp%2Fv2%2Fmedia&parent=12602"}],"wp:term":[{"taxonomy":"category","embeddable":true,"href":"https:\/\/sincomavi.org.br\/index.php?rest_route=%2Fwp%2Fv2%2Fcategories&post=12602"},{"taxonomy":"post_tag","embeddable":true,"href":"https:\/\/sincomavi.org.br\/index.php?rest_route=%2Fwp%2Fv2%2Ftags&post=12602"}],"curies":[{"name":"wp","href":"https:\/\/api.w.org\/{rel}","templated":true}]}}