{"id":12560,"date":"2024-10-10T09:21:00","date_gmt":"2024-10-10T12:21:00","guid":{"rendered":"https:\/\/sincomavi.org.br\/?p=12560"},"modified":"2024-10-08T14:29:11","modified_gmt":"2024-10-08T17:29:11","slug":"adaptabilidade-na-lideranca-nao-e-o-meu-trabalho-mas-o-que-posso-fazer","status":"publish","type":"post","link":"https:\/\/sincomavi.org.br\/?p=12560","title":{"rendered":"Adaptabilidade na lideran\u00e7a: n\u00e3o \u00e9 o meu trabalho, mas o que posso fazer?"},"content":{"rendered":"\n<hr class=\"wp-block-separator has-alpha-channel-opacity is-style-default\"\/>\n\n\n<div class=\"wp-block-post-date\"><time datetime=\"2024-10-10T09:21:00-03:00\">10 de outubro de 2024<\/time><\/div>\n\n\n<p><strong>Por Rodrigo Carvalho, gerente-geral de Tecnologia do <a href=\"https:\/\/www.farmaciasapp.com.br\/\" target=\"_blank\" rel=\"noreferrer noopener\">Farm\u00e1cias APP<\/a><\/strong>.<\/p>\n\n\n\n<p>Um dos grandes desafios da lideran\u00e7a moderna \u00e9 definir at\u00e9 onde v\u00e3o os limites de atua\u00e7\u00e3o. Saber equilibrar a linha t\u00eanue entre delegar tarefas e envolver-se diretamente na execu\u00e7\u00e3o pode ser determinante para o sucesso de uma equipe. Um l\u00edder que se limita a apenas &#8220;mandar&#8221; deixa de aproveitar a perspectiva estrat\u00e9gica, que \u00e9 uma de suas principais responsabilidades. No entanto, aquele que se envolve excessivamente nas tarefas operacionais pode perder o foco e n\u00e3o explorar ao m\u00e1ximo sua capacidade de enxergar o panorama geral, prever desafios e identificar oportunidades.<\/p>\n\n\n\n<p>A chave para o equil\u00edbrio est\u00e1 na adaptabilidade. Isso significa estar disposto a sair da sua zona de conforto, mas sem perder de vista o objetivo maior: guiar a equipe para o sucesso. Nesse contexto, surge a ret\u00f3rica: \u201cN\u00e3o \u00e9 o meu trabalho, mas o que posso fazer?\u201d Essa mentalidade n\u00e3o se trata de assumir o trabalho dos outros, mas de estar aberto a ajudar, colaborar e fomentar um esp\u00edrito de equipe coeso, que transcende as fronteiras dos cargos e das fun\u00e7\u00f5es.<\/p>\n\n\n\n<p>Lideran\u00e7as r\u00edgidas, como a autocr\u00e1tica, que se baseiam em dar ordens sem considerar a participa\u00e7\u00e3o ativa dos colaboradores, est\u00e3o cada vez mais obsoletas. J\u00e1 a lideran\u00e7a adaptativa, que \u00e9 flex\u00edvel e moldada conforme as necessidades da equipe e do momento, tem se mostrado extremamente eficaz no mundo dos neg\u00f3cios contempor\u00e2neo.<\/p>\n\n\n\n<p>Pesquisas revelam que l\u00edderes que se mostram acess\u00edveis t\u00eam um impacto positivo no clima organizacional. Estudo da Gallup, por exemplo, aponta que o l\u00edder tem influ\u00eancia de at\u00e9 70% no engajamento dos funcion\u00e1rios com o neg\u00f3cio. Al\u00e9m disso, l\u00edderes adapt\u00e1veis possuem mais chances de contar com a colabora\u00e7\u00e3o em suas equipes do que aqueles que adotam modelos mais tradicionais.<\/p>\n\n\n\n<p>Isso acontece porque esse tipo de lideran\u00e7a adapt\u00e1vel cria um ambiente prop\u00edcio para que os colaboradores se sintam valorizados e ouvidos, aumentando sua motiva\u00e7\u00e3o e produtividade. Por outro lado, estar dispon\u00edvel n\u00e3o significa estar constantemente resolvendo problemas operacionais, mas sim demonstrar um interesse genu\u00edno em entender as dificuldades e conquistas do time.<\/p>\n\n\n\n<p>Um exemplo cl\u00e1ssico de adaptabilidade na lideran\u00e7a vem do setor de tecnologia. Em 2014, o CEO da Microsoft, Satya Nadella, implementou uma cultura de colabora\u00e7\u00e3o em vez da antiga mentalidade de competi\u00e7\u00e3o interna. Ele incentivou os l\u00edderes da empresa a se envolverem em projetos fora de suas \u00e1reas, promovendo a inova\u00e7\u00e3o atrav\u00e9s da diversidade de pensamento, e passou a incentivar que os funcion\u00e1rios trabalhassem juntos para alcan\u00e7ar objetivos comuns. Essa mudan\u00e7a foi um dos fatores que levou a Microsoft a um novo patamar de crescimento e relev\u00e2ncia no mercado global.<\/p>\n\n\n\n<p>Para promover a adaptabilidade \u00e9 preciso antes de tudo exercer a confian\u00e7a, criando uma cultura onde todos se sentem respons\u00e1veis pelo sucesso do time. Como resultado, empresas favor\u00e1veis \u00e0 adaptabilidade na lideran\u00e7a s\u00e3o mais \u00e1geis, conseguem se ajustar rapidamente \u00e0s mudan\u00e7as do mercado, t\u00eam equipes mais engajadas e produtivas.<\/p>\n\n\n\n<p>Exercer uma lideran\u00e7a adapt\u00e1vel \u00e9 reflexo de uma s\u00e9rie de comportamentos como empatia, comunica\u00e7\u00e3o eficaz, resili\u00eancia e vis\u00e3o estrat\u00e9gica. Ouvir colaboradores, entender o contexto e analisar cada situa\u00e7\u00e3o com cuidado s\u00e3o passos fundamentais para tomar essa decis\u00e3o.<\/p>\n\n\n\n<p>Vale lembrar que este n\u00e3o \u00e9 um procedimento simples e nem h\u00e1 uma receita \u00fanica. A defini\u00e7\u00e3o sobre at\u00e9 onde um l\u00edder deve ir varia de acordo com a equipe e com o momento, que pode pedir um maior envolvimento nas opera\u00e7\u00f5es em momentos de crise ou um recuo para dar espa\u00e7o \u00e0 equipe quando tudo estiver fluindo bem. \u00c9 trabalhoso, mas vale a pena. E voc\u00ea, est\u00e1 pronto para esse desafio?<\/p>\n\n\n\n<hr class=\"wp-block-separator has-alpha-channel-opacity is-style-default\"\/>\n","protected":false},"excerpt":{"rendered":"<p>Por Rodrigo Carvalho, gerente-geral de Tecnologia do Farm\u00e1cias APP. Um dos grandes desafios da lideran\u00e7a moderna \u00e9 definir at\u00e9 onde v\u00e3o os limites de atua\u00e7\u00e3o. Saber equilibrar a linha t\u00eanue entre delegar tarefas e envolver-se diretamente na execu\u00e7\u00e3o pode ser determinante para o sucesso de uma equipe. Um l\u00edder que se limita a apenas &#8220;mandar&#8221; [&hellip;]<\/p>\n","protected":false},"author":1,"featured_media":12563,"comment_status":"closed","ping_status":"open","sticky":false,"template":"","format":"standard","meta":{"tdm_status":"","tdm_grid_status":"","footnotes":""},"categories":[210],"tags":[199,32,209,200],"class_list":["post-12560","post","type-post","status-publish","format-standard","has-post-thumbnail","hentry","category-artigos","tag-comercio","tag-gestao","tag-lideranca","tag-varejo"],"amp_enabled":true,"_links":{"self":[{"href":"https:\/\/sincomavi.org.br\/index.php?rest_route=\/wp\/v2\/posts\/12560","targetHints":{"allow":["GET"]}}],"collection":[{"href":"https:\/\/sincomavi.org.br\/index.php?rest_route=\/wp\/v2\/posts"}],"about":[{"href":"https:\/\/sincomavi.org.br\/index.php?rest_route=\/wp\/v2\/types\/post"}],"author":[{"embeddable":true,"href":"https:\/\/sincomavi.org.br\/index.php?rest_route=\/wp\/v2\/users\/1"}],"replies":[{"embeddable":true,"href":"https:\/\/sincomavi.org.br\/index.php?rest_route=%2Fwp%2Fv2%2Fcomments&post=12560"}],"version-history":[{"count":1,"href":"https:\/\/sincomavi.org.br\/index.php?rest_route=\/wp\/v2\/posts\/12560\/revisions"}],"predecessor-version":[{"id":12562,"href":"https:\/\/sincomavi.org.br\/index.php?rest_route=\/wp\/v2\/posts\/12560\/revisions\/12562"}],"wp:featuredmedia":[{"embeddable":true,"href":"https:\/\/sincomavi.org.br\/index.php?rest_route=\/wp\/v2\/media\/12563"}],"wp:attachment":[{"href":"https:\/\/sincomavi.org.br\/index.php?rest_route=%2Fwp%2Fv2%2Fmedia&parent=12560"}],"wp:term":[{"taxonomy":"category","embeddable":true,"href":"https:\/\/sincomavi.org.br\/index.php?rest_route=%2Fwp%2Fv2%2Fcategories&post=12560"},{"taxonomy":"post_tag","embeddable":true,"href":"https:\/\/sincomavi.org.br\/index.php?rest_route=%2Fwp%2Fv2%2Ftags&post=12560"}],"curies":[{"name":"wp","href":"https:\/\/api.w.org\/{rel}","templated":true}]}}