{"id":12556,"date":"2024-10-09T09:12:00","date_gmt":"2024-10-09T12:12:00","guid":{"rendered":"https:\/\/sincomavi.org.br\/?p=12556"},"modified":"2024-10-08T14:18:44","modified_gmt":"2024-10-08T17:18:44","slug":"preparacao-antecipada-precisa-ir-alem-das-promocoes-na-black-friday","status":"publish","type":"post","link":"https:\/\/sincomavi.org.br\/?p=12556","title":{"rendered":"Prepara\u00e7\u00e3o antecipada precisa ir al\u00e9m das promo\u00e7\u00f5es na Black Friday"},"content":{"rendered":"\n<hr class=\"wp-block-separator has-alpha-channel-opacity is-style-default\"\/>\n\n\n<div class=\"wp-block-post-date\"><time datetime=\"2024-10-09T09:12:00-03:00\">9 de outubro de 2024<\/time><\/div>\n\n\n<p><strong>Por Thales Zanussi, fundador e CEO do <a href=\"https:\/\/www.missionbrasil.com.br\/\">Mission Brasil<\/a><\/strong>.<\/p>\n\n\n\n<p>A Black Friday em 2024, marcada para o dia 29 de novembro, deve ter um crescimento de 14% no volume de pedidos em compara\u00e7\u00e3o com 2023, segundo um estudo divulgado pela plataforma de marketing Haus. Esse cen\u00e1rio exige que o varejo planeje suas a\u00e7\u00f5es com bastante anteced\u00eancia, buscando maneiras de se preparar para o aumento da demanda e ampliar as vendas sem perder a qualidade no atendimento.<br><br>A prepara\u00e7\u00e3o antecipada precisa ir al\u00e9m das promo\u00e7\u00f5es atrativas. Ou seja, \u00e9 importante que as empresas reavaliem e reforcem suas equipes, principalmente com a contrata\u00e7\u00e3o de profissionais tempor\u00e1rios. O aux\u00edlio deste pessoal impacta diretamente na otimiza\u00e7\u00e3o da log\u00edstica, atendimento e assist\u00eancia prestada aos clientes &#8211; o que ir\u00e1 interferir tamb\u00e9m na satisfa\u00e7\u00e3o deste consumidor e possibilidade de recompra. Esses s\u00e3o itens extremamente essenciais para encantar e fidelizar clientes no per\u00edodo.<br><br>Felizmente, o mercado pouco a pouco vem entendendo que a busca por profissionais tempor\u00e1rios \u00e9 uma solu\u00e7\u00e3o vantajosa, por se tratar de uma a\u00e7\u00e3o simples, pouco onerosa, mas com alto impacto e retorno. Dados da Associa\u00e7\u00e3o Brasileira do Trabalho Tempor\u00e1rio (Asserttem) corroboram o cen\u00e1rio e revelam que, em 2023, a Black Friday gerou mais de 470 mil vagas tempor\u00e1rias no Brasil. Para 2024, a expectativa \u00e9 de aumento no n\u00famero.&nbsp;<\/p>\n\n\n\n<p>As principais oportunidades neste ano s\u00e3o para servi\u00e7os estrat\u00e9gicos como shopper &#8211; profissional respons\u00e1vel por separar e entregar produtos para e-commerces &#8211; al\u00e9m de repositores e executores, que organizam g\u00f4ndolas e padr\u00f5es de exposi\u00e7\u00e3o de produtos nas lojas.<br><br>No entanto, a prepara\u00e7\u00e3o para a Black Friday n\u00e3o deve se limitar ao refor\u00e7o das equipes. \u00c9 crucial tamb\u00e9m que as empresas varejistas conhe\u00e7am profundamente seus produtos e servi\u00e7os para oferecer uma experi\u00eancia diferenciada. Um levantamento do Google revela que 65% dos consumidores brasileiros consideram as ofertas da Black Friday repetitivas, o que indica a necessidade de aprimoramentos e inova\u00e7\u00f5es para se destacar perante \u00e0 concorr\u00eancia.&nbsp;<\/p>\n\n\n\n<p>Para otimizar esses aspectos, a realiza\u00e7\u00e3o do servi\u00e7o de cliente oculto \u00e9 uma alternativa importante para varejistas que desejam entender de forma integral a experi\u00eancia que as pessoas t\u00eam ao adquirir um produto ou servi\u00e7o, al\u00e9m de identificar pontos de melhoria e ajustes das estrat\u00e9gias comerciais de forma mais eficaz. A pr\u00e1tica, na qual um profissional treinado \u00e9 designado para simular o interesse em realizar uma compra na empresa, traz essa perspectiva \u00e0s marcas, uma vez que o profissional percorre toda a jornada do cliente como se fosse um consumidor real.<\/p>\n\n\n\n<p>A verdade \u00e9 que cada detalhe faz a diferen\u00e7a para as empresas terem uma Black Friday bem-sucedida. A contrata\u00e7\u00e3o de profissionais tempor\u00e1rios e o uso de cliente oculto s\u00e3o estrat\u00e9gias eficazes para se destacar da concorr\u00eancia e evitar ser apenas mais uma entre tantas que oferecem promo\u00e7\u00f5es.<\/p>\n\n\n\n<hr class=\"wp-block-separator has-alpha-channel-opacity is-style-default\"\/>\n","protected":false},"excerpt":{"rendered":"<p>Por Thales Zanussi, fundador e CEO do Mission Brasil. A Black Friday em 2024, marcada para o dia 29 de novembro, deve ter um crescimento de 14% no volume de pedidos em compara\u00e7\u00e3o com 2023, segundo um estudo divulgado pela plataforma de marketing Haus. Esse cen\u00e1rio exige que o varejo planeje suas a\u00e7\u00f5es com bastante [&hellip;]<\/p>\n","protected":false},"author":1,"featured_media":12557,"comment_status":"closed","ping_status":"open","sticky":false,"template":"","format":"standard","meta":{"tdm_status":"","tdm_grid_status":"","footnotes":""},"categories":[210],"tags":[1260,199,32,620,182,160,307,200],"class_list":["post-12556","post","type-post","status-publish","format-standard","has-post-thumbnail","hentry","category-artigos","tag-black-friday","tag-comercio","tag-gestao","tag-levantamento","tag-marketing","tag-pesquisa","tag-planejamento","tag-varejo"],"amp_enabled":true,"_links":{"self":[{"href":"https:\/\/sincomavi.org.br\/index.php?rest_route=\/wp\/v2\/posts\/12556","targetHints":{"allow":["GET"]}}],"collection":[{"href":"https:\/\/sincomavi.org.br\/index.php?rest_route=\/wp\/v2\/posts"}],"about":[{"href":"https:\/\/sincomavi.org.br\/index.php?rest_route=\/wp\/v2\/types\/post"}],"author":[{"embeddable":true,"href":"https:\/\/sincomavi.org.br\/index.php?rest_route=\/wp\/v2\/users\/1"}],"replies":[{"embeddable":true,"href":"https:\/\/sincomavi.org.br\/index.php?rest_route=%2Fwp%2Fv2%2Fcomments&post=12556"}],"version-history":[{"count":2,"href":"https:\/\/sincomavi.org.br\/index.php?rest_route=\/wp\/v2\/posts\/12556\/revisions"}],"predecessor-version":[{"id":12559,"href":"https:\/\/sincomavi.org.br\/index.php?rest_route=\/wp\/v2\/posts\/12556\/revisions\/12559"}],"wp:featuredmedia":[{"embeddable":true,"href":"https:\/\/sincomavi.org.br\/index.php?rest_route=\/wp\/v2\/media\/12557"}],"wp:attachment":[{"href":"https:\/\/sincomavi.org.br\/index.php?rest_route=%2Fwp%2Fv2%2Fmedia&parent=12556"}],"wp:term":[{"taxonomy":"category","embeddable":true,"href":"https:\/\/sincomavi.org.br\/index.php?rest_route=%2Fwp%2Fv2%2Fcategories&post=12556"},{"taxonomy":"post_tag","embeddable":true,"href":"https:\/\/sincomavi.org.br\/index.php?rest_route=%2Fwp%2Fv2%2Ftags&post=12556"}],"curies":[{"name":"wp","href":"https:\/\/api.w.org\/{rel}","templated":true}]}}