{"id":12552,"date":"2024-10-08T14:07:00","date_gmt":"2024-10-08T17:07:00","guid":{"rendered":"https:\/\/sincomavi.org.br\/?p=12552"},"modified":"2024-10-08T11:19:06","modified_gmt":"2024-10-08T14:19:06","slug":"aumento-de-018-em-agosto-nos-precos-de-produtos-e-servicos","status":"publish","type":"post","link":"https:\/\/sincomavi.org.br\/?p=12552","title":{"rendered":"Aumento de 0,18% em agosto nos pre\u00e7os de produtos e servi\u00e7os"},"content":{"rendered":"\n<hr class=\"wp-block-separator has-alpha-channel-opacity is-style-default\"\/>\n\n\n<div class=\"wp-block-post-date\"><time datetime=\"2024-10-08T14:07:00-03:00\">8 de outubro de 2024<\/time><\/div>\n\n\n<p>O custo de vida na Regi\u00e3o Metropolitana de S\u00e3o Paulo desacelerou em agosto de 2024, com uma alta de apenas 0,18%, segundo o \u00cdndice de Custo de Vida por Classe Social (CVCS) da FecomercioSP. Essa queda no ritmo inflacion\u00e1rio, especialmente sentida pelas classes D e E, foi impulsionada principalmente pelo recuo nos pre\u00e7os da habita\u00e7\u00e3o e da energia el\u00e9trica, beneficiada pela bandeira tarif\u00e1ria verde.<\/p>\n\n\n\n<p class=\"has-text-align-center\"><em><img loading=\"lazy\" decoding=\"async\" width=\"499\" height=\"165\" src=\"https:\/\/lh7-rt.googleusercontent.com\/docsz\/AD_4nXd-Vi-dKwKZxr0fvImUQv-mlWRInXueWnmntPTI3cqsogVImVcrhT8EKdIjnUq5qPQmw4OX_zcJ_1tDcf8p7r7FAkxBngsRoI3hOqrGP6v01cwZSMKodWXc3XwQi1KtdaJC7_6x6-rpLsAPiTNunGxg8Mc-?key=ktmekxAbFF_Rpxuox73qlA\"><\/em><\/p>\n\n\n\n<p class=\"has-text-align-right\"><strong>Fonte: FecomercioSP<\/strong><\/p>\n\n\n\n<p>Apesar do cen\u00e1rio positivo em agosto, com a infla\u00e7\u00e3o controlada e o mercado de trabalho aquecido, a FecomercioSP alerta para a preocupa\u00e7\u00e3o com a quest\u00e3o clim\u00e1tica. A seca e a baixa nos reservat\u00f3rios pressionam o custo da energia el\u00e9trica, que deve aumentar com a mudan\u00e7a para a bandeira tarif\u00e1ria vermelha em setembro.<\/p>\n\n\n\n<p>Enquanto as classes D e E tiveram varia\u00e7\u00f5es pr\u00f3ximas da estabilidade (-0,01% e 0,02%, respectivamente), a classe A contou no per\u00edodo com um aumento de 0,32% no custo de vida. Essa diferen\u00e7a se deve, em parte, ao impacto do aumento dos pre\u00e7os da alimenta\u00e7\u00e3o fora do domic\u00edlio, que afeta mais a camada da popula\u00e7\u00e3o.<\/p>\n\n\n\n<p>O grupo de transportes tamb\u00e9m contribuiu para a desacelera\u00e7\u00e3o do custo de vida em agosto, com queda de 0,20%, gra\u00e7as ao barateamento das passagens a\u00e9reas e dos servi\u00e7os de \u00f4nibus interestadual e intermunicipal. No entanto, o grupo de alimenta\u00e7\u00e3o e bebidas subiu 0,32%, puxado pelo aumento dos pre\u00e7os para a classe A.<\/p>\n\n\n\n<p class=\"has-text-align-center\"><em><img loading=\"lazy\" decoding=\"async\" src=\"https:\/\/lh7-rt.googleusercontent.com\/docsz\/AD_4nXdwE1-KzJ0n4cfAohtoz5n7y058irR4kewN_vud7OUs9EQ-Y04jV7QMXobwt78TNYKcNMPqh8fV2wSXiuQLq06VTNF7_Zr6l7vcL1l8hl6RVpZdAwgABwGaE7iTfeGlEZ4FNsZbyOABtvN9PA4zLIyWSTx3?key=ktmekxAbFF_Rpxuox73qlA\" width=\"404\" height=\"283\"><\/em><\/p>\n\n\n\n<hr class=\"wp-block-separator has-alpha-channel-opacity is-style-default\"\/>\n","protected":false},"excerpt":{"rendered":"<p>O custo de vida na Regi\u00e3o Metropolitana de S\u00e3o Paulo desacelerou em agosto de 2024, com uma alta de apenas 0,18%, segundo o \u00cdndice de Custo de Vida por Classe Social (CVCS) da FecomercioSP. Essa queda no ritmo inflacion\u00e1rio, especialmente sentida pelas classes D e E, foi impulsionada principalmente pelo recuo nos pre\u00e7os da habita\u00e7\u00e3o [&hellip;]<\/p>\n","protected":false},"author":1,"featured_media":12553,"comment_status":"closed","ping_status":"open","sticky":false,"template":"","format":"standard","meta":{"tdm_status":"","tdm_grid_status":"","footnotes":""},"categories":[153],"tags":[199,156,632,331,620,160,200],"class_list":["post-12552","post","type-post","status-publish","format-standard","has-post-thumbnail","hentry","category-noticias","tag-comercio","tag-economia","tag-estudo-setorial","tag-inflacao","tag-levantamento","tag-pesquisa","tag-varejo"],"amp_enabled":true,"_links":{"self":[{"href":"https:\/\/sincomavi.org.br\/index.php?rest_route=\/wp\/v2\/posts\/12552","targetHints":{"allow":["GET"]}}],"collection":[{"href":"https:\/\/sincomavi.org.br\/index.php?rest_route=\/wp\/v2\/posts"}],"about":[{"href":"https:\/\/sincomavi.org.br\/index.php?rest_route=\/wp\/v2\/types\/post"}],"author":[{"embeddable":true,"href":"https:\/\/sincomavi.org.br\/index.php?rest_route=\/wp\/v2\/users\/1"}],"replies":[{"embeddable":true,"href":"https:\/\/sincomavi.org.br\/index.php?rest_route=%2Fwp%2Fv2%2Fcomments&post=12552"}],"version-history":[{"count":1,"href":"https:\/\/sincomavi.org.br\/index.php?rest_route=\/wp\/v2\/posts\/12552\/revisions"}],"predecessor-version":[{"id":12554,"href":"https:\/\/sincomavi.org.br\/index.php?rest_route=\/wp\/v2\/posts\/12552\/revisions\/12554"}],"wp:featuredmedia":[{"embeddable":true,"href":"https:\/\/sincomavi.org.br\/index.php?rest_route=\/wp\/v2\/media\/12553"}],"wp:attachment":[{"href":"https:\/\/sincomavi.org.br\/index.php?rest_route=%2Fwp%2Fv2%2Fmedia&parent=12552"}],"wp:term":[{"taxonomy":"category","embeddable":true,"href":"https:\/\/sincomavi.org.br\/index.php?rest_route=%2Fwp%2Fv2%2Fcategories&post=12552"},{"taxonomy":"post_tag","embeddable":true,"href":"https:\/\/sincomavi.org.br\/index.php?rest_route=%2Fwp%2Fv2%2Ftags&post=12552"}],"curies":[{"name":"wp","href":"https:\/\/api.w.org\/{rel}","templated":true}]}}