{"id":12473,"date":"2024-09-25T10:24:14","date_gmt":"2024-09-25T13:24:14","guid":{"rendered":"https:\/\/sincomavi.org.br\/?p=12473"},"modified":"2024-09-25T10:24:42","modified_gmt":"2024-09-25T13:24:42","slug":"custo-da-construcao-sobe-061-em-setembro","status":"publish","type":"post","link":"https:\/\/sincomavi.org.br\/?p=12473","title":{"rendered":"Custo da constru\u00e7\u00e3o sobe 0,61% em setembro"},"content":{"rendered":"\n<hr class=\"wp-block-separator has-alpha-channel-opacity is-style-default\"\/>\n\n\n<div class=\"wp-block-post-date\"><time datetime=\"2024-09-25T10:24:14-03:00\">25 de setembro de 2024<\/time><\/div>\n\n\n<p>A trajet\u00f3ria de alta nos custos da constru\u00e7\u00e3o prosseguiu em setembro, conforme dados levantados pelo Instituto Brasileiro de Economia da Funda\u00e7\u00e3o Getulio Vargas (FGE IBRE). No per\u00edodo, o \u00cdndice Nacional de Custo da Constru\u00e7\u00e3o \u2013 M (INCC-M) contou com uma varia\u00e7\u00e3o positiva de 0,61%. Apesar da alta, o resultado ficou abaixo do verificado no m\u00eas anterior: 0,64%.<\/p>\n\n\n\n<p>No acumulado dos \u00faltimos 12 meses, o indicador atingiu 5,23%. Para elucidar ainda mais o quadro apresentado, em setembro de 2023, a partir dos mesmos crit\u00e9rios, o \u00edndice acumulava 3,21%.\u00a0<\/p>\n\n\n\n<p>Enquanto o componente Materiais, Equipamentos e Servi\u00e7os reduziu sua influ\u00eancia na composi\u00e7\u00e3o da taxa, de 0,69% em agosto para 0,59% em setembro; a M\u00e3o de Obra passou de 0,57% em agosto para 0,64% em setembro.<\/p>\n\n\n\n<p>Dentro da categoria Materiais e Equipamentos ocorreram as seguintes varia\u00e7\u00f5es: Materiais para Estrutura, 0,79%; Materiais para Instala\u00e7\u00e3o, 0,49%; Materiais para Acabamento, 0,24%. Em rela\u00e7\u00e3o aos itens da constru\u00e7\u00e3o, os maiores aumentos detectados pelo estudo do FGV IBRE foram vergalh\u00f5es e arames de a\u00e7o ao carbono (1,61%), blocos de concreto (0,72%) e massa de concreto (0,67%). J\u00e1 as principais baixas ficaram por conta de condutores el\u00e9tricos (-1,14%), impermeabilizantes (-0,46%), portas e janelas de madeira (-0,28%), argamassa (-0,26%) e tela de prote\u00e7\u00e3o para fachada (-0,25%).&nbsp;<\/p>\n\n\n\n<h2 class=\"wp-block-heading\">Queda na confian\u00e7a<\/h2>\n\n\n\n<p>O FGV IBRE divulgou tamb\u00e9m o \u00cdndice de Confian\u00e7a da Constru\u00e7\u00e3o (ICST), que registrou um recuo em setembro de 0,4 ponto e alcan\u00e7ou 97,1 pontos. O resultado significou a interrup\u00e7\u00e3o de uma sequ\u00eancia positiva de quatro meses consecutivos. O indicador manteve, na m\u00e9dia m\u00f3vel trimestral, o bom desempenho ao variar 0,2 ponto.<\/p>\n\n\n\n<p>Em seu coment\u00e1rio, Ana Maria Castelo, coordenadora de Projetos da Constru\u00e7\u00e3o do FGV IBRE, explica que a&nbsp; confian\u00e7a setorial n\u00e3o resistiu \u00e0 mudan\u00e7a de dire\u00e7\u00e3o da pol\u00edtica monet\u00e1ria. \u201cA alta na taxa de juros ocorrida em setembro e a perspectiva de novas eleva\u00e7\u00f5es afetaram particularmente as expectativas dos empres\u00e1rios dos segmentos de Infraestrutura e de Edifica\u00e7\u00f5es Residenciais, que ficaram mais pessimistas\u201d, ressalta. E complementa: \u201cno mercado imobili\u00e1rio, o encarecimento do cr\u00e9dito n\u00e3o deve atingir o segmento econ\u00f4mico, que est\u00e1 relacionado ao Programa Minha Casa Minha Vida, mas pode ter impacto no mercado imobili\u00e1rio de m\u00e9dia renda, que tamb\u00e9m passa por um bom momento\u201d.&nbsp;<\/p>\n\n\n\n<p>Para Ana, as empresas que t\u00eam expectativas positivas para os pr\u00f3ximos meses continuam a superar as pessimistas. \u201cDo ponto de vista da atividade, o cen\u00e1rio de crescimento n\u00e3o mudou: refletindo o ciclo de neg\u00f3cios recente, a demanda por m\u00e3o de obra se mant\u00e9m forte e pressionando o mercado de trabalho\u201d, finaliza.<\/p>\n\n\n\n<hr class=\"wp-block-separator has-alpha-channel-opacity is-style-default\"\/>\n","protected":false},"excerpt":{"rendered":"<p>A trajet\u00f3ria de alta nos custos da constru\u00e7\u00e3o prosseguiu em setembro, conforme dados levantados pelo Instituto Brasileiro de Economia da Funda\u00e7\u00e3o Getulio Vargas (FGE IBRE). No per\u00edodo, o \u00cdndice Nacional de Custo da Constru\u00e7\u00e3o \u2013 M (INCC-M) contou com uma varia\u00e7\u00e3o positiva de 0,61%. Apesar da alta, o resultado ficou abaixo do verificado no m\u00eas [&hellip;]<\/p>\n","protected":false},"author":1,"featured_media":12474,"comment_status":"closed","ping_status":"open","sticky":false,"template":"","format":"standard","meta":{"tdm_status":"","tdm_grid_status":"","footnotes":""},"categories":[153],"tags":[199,204,618,1238,156,632,754,619,1459,331,620,158,160,200],"class_list":["post-12473","post","type-post","status-publish","format-standard","has-post-thumbnail","hentry","category-noticias","tag-comercio","tag-confianca","tag-construcao-civil","tag-custo-da-construcao","tag-economia","tag-estudo-setorial","tag-fgv-ibre","tag-incc-m","tag-indice-de-confianca","tag-inflacao","tag-levantamento","tag-material-de-construcao","tag-pesquisa","tag-varejo"],"amp_enabled":true,"_links":{"self":[{"href":"https:\/\/sincomavi.org.br\/index.php?rest_route=\/wp\/v2\/posts\/12473","targetHints":{"allow":["GET"]}}],"collection":[{"href":"https:\/\/sincomavi.org.br\/index.php?rest_route=\/wp\/v2\/posts"}],"about":[{"href":"https:\/\/sincomavi.org.br\/index.php?rest_route=\/wp\/v2\/types\/post"}],"author":[{"embeddable":true,"href":"https:\/\/sincomavi.org.br\/index.php?rest_route=\/wp\/v2\/users\/1"}],"replies":[{"embeddable":true,"href":"https:\/\/sincomavi.org.br\/index.php?rest_route=%2Fwp%2Fv2%2Fcomments&post=12473"}],"version-history":[{"count":2,"href":"https:\/\/sincomavi.org.br\/index.php?rest_route=\/wp\/v2\/posts\/12473\/revisions"}],"predecessor-version":[{"id":12476,"href":"https:\/\/sincomavi.org.br\/index.php?rest_route=\/wp\/v2\/posts\/12473\/revisions\/12476"}],"wp:featuredmedia":[{"embeddable":true,"href":"https:\/\/sincomavi.org.br\/index.php?rest_route=\/wp\/v2\/media\/12474"}],"wp:attachment":[{"href":"https:\/\/sincomavi.org.br\/index.php?rest_route=%2Fwp%2Fv2%2Fmedia&parent=12473"}],"wp:term":[{"taxonomy":"category","embeddable":true,"href":"https:\/\/sincomavi.org.br\/index.php?rest_route=%2Fwp%2Fv2%2Fcategories&post=12473"},{"taxonomy":"post_tag","embeddable":true,"href":"https:\/\/sincomavi.org.br\/index.php?rest_route=%2Fwp%2Fv2%2Ftags&post=12473"}],"curies":[{"name":"wp","href":"https:\/\/api.w.org\/{rel}","templated":true}]}}