{"id":12469,"date":"2024-09-25T09:49:15","date_gmt":"2024-09-25T12:49:15","guid":{"rendered":"https:\/\/sincomavi.org.br\/?p=12469"},"modified":"2024-09-25T09:50:23","modified_gmt":"2024-09-25T12:50:23","slug":"confianca-do-consumidor-sobe-mas-a-intencao-de-consumo-cai","status":"publish","type":"post","link":"https:\/\/sincomavi.org.br\/?p=12469","title":{"rendered":"Confian\u00e7a do consumidor sobe, mas a inten\u00e7\u00e3o de consumo cai"},"content":{"rendered":"\n<hr class=\"wp-block-separator has-alpha-channel-opacity is-style-default\"\/>\n\n\n<div class=\"wp-block-post-date\"><time datetime=\"2024-09-25T09:49:15-03:00\">25 de setembro de 2024<\/time><\/div>\n\n\n<p>O Instituto Brasileiro de Economia da Funda\u00e7\u00e3o Getulio Vargas (FGV IBRE) registrou uma alta de 0,5 ponto em setembro no \u00cdndice de Confian\u00e7a do Consumidor (ICC). Essa foi a quarta alta consecutiva do indicador, que, em m\u00e9dia m\u00f3veis trimestrais, contou com eleva\u00e7\u00e3o de 0,9 ponto, atingindo os 93,3 pontos. Para a economista Anna Carolina Gouveia, o resultado teve como principal motivador a expectativa positiva para os pr\u00f3ximos meses. Em setembro, houve ligeira piora das percep\u00e7\u00f5es sobre a situa\u00e7\u00e3o atual, que por sua vez, foi influenciado pela piora no indicador de situa\u00e7\u00e3o financeira das fam\u00edlias. Entre as faixas de renda, o resultado foi heterog\u00eaneo\u201d, explica. Ela lembra ainda que a resili\u00eancia da atividade dom\u00e9stica tem sustentado a tend\u00eancia de alta na confian\u00e7a dos consumidores, mas a recupera\u00e7\u00e3o em ritmo lento reflete a percep\u00e7\u00e3o ainda fragilizada das finan\u00e7as pessoais.&nbsp;<\/p>\n\n\n\n<h2 class=\"wp-block-heading\">Satisfa\u00e7\u00e3o permanece<\/h2>\n\n\n\n<p>Por outro lado, a Confedera\u00e7\u00e3o Nacional do Com\u00e9rcio de Bens, Servi\u00e7os e Turismo (CNC) apurou em setembro um recuo de 0,3% na Inten\u00e7\u00e3o de Consumo das Fam\u00edlias (ICF). Os dados coletados mostram ainda que o desempenho obtido reflete a piora na avalia\u00e7\u00e3o sobre a perspectiva profissional (redu\u00e7\u00e3o de 0,4%) e sobre o acesso ao cr\u00e9dito (queda de 1,3%).&nbsp;<\/p>\n\n\n\n<p>O estudo da CNC verificou ainda que houve um impacto maior nas fam\u00edlias com renda superior e no p\u00fablico masculino. Apesar da queda mensal, o indicador permanece (103,1 pontos) acima do n\u00edvel de satisfa\u00e7\u00e3o. O economista Felipe Tavares comenta que com o cen\u00e1rio mais desafiador para o cr\u00e9dito e o aumento da inadimpl\u00eancia, o mercado se tornou menos acess\u00edvel, especialmente para fam\u00edlias de maior renda, que mostram maior retra\u00e7\u00e3o na inten\u00e7\u00e3o de consumo. \u201cFam\u00edlias com maiores sal\u00e1rios est\u00e3o mais cautelosas em rela\u00e7\u00e3o ao emprego e ao consumo futuro, devido \u00e0 maior seletividade no cr\u00e9dito e \u00e0 piora na confian\u00e7a empresarial\u201d, finaliza.<\/p>\n\n\n\n<hr class=\"wp-block-separator has-alpha-channel-opacity is-style-default\"\/>\n","protected":false},"excerpt":{"rendered":"<p>O Instituto Brasileiro de Economia da Funda\u00e7\u00e3o Getulio Vargas (FGV IBRE) registrou uma alta de 0,5 ponto em setembro no \u00cdndice de Confian\u00e7a do Consumidor (ICC). Essa foi a quarta alta consecutiva do indicador, que, em m\u00e9dia m\u00f3veis trimestrais, contou com eleva\u00e7\u00e3o de 0,9 ponto, atingindo os 93,3 pontos. Para a economista Anna Carolina Gouveia, [&hellip;]<\/p>\n","protected":false},"author":1,"featured_media":12470,"comment_status":"closed","ping_status":"open","sticky":false,"template":"","format":"standard","meta":{"tdm_status":"","tdm_grid_status":"","footnotes":""},"categories":[153],"tags":[288,199,204,225,156,754,1039,620,158,160,200,75],"class_list":["post-12469","post","type-post","status-publish","format-standard","has-post-thumbnail","hentry","category-noticias","tag-cnc","tag-comercio","tag-confianca","tag-consumo","tag-economia","tag-fgv-ibre","tag-intencao-de-consumo","tag-levantamento","tag-material-de-construcao","tag-pesquisa","tag-varejo","tag-vendas"],"amp_enabled":true,"_links":{"self":[{"href":"https:\/\/sincomavi.org.br\/index.php?rest_route=\/wp\/v2\/posts\/12469","targetHints":{"allow":["GET"]}}],"collection":[{"href":"https:\/\/sincomavi.org.br\/index.php?rest_route=\/wp\/v2\/posts"}],"about":[{"href":"https:\/\/sincomavi.org.br\/index.php?rest_route=\/wp\/v2\/types\/post"}],"author":[{"embeddable":true,"href":"https:\/\/sincomavi.org.br\/index.php?rest_route=\/wp\/v2\/users\/1"}],"replies":[{"embeddable":true,"href":"https:\/\/sincomavi.org.br\/index.php?rest_route=%2Fwp%2Fv2%2Fcomments&post=12469"}],"version-history":[{"count":2,"href":"https:\/\/sincomavi.org.br\/index.php?rest_route=\/wp\/v2\/posts\/12469\/revisions"}],"predecessor-version":[{"id":12472,"href":"https:\/\/sincomavi.org.br\/index.php?rest_route=\/wp\/v2\/posts\/12469\/revisions\/12472"}],"wp:featuredmedia":[{"embeddable":true,"href":"https:\/\/sincomavi.org.br\/index.php?rest_route=\/wp\/v2\/media\/12470"}],"wp:attachment":[{"href":"https:\/\/sincomavi.org.br\/index.php?rest_route=%2Fwp%2Fv2%2Fmedia&parent=12469"}],"wp:term":[{"taxonomy":"category","embeddable":true,"href":"https:\/\/sincomavi.org.br\/index.php?rest_route=%2Fwp%2Fv2%2Fcategories&post=12469"},{"taxonomy":"post_tag","embeddable":true,"href":"https:\/\/sincomavi.org.br\/index.php?rest_route=%2Fwp%2Fv2%2Ftags&post=12469"}],"curies":[{"name":"wp","href":"https:\/\/api.w.org\/{rel}","templated":true}]}}