{"id":12466,"date":"2024-09-24T17:45:58","date_gmt":"2024-09-24T20:45:58","guid":{"rendered":"https:\/\/sincomavi.org.br\/?p=12466"},"modified":"2024-09-24T17:46:00","modified_gmt":"2024-09-24T20:46:00","slug":"convocacao-assembleia-geral-extraordinaria","status":"publish","type":"post","link":"https:\/\/sincomavi.org.br\/?p=12466","title":{"rendered":"Convoca\u00e7\u00e3o | Assembleia Geral Extraordin\u00e1ria"},"content":{"rendered":"\n<hr class=\"wp-block-separator has-alpha-channel-opacity is-style-default\"\/>\n\n\n<div class=\"wp-block-post-date\"><time datetime=\"2024-09-24T17:45:58-03:00\">24 de setembro de 2024<\/time><\/div>\n\n\n<p>Convocamos todas as empresas das categorias econ\u00f4micas representadas pelo Sincomavi, associadas ou n\u00e3o, para participarem da Assembleia Geral Extraordin\u00e1ria, a ser realizada no<strong> dia 15\/10\/2024, \u00e0s 10:00 horas, na Rua Boa Vista n\u00ba 356 \u2013 15\u00ba andar \u2013 Centro<\/strong>, a fim de deliberar sobre a seguinte ordem do dia:<\/p>\n\n\n\n<ol class=\"wp-block-list\">\n<li>Estabelecimento das condi\u00e7\u00f5es para as negocia\u00e7\u00f5es coletivas com as categorias profissionais dos empregados em geral e categorias diferenciadas,&nbsp;<\/li>\n<\/ol>\n\n\n\n<ol class=\"wp-block-list\" start=\"2\">\n<li>Discuss\u00e3o e aprova\u00e7\u00e3o dos valores e formas de cobran\u00e7a das contribui\u00e7\u00f5es e retribui\u00e7\u00f5es do exerc\u00edcio de 2024\/2025, inclusive as referentes ao custeio das negocia\u00e7\u00f5es coletivas trabalhistas.<\/li>\n<\/ol>\n\n\n\n<p>Obs.: \u00c9 importante a participa\u00e7\u00e3o dos representantes (legais ou procuradores) das empresas, pois as decis\u00f5es tomadas na AGE e os termos assinados nas CCTs &#8211; Conven\u00e7\u00f5es Coletivas de Trabalho ir\u00e3o impactar todas as categorias representadas pelo Sincomavi.<\/p>\n\n\n\n<p><strong><a href=\"https:\/\/sinlink.sincomavi.org.br\/cl\/PSlyY\/A\/3fd4\/0\/BLEy\/IUr3JkqMDoQ\/1\/\" target=\"_blank\" rel=\"noreferrer noopener\">> Veja como \u00e9 importante sua participa\u00e7\u00e3o<\/a><\/strong><\/p>\n\n\n\n<hr class=\"wp-block-separator has-alpha-channel-opacity is-style-default\"\/>\n","protected":false},"excerpt":{"rendered":"<p>Convocamos todas as empresas das categorias econ\u00f4micas representadas pelo Sincomavi, associadas ou n\u00e3o, para participarem da Assembleia Geral Extraordin\u00e1ria, a ser realizada no dia 15\/10\/2024, \u00e0s 10:00 horas, na Rua Boa Vista n\u00ba 356 \u2013 15\u00ba andar \u2013 Centro, a fim de deliberar sobre a seguinte ordem do dia: Obs.: \u00c9 importante a participa\u00e7\u00e3o dos [&hellip;]<\/p>\n","protected":false},"author":1,"featured_media":12467,"comment_status":"closed","ping_status":"open","sticky":false,"template":"","format":"standard","meta":{"tdm_status":"","tdm_grid_status":"","footnotes":""},"categories":[157],"tags":[824,254,199,192,158,200],"class_list":["post-12466","post","type-post","status-publish","format-standard","has-post-thumbnail","hentry","category-alerta","tag-age","tag-assembleia-geral-extraordinaria","tag-comercio","tag-convencao-coletiva-de-trabalho","tag-material-de-construcao","tag-varejo"],"amp_enabled":true,"_links":{"self":[{"href":"https:\/\/sincomavi.org.br\/index.php?rest_route=\/wp\/v2\/posts\/12466","targetHints":{"allow":["GET"]}}],"collection":[{"href":"https:\/\/sincomavi.org.br\/index.php?rest_route=\/wp\/v2\/posts"}],"about":[{"href":"https:\/\/sincomavi.org.br\/index.php?rest_route=\/wp\/v2\/types\/post"}],"author":[{"embeddable":true,"href":"https:\/\/sincomavi.org.br\/index.php?rest_route=\/wp\/v2\/users\/1"}],"replies":[{"embeddable":true,"href":"https:\/\/sincomavi.org.br\/index.php?rest_route=%2Fwp%2Fv2%2Fcomments&post=12466"}],"version-history":[{"count":1,"href":"https:\/\/sincomavi.org.br\/index.php?rest_route=\/wp\/v2\/posts\/12466\/revisions"}],"predecessor-version":[{"id":12468,"href":"https:\/\/sincomavi.org.br\/index.php?rest_route=\/wp\/v2\/posts\/12466\/revisions\/12468"}],"wp:featuredmedia":[{"embeddable":true,"href":"https:\/\/sincomavi.org.br\/index.php?rest_route=\/wp\/v2\/media\/12467"}],"wp:attachment":[{"href":"https:\/\/sincomavi.org.br\/index.php?rest_route=%2Fwp%2Fv2%2Fmedia&parent=12466"}],"wp:term":[{"taxonomy":"category","embeddable":true,"href":"https:\/\/sincomavi.org.br\/index.php?rest_route=%2Fwp%2Fv2%2Fcategories&post=12466"},{"taxonomy":"post_tag","embeddable":true,"href":"https:\/\/sincomavi.org.br\/index.php?rest_route=%2Fwp%2Fv2%2Ftags&post=12466"}],"curies":[{"name":"wp","href":"https:\/\/api.w.org\/{rel}","templated":true}]}}