{"id":12415,"date":"2024-09-12T14:49:49","date_gmt":"2024-09-12T17:49:49","guid":{"rendered":"https:\/\/sincomavi.org.br\/?p=12415"},"modified":"2024-09-12T14:55:20","modified_gmt":"2024-09-12T17:55:20","slug":"custo-medio-do-m%c2%b2-da-construcao-civil-paulista-avanca-103-em-agosto","status":"publish","type":"post","link":"https:\/\/sincomavi.org.br\/?p=12415","title":{"rendered":"Custo m\u00e9dio do m\u00b2 da constru\u00e7\u00e3o civil paulista avan\u00e7a 1,03%"},"content":{"rendered":"\n<hr class=\"wp-block-separator has-alpha-channel-opacity is-style-default\"\/>\n\n\n<div class=\"wp-block-post-date\"><time datetime=\"2024-09-12T14:49:49-03:00\">12 de setembro de 2024<\/time><\/div>\n\n\n<p>O pre\u00e7o m\u00e9dio do metro quadrado da constru\u00e7\u00e3o civil no Estado de S\u00e3o Paulo contou com uma eleva\u00e7\u00e3o de 1,03% em agosto, segundo informa\u00e7\u00f5es do Sistema Nacional de Pesquisa de Custos e \u00cdndices da Constru\u00e7\u00e3o Civil do Instituto Brasileiro de Geografia e Estat\u00edstica (Sinapi\/IBGE). Em valores, este custo m\u00e9dio passou de R$ 1.848,88 para R$ 1.867,85, sendo a principal influ\u00eancia o aumento proveniente do grupo material de constru\u00e7\u00e3o, que subiu +1,68% ou R$16,56 a mais por m\u00b2. J\u00e1 os gastos com a m\u00e3o de obra variaram 0,28% ou +R$ 2,41.<\/p>\n\n\n\n<p>No ano, de janeiro a agosto, houve um avan\u00e7o total do custo m\u00e9dio da obra de 2,77% ou R$ 50,41. J\u00e1 no acumulado de doze meses, a oscila\u00e7\u00e3o ficou em +3,15% ou R$ 56,98, sendo que desta \u00faltima cifra, R$ 27,38 proveio dos gastos com material de constru\u00e7\u00e3o e R$ 29,60 com a m\u00e3o de obra.<\/p>\n\n\n\n<p class=\"has-text-align-center\"><img loading=\"lazy\" decoding=\"async\" width=\"588\" height=\"340\" src=\"https:\/\/lh7-rt.googleusercontent.com\/docsz\/AD_4nXdEX0Y8boJ7JlIN7Cqck9t0ckmQoHWAJhdEcKenZKpZmB3NsiljXi9RWf10Ptys9Hpal4hWI8HuMrrah7HheYW3vkNLOrNVR6zZMoqt_JNfin-qS5p9XxQrG09_5wSf7R8G9HQLqEFwjleKUGxfSjPo2h5XC4CnFAQuurzjf4U6iOKiKmTAGZo?key=yPbcxgyVF1sr9SI3quEMYw\"><\/p>\n\n\n\n<p class=\"has-text-align-right\"><strong>Fonte: Sinapi\/IBGE<\/strong><\/p>\n\n\n\n<p>\u201cOs n\u00fameros de agosto mostraram o quanto foi \u2018salgada\u2019 a \u00faltima varia\u00e7\u00e3o do custo m\u00e9dio com a constru\u00e7\u00e3o civil no estado de S\u00e3o Paulo\u201d, pontua o economista Jaime Vasconcellos. Ele explica que o avan\u00e7o de mais de 1% chegou a ser menor que o visto em junho, mas ainda assim se mostra significativo, principalmente em raz\u00e3o do aumento dos custos com o material de constru\u00e7\u00e3o. \u201cObservando o IPCA (\u00cdndice de Pre\u00e7os ao Consumidor Amplo), ao menos no pa\u00eds, as principais oscila\u00e7\u00f5es positivas deste oitavo m\u00eas do ano vieram dos seguintes componentes: vidro (+1,34%), pedras (+2,59%), material hidr\u00e1ulico (+0,34%), madeira e taco (+0,85%) e ferragens (+0,35%). Com isso, \u00e9 poss\u00edvel estimar a origem das principais press\u00f5es de pre\u00e7os\u201d, detalha.&nbsp;<\/p>\n\n\n\n<p>Em sua opini\u00e3o, ainda \u00e9 dif\u00edcil cravar se o cen\u00e1rio inflacion\u00e1rio de agosto ser\u00e1 visto tamb\u00e9m nos meses seguintes. \u201cPor\u00e9m, at\u00e9 pelo aquecimento da demanda dom\u00e9stica em geral, uma das preocupa\u00e7\u00f5es para curto prazo tem sido, em geral, o avan\u00e7o dos pre\u00e7os m\u00e9dios no pa\u00eds, algo que n\u00e3o seria diferente no ramo de material de constru\u00e7\u00e3o\u201d. Ainda assim, a expectativa \u00e9 que n\u00e3o ocorram aumentos t\u00e3o agudos nas pr\u00f3ximas divulga\u00e7\u00f5es do indicador.<\/p>\n\n\n\n<hr class=\"wp-block-separator has-alpha-channel-opacity is-style-default\"\/>\n","protected":false},"excerpt":{"rendered":"<p>O pre\u00e7o m\u00e9dio do metro quadrado da constru\u00e7\u00e3o civil no Estado de S\u00e3o Paulo contou com uma eleva\u00e7\u00e3o de 1,03% em agosto, segundo informa\u00e7\u00f5es do Sistema Nacional de Pesquisa de Custos e \u00cdndices da Constru\u00e7\u00e3o Civil do Instituto Brasileiro de Geografia e Estat\u00edstica (Sinapi\/IBGE). Em valores, este custo m\u00e9dio passou de R$ 1.848,88 para R$ [&hellip;]<\/p>\n","protected":false},"author":1,"featured_media":12416,"comment_status":"closed","ping_status":"open","sticky":false,"template":"","format":"standard","meta":{"tdm_status":"","tdm_grid_status":"","footnotes":""},"categories":[153],"tags":[199,618,994,156,632,331,620,158,160,522,200],"class_list":["post-12415","post","type-post","status-publish","format-standard","has-post-thumbnail","hentry","category-noticias","tag-comercio","tag-construcao-civil","tag-custo","tag-economia","tag-estudo-setorial","tag-inflacao","tag-levantamento","tag-material-de-construcao","tag-pesquisa","tag-preco","tag-varejo"],"amp_enabled":true,"_links":{"self":[{"href":"https:\/\/sincomavi.org.br\/index.php?rest_route=\/wp\/v2\/posts\/12415","targetHints":{"allow":["GET"]}}],"collection":[{"href":"https:\/\/sincomavi.org.br\/index.php?rest_route=\/wp\/v2\/posts"}],"about":[{"href":"https:\/\/sincomavi.org.br\/index.php?rest_route=\/wp\/v2\/types\/post"}],"author":[{"embeddable":true,"href":"https:\/\/sincomavi.org.br\/index.php?rest_route=\/wp\/v2\/users\/1"}],"replies":[{"embeddable":true,"href":"https:\/\/sincomavi.org.br\/index.php?rest_route=%2Fwp%2Fv2%2Fcomments&post=12415"}],"version-history":[{"count":2,"href":"https:\/\/sincomavi.org.br\/index.php?rest_route=\/wp\/v2\/posts\/12415\/revisions"}],"predecessor-version":[{"id":12418,"href":"https:\/\/sincomavi.org.br\/index.php?rest_route=\/wp\/v2\/posts\/12415\/revisions\/12418"}],"wp:featuredmedia":[{"embeddable":true,"href":"https:\/\/sincomavi.org.br\/index.php?rest_route=\/wp\/v2\/media\/12416"}],"wp:attachment":[{"href":"https:\/\/sincomavi.org.br\/index.php?rest_route=%2Fwp%2Fv2%2Fmedia&parent=12415"}],"wp:term":[{"taxonomy":"category","embeddable":true,"href":"https:\/\/sincomavi.org.br\/index.php?rest_route=%2Fwp%2Fv2%2Fcategories&post=12415"},{"taxonomy":"post_tag","embeddable":true,"href":"https:\/\/sincomavi.org.br\/index.php?rest_route=%2Fwp%2Fv2%2Ftags&post=12415"}],"curies":[{"name":"wp","href":"https:\/\/api.w.org\/{rel}","templated":true}]}}