{"id":12393,"date":"2024-09-10T15:39:44","date_gmt":"2024-09-10T18:39:44","guid":{"rendered":"https:\/\/sincomavi.org.br\/?p=12393"},"modified":"2024-09-10T15:40:09","modified_gmt":"2024-09-10T18:40:09","slug":"nivel-de-inadimplencia-caiu-em-agosto","status":"publish","type":"post","link":"https:\/\/sincomavi.org.br\/?p=12393","title":{"rendered":"N\u00edvel de inadimpl\u00eancia caiu em agosto"},"content":{"rendered":"\n<hr class=\"wp-block-separator has-alpha-channel-opacity is-style-default\"\/>\n\n\n<div class=\"wp-block-post-date\"><time datetime=\"2024-09-10T15:39:44-03:00\">10 de setembro de 2024<\/time><\/div>\n\n\n<p>Pesquisa do SPC Brasil revela que, em S\u00e3o Paulo, o n\u00famero de inadimplentes sofreu um recuo de 4,47% em agosto, quando comparado com o mesmo per\u00edodo do ano passado. A faixa et\u00e1ria de 30 a 39 anos concentra o maior volume de inadimplentes do estado, representando 25,81% do total. A distribui\u00e7\u00e3o por sexo entre os devedores est\u00e1 bastante equilibrada, com 50,38% mulheres e 49,62% homens.<\/p>\n\n\n<style>.kb-image12393_09170e-a8 .kb-image-has-overlay:after{opacity:0.3;}<\/style>\n<figure class=\"wp-block-kadence-image kb-image12393_09170e-a8 size-full\"><img loading=\"lazy\" decoding=\"async\" width=\"734\" height=\"306\" src=\"https:\/\/sincomavi.org.br\/wp-content\/uploads\/2024\/09\/foto-1.jpg\" alt=\"\" class=\"kb-img wp-image-12394\" srcset=\"https:\/\/sincomavi.org.br\/wp-content\/uploads\/2024\/09\/foto-1.jpg 734w, https:\/\/sincomavi.org.br\/wp-content\/uploads\/2024\/09\/foto-1-300x125.jpg 300w, https:\/\/sincomavi.org.br\/wp-content\/uploads\/2024\/09\/foto-1-640x267.jpg 640w, https:\/\/sincomavi.org.br\/wp-content\/uploads\/2024\/09\/foto-1-681x284.jpg 681w\" sizes=\"auto, (max-width: 734px) 100vw, 734px\" \/><\/figure>\n\n\n\n<p>O estudo, feito em parceria com a Federa\u00e7\u00e3o das C\u00e2maras de Dirigentes Lojistas do Estado de S\u00e3o Paulo (FCDL-SP), revela ainda que o tempo m\u00e9dio de atraso dos devedores \u00e9 de 27 meses, cerca de 41,48% dos consumidores negativados t\u00eam um hist\u00f3rico de inadimpl\u00eancia que varia entre 1 e 3 anos.<\/p>\n\n\n\n<p>As d\u00edvidas est\u00e3o concentradas principalmente no setor banc\u00e1rio e nos servi\u00e7os p\u00fablicos, \u00e1gua e luz. Para Maur\u00edcio Stainoff, presidente da FCDL-SP, o crescimento do PIB e a redu\u00e7\u00e3o do desemprego s\u00e3o fatores importantes que contribuem para a melhora nos n\u00edveis de inadimpl\u00eancia. \u201cAl\u00e9m disso, a chegada das vagas tempor\u00e1rias de final de ano deve fortalecer ainda mais o mercado de trabalho e ajudar na continuidade da redu\u00e7\u00e3o das d\u00edvidas\u201d, complementa.<\/p>\n\n\n<style>.kb-image12393_95339e-4d .kb-image-has-overlay:after{opacity:0.3;}<\/style>\n<figure class=\"wp-block-kadence-image kb-image12393_95339e-4d size-full\"><img loading=\"lazy\" decoding=\"async\" width=\"690\" height=\"401\" src=\"https:\/\/sincomavi.org.br\/wp-content\/uploads\/2024\/09\/foto-3.jpg\" alt=\"\" class=\"kb-img wp-image-12395\" srcset=\"https:\/\/sincomavi.org.br\/wp-content\/uploads\/2024\/09\/foto-3.jpg 690w, https:\/\/sincomavi.org.br\/wp-content\/uploads\/2024\/09\/foto-3-300x174.jpg 300w, https:\/\/sincomavi.org.br\/wp-content\/uploads\/2024\/09\/foto-3-640x372.jpg 640w, https:\/\/sincomavi.org.br\/wp-content\/uploads\/2024\/09\/foto-3-681x396.jpg 681w\" sizes=\"auto, (max-width: 690px) 100vw, 690px\" \/><\/figure>\n\n\n\n<hr class=\"wp-block-separator has-alpha-channel-opacity is-style-default\"\/>\n","protected":false},"excerpt":{"rendered":"<p>Pesquisa do SPC Brasil revela que, em S\u00e3o Paulo, o n\u00famero de inadimplentes sofreu um recuo de 4,47% em agosto, quando comparado com o mesmo per\u00edodo do ano passado. A faixa et\u00e1ria de 30 a 39 anos concentra o maior volume de inadimplentes do estado, representando 25,81% do total. A distribui\u00e7\u00e3o por sexo entre os [&hellip;]<\/p>\n","protected":false},"author":1,"featured_media":12396,"comment_status":"closed","ping_status":"open","sticky":false,"template":"","format":"standard","meta":{"tdm_status":"","tdm_grid_status":"","footnotes":""},"categories":[153],"tags":[199,410,620,160,200],"class_list":["post-12393","post","type-post","status-publish","format-standard","has-post-thumbnail","hentry","category-noticias","tag-comercio","tag-inadimplencia","tag-levantamento","tag-pesquisa","tag-varejo"],"amp_enabled":true,"_links":{"self":[{"href":"https:\/\/sincomavi.org.br\/index.php?rest_route=\/wp\/v2\/posts\/12393","targetHints":{"allow":["GET"]}}],"collection":[{"href":"https:\/\/sincomavi.org.br\/index.php?rest_route=\/wp\/v2\/posts"}],"about":[{"href":"https:\/\/sincomavi.org.br\/index.php?rest_route=\/wp\/v2\/types\/post"}],"author":[{"embeddable":true,"href":"https:\/\/sincomavi.org.br\/index.php?rest_route=\/wp\/v2\/users\/1"}],"replies":[{"embeddable":true,"href":"https:\/\/sincomavi.org.br\/index.php?rest_route=%2Fwp%2Fv2%2Fcomments&post=12393"}],"version-history":[{"count":1,"href":"https:\/\/sincomavi.org.br\/index.php?rest_route=\/wp\/v2\/posts\/12393\/revisions"}],"predecessor-version":[{"id":12397,"href":"https:\/\/sincomavi.org.br\/index.php?rest_route=\/wp\/v2\/posts\/12393\/revisions\/12397"}],"wp:featuredmedia":[{"embeddable":true,"href":"https:\/\/sincomavi.org.br\/index.php?rest_route=\/wp\/v2\/media\/12396"}],"wp:attachment":[{"href":"https:\/\/sincomavi.org.br\/index.php?rest_route=%2Fwp%2Fv2%2Fmedia&parent=12393"}],"wp:term":[{"taxonomy":"category","embeddable":true,"href":"https:\/\/sincomavi.org.br\/index.php?rest_route=%2Fwp%2Fv2%2Fcategories&post=12393"},{"taxonomy":"post_tag","embeddable":true,"href":"https:\/\/sincomavi.org.br\/index.php?rest_route=%2Fwp%2Fv2%2Ftags&post=12393"}],"curies":[{"name":"wp","href":"https:\/\/api.w.org\/{rel}","templated":true}]}}