{"id":12331,"date":"2024-08-29T12:00:00","date_gmt":"2024-08-29T15:00:00","guid":{"rendered":"https:\/\/sincomavi.org.br\/?p=12331"},"modified":"2024-08-29T13:28:54","modified_gmt":"2024-08-29T16:28:54","slug":"confianca-queda-no-comercio-estabilidade-na-industria","status":"publish","type":"post","link":"https:\/\/sincomavi.org.br\/?p=12331","title":{"rendered":"Confian\u00e7a: queda no com\u00e9rcio; estabilidade na ind\u00fastria"},"content":{"rendered":"\n<hr class=\"wp-block-separator has-alpha-channel-opacity is-style-default\"\/>\n\n\n<div class=\"wp-block-post-date\"><time datetime=\"2024-08-29T12:00:00-03:00\">29 de agosto de 2024<\/time><\/div>\n\n\n<p>Enquanto o \u00cdndice de Confian\u00e7a do Empres\u00e1rio do Com\u00e9rcio (ICEC), medido pela Confedera\u00e7\u00e3o Nacional do Com\u00e9rcio de Bens, Servi\u00e7os e Turismo (CNC), registrou uma queda de 1,5%, o \u00cdndice de Confian\u00e7a da Ind\u00fastria (ICI), do Instituto Brasileiro de Economia da Funda\u00e7\u00e3o Getulio Vargas (FGV IBRE), n\u00e3o sofreu nenhuma varia\u00e7\u00e3o em agosto.<\/p>\n\n\n\n<p>No caso do com\u00e9rcio, o indicador alcan\u00e7ou os 108,7 pontos, sofrendo a quarta queda consecutiva e a mais acentuada do per\u00edodo. Em sua an\u00e1lise, a CNC aponta como ponto mais cr\u00edtico o recuo de 5% na confian\u00e7a dos empres\u00e1rios em rela\u00e7\u00e3o \u00e0s condi\u00e7\u00f5es atuais da economia. Jos\u00e9 Roberto Trados, presidente do Sistema CNC-Sesc-Senac, atribui essa vis\u00e3o pessimista \u00e0s indefini\u00e7\u00f5es quanto ao futuro da taxa Selic, \u00e0 infla\u00e7\u00e3o e \u00e0s contas p\u00fablicas. \u201cA economia brasileira enfrenta um cen\u00e1rio com algumas d\u00favidas no horizonte, com a quest\u00e3o fiscal e uma infla\u00e7\u00e3o que ainda preocupa, apesar dos ajustes recentes na taxa de juros\u201d, avalia.<\/p>\n\n\n\n<p>O \u00cdndice de Confian\u00e7a da Ind\u00fastria (ICI), por sua vez, se manteve em 101,7 pontos no per\u00edodo analisado, mas houve um aumento de 1,2 ponto na compara\u00e7\u00e3o das m\u00e9dias m\u00f3veis trimestrais, o que representou a quarta alta consecutiva, para 100,6 pontos. O economista St\u00e9fano Pacini, comenta que o resultado possui uma caracter\u00edstica de compensa\u00e7\u00e3o ap\u00f3s um per\u00edodo de seguidas melhorias na demanda e redu\u00e7\u00e3o dos estoques. \u201cO empres\u00e1rio do setor segue com perspectivas positivas relacionadas ao ambiente de neg\u00f3cios para o fim do ano\u201d, afirma. \u201cNo cen\u00e1rio macroecon\u00f4mico, apesar do fim do ciclo de quedas na taxa de juros, os indicadores de trabalho e renda continuam positivos e contribuem com o otimismo espalhados entre os segmentos, por\u00e9m acende um alerta para uma poss\u00edvel press\u00e3o de custos\u201d.<\/p>\n\n\n\n<p>O FGV IBRE tamb\u00e9m divulgou o resultado de agosto do \u00cdndice de Confian\u00e7a do Com\u00e9rcio (ICOM). O indicador contou com uma queda de 1,8 ponto e alcan\u00e7ou os 89,1 pontos. A economista Ge\u00f3rgia Veloso comenta que, ap\u00f3s o modesto crescimento observado em julho, a confian\u00e7a do com\u00e9rcio voltou a cair, impulsionada pela deteriora\u00e7\u00e3o das expectativas em rela\u00e7\u00e3o aos pr\u00f3ximos meses, que se dissemina nos seis principais segmentos do setor. \u201cApesar da redu\u00e7\u00e3o do pessimismo nas avalia\u00e7\u00f5es sobre o volume de demanda atual, os empres\u00e1rios continuam cautelosos e n\u00e3o se mostram otimistas em rela\u00e7\u00e3o \u00e0 evolu\u00e7\u00e3o das vendas futuras, mesmo diante da resili\u00eancia de um mercado de trabalho aquecido e da melhora na confian\u00e7a dos consumidores\u201d, explica. Em sua opini\u00e3o, o setor, que iniciou 2024 com sinais de recupera\u00e7\u00e3o, enfrenta cen\u00e1rio incerto no segundo semestre: \u201co comportamento das taxas de juros e o risco inflacion\u00e1rio, que afetam diretamente o consumo, contribuem para essa incerteza\u201d.<\/p>\n\n\n\n<hr class=\"wp-block-separator has-alpha-channel-opacity is-style-default\"\/>\n","protected":false},"excerpt":{"rendered":"<p>Enquanto o \u00cdndice de Confian\u00e7a do Empres\u00e1rio do Com\u00e9rcio (ICEC), medido pela Confedera\u00e7\u00e3o Nacional do Com\u00e9rcio de Bens, Servi\u00e7os e Turismo (CNC), registrou uma queda de 1,5%, o \u00cdndice de Confian\u00e7a da Ind\u00fastria (ICI), do Instituto Brasileiro de Economia da Funda\u00e7\u00e3o Getulio Vargas (FGV IBRE), n\u00e3o sofreu nenhuma varia\u00e7\u00e3o em agosto. No caso do com\u00e9rcio, [&hellip;]<\/p>\n","protected":false},"author":1,"featured_media":5828,"comment_status":"closed","ping_status":"open","sticky":false,"template":"","format":"standard","meta":{"tdm_status":"","tdm_grid_status":"","footnotes":""},"categories":[153],"tags":[199,204,156,620,160,200],"class_list":["post-12331","post","type-post","status-publish","format-standard","has-post-thumbnail","hentry","category-noticias","tag-comercio","tag-confianca","tag-economia","tag-levantamento","tag-pesquisa","tag-varejo"],"amp_enabled":true,"_links":{"self":[{"href":"https:\/\/sincomavi.org.br\/index.php?rest_route=\/wp\/v2\/posts\/12331","targetHints":{"allow":["GET"]}}],"collection":[{"href":"https:\/\/sincomavi.org.br\/index.php?rest_route=\/wp\/v2\/posts"}],"about":[{"href":"https:\/\/sincomavi.org.br\/index.php?rest_route=\/wp\/v2\/types\/post"}],"author":[{"embeddable":true,"href":"https:\/\/sincomavi.org.br\/index.php?rest_route=\/wp\/v2\/users\/1"}],"replies":[{"embeddable":true,"href":"https:\/\/sincomavi.org.br\/index.php?rest_route=%2Fwp%2Fv2%2Fcomments&post=12331"}],"version-history":[{"count":2,"href":"https:\/\/sincomavi.org.br\/index.php?rest_route=\/wp\/v2\/posts\/12331\/revisions"}],"predecessor-version":[{"id":12333,"href":"https:\/\/sincomavi.org.br\/index.php?rest_route=\/wp\/v2\/posts\/12331\/revisions\/12333"}],"wp:featuredmedia":[{"embeddable":true,"href":"https:\/\/sincomavi.org.br\/index.php?rest_route=\/wp\/v2\/media\/5828"}],"wp:attachment":[{"href":"https:\/\/sincomavi.org.br\/index.php?rest_route=%2Fwp%2Fv2%2Fmedia&parent=12331"}],"wp:term":[{"taxonomy":"category","embeddable":true,"href":"https:\/\/sincomavi.org.br\/index.php?rest_route=%2Fwp%2Fv2%2Fcategories&post=12331"},{"taxonomy":"post_tag","embeddable":true,"href":"https:\/\/sincomavi.org.br\/index.php?rest_route=%2Fwp%2Fv2%2Ftags&post=12331"}],"curies":[{"name":"wp","href":"https:\/\/api.w.org\/{rel}","templated":true}]}}