{"id":12295,"date":"2024-08-22T08:37:53","date_gmt":"2024-08-22T11:37:53","guid":{"rendered":"https:\/\/sincomavi.org.br\/?p=12295"},"modified":"2024-08-22T08:37:55","modified_gmt":"2024-08-22T11:37:55","slug":"senado-precisa-ajustar-reforma-tributaria-para-nao-prejudicar-empresas-do-simples-nacional","status":"publish","type":"post","link":"https:\/\/sincomavi.org.br\/?p=12295","title":{"rendered":"Senado precisa ajustar Reforma Tribut\u00e1ria para n\u00e3o prejudicar empresas do Simples Nacional"},"content":{"rendered":"\n<hr class=\"wp-block-separator has-alpha-channel-opacity is-style-default\"\/>\n\n\n<div class=\"wp-block-post-date\"><time datetime=\"2024-08-22T08:37:53-03:00\">22 de agosto de 2024<\/time><\/div>\n\n\n<p>Ap\u00f3s passar pela C\u00e2mara dos Deputados, o Projeto de Lei Complementar (PLP) 68\/2024, que regula a Reforma Tribut\u00e1ria aprovada no final de 2023, est\u00e1 em debate agora no Senado \u2013 casa na qual o Sincomavi e a Federa\u00e7\u00e3o do Com\u00e9rcio de Bens, Servi\u00e7os e Turismo do Estado de S\u00e3o Paulo esperam que o texto seja aprimorado.&nbsp;<\/p>\n\n\n\n<p>Uma das principais preocupa\u00e7\u00f5es das entidades \u00e9 com o Simples Nacional. Isso porque algumas das novas regras no projeto podem representar aumento significativo de tributos para empresas enquadradas nesse regime.&nbsp;<\/p>\n\n\n\n<p>Na C\u00e2mara, o trecho do projeto sobre o Simples n\u00e3o foi alterado, fazendo com que empresas de pequeno porte \u2013 que d\u00e3o a t\u00f4nica da economia do Pa\u00eds \u2013 continuem em um dilema cujas op\u00e7\u00f5es s\u00e3o ruins: ou se manter integralmente no Simples, mas perdendo competitividade, ou excluir os novos tributos do regime diferenciado e arcar com uma carga tribut\u00e1ria maior.&nbsp;<\/p>\n\n\n\n<p>Atualmente esses empreendedores t\u00eam um tratamento diferenciado, o que lhes garante condi\u00e7\u00f5es relevantes para competir no mercado, uma vez que a legisla\u00e7\u00e3o garante a transfer\u00eancia integral dos cr\u00e9ditos de PIS\/Cofins no montante de 9,25%. A reforma, por\u00e9m, restringiu essa transfer\u00eancia ao montante realmente pago no regime unificado.&nbsp;<\/p>\n\n\n\n<p>Desde o in\u00edcio da discuss\u00e3o, a sugest\u00e3o \u00e9 que seja permitida, ao contr\u00e1rio, a transfer\u00eancia de cr\u00e9dito da CBS em um percentual equivalente \u00e0 al\u00edquota aplic\u00e1vel a empresas do regime regular, de modo a manter a regra atual sobre contribui\u00e7\u00f5es que ser\u00e3o extintas (PIS\/Cofins). \u00c9 uma proposta para garantir competitividade aos contribuintes por meio das cadeias produtivas.&nbsp;&nbsp;<\/p>\n\n\n\n<p>Mas n\u00e3o \u00e9 s\u00f3 isso: a modifica\u00e7\u00e3o nas regras da n\u00e3o cumulatividade \u00e9 outro fator que ainda precisa ser aprimorado nessa nova fase da regulamenta\u00e7\u00e3o. Esse ponto \u00e9 especialmente importante na defini\u00e7\u00e3o de bens e servi\u00e7os para uso e consumo pessoais, que n\u00e3o geram cr\u00e9dito tribut\u00e1rio. Pelo texto atual, ser\u00e1 permitido o creditamento de \u201cservi\u00e7os de planos de assist\u00eancia \u00e0 sa\u00fade e de fornecimento de vale-refei\u00e7\u00e3o e vale-alimenta\u00e7\u00e3o, quando forem destinados a empregados e decorrerem de Conven\u00e7\u00e3o Coletiva de Trabalho (CCT)\u201d.<\/p>\n\n\n\n<p>Todavia, ainda n\u00e3o h\u00e1 a inclus\u00e3o de despesas relevantes, como bolsa de estudo e deslocamento dos empregados, aperfei\u00e7oamentos que podem refor\u00e7ar ainda mais a neutralidade do sistema, conforme j\u00e1 defendido pelo sistema sindical.<\/p>\n\n\n\n<h2 class=\"wp-block-heading\"><strong>Pontos contemplados<\/strong><\/h2>\n\n\n\n<p>O Sincomavi e a FecomercioSP consideram importantes alguns avan\u00e7os feitos na C\u00e2mara \u2013 muitos deles com a colabora\u00e7\u00e3o das pr\u00f3prias Entidades, que participaram dos Grupos de Trabalho (GTs) elaborados pelo Congresso para discutir essa etapa da reforma. Ainda assim, s\u00e3o pontos que merecem aten\u00e7\u00e3o.<\/p>\n\n\n\n<p>Exemplo dessa luta \u00e9 a trava embutida na al\u00edquota de refer\u00eancia. Por outro, n\u00e3o h\u00e1 qualquer san\u00e7\u00e3o ao descumprimento do dispositivo, al\u00e9m da possibilidade de revis\u00e3o de benef\u00edcios j\u00e1 pactuados. Um dispositivo foi inclu\u00eddo estabelecendo que se o percentual geral for superior a 26,5%, o Poder Executivo apresentar\u00e1 Projeto de Lei Complementar (PLP) para propor diminui\u00e7\u00e3o das redu\u00e7\u00f5es de al\u00edquotas dos regimes diferenciados, beneficiados com redu\u00e7\u00f5es de 30% e 60%.&nbsp;<\/p>\n\n\n\n<h2 class=\"wp-block-heading\"><strong>Carga tribut\u00e1ria e moderniza\u00e7\u00e3o do Estado<\/strong><\/h2>\n\n\n\n<p>A Reforma Tribut\u00e1ria, aprovada no final de 2023 no Congresso e, agora, em fase de regulamenta\u00e7\u00e3o, tem sido motivo de cr\u00edticas por parte da representa\u00e7\u00e3o patronal. Isso porque, al\u00e9m de dificultar significativamente o ambiente de neg\u00f3cios para os pequenos empreendedores, os contribuintes brasileiros passar\u00e3o a figurar na lista das na\u00e7\u00f5es que mais pagam impostos (26,5%) quando o texto entrar em vigor.<\/p>\n\n\n\n<p>O Sincomavi e a FecomercioSP seguem defendendo uma Reforma Administrativa que reduza os gastos p\u00fablicos e proporcione mais transpar\u00eancia e retorno ao contribuinte.<\/p>\n\n\n\n<hr class=\"wp-block-separator has-alpha-channel-opacity is-style-default\"\/>\n","protected":false},"excerpt":{"rendered":"<p>Ap\u00f3s passar pela C\u00e2mara dos Deputados, o Projeto de Lei Complementar (PLP) 68\/2024, que regula a Reforma Tribut\u00e1ria aprovada no final de 2023, est\u00e1 em debate agora no Senado \u2013 casa na qual o Sincomavi e a Federa\u00e7\u00e3o do Com\u00e9rcio de Bens, Servi\u00e7os e Turismo do Estado de S\u00e3o Paulo esperam que o texto seja [&hellip;]<\/p>\n","protected":false},"author":1,"featured_media":12296,"comment_status":"closed","ping_status":"open","sticky":false,"template":"","format":"standard","meta":{"tdm_status":"","tdm_grid_status":"","footnotes":""},"categories":[153],"tags":[1422,199,451,1421,606,1420,284,200],"class_list":["post-12295","post","type-post","status-publish","format-standard","has-post-thumbnail","hentry","category-noticias","tag-cbs","tag-comercio","tag-pis-cofins","tag-plp-68-2024","tag-projeto-de-lei-complementar","tag-reforma-administrativa","tag-reforma-tributaria","tag-varejo"],"amp_enabled":true,"_links":{"self":[{"href":"https:\/\/sincomavi.org.br\/index.php?rest_route=\/wp\/v2\/posts\/12295","targetHints":{"allow":["GET"]}}],"collection":[{"href":"https:\/\/sincomavi.org.br\/index.php?rest_route=\/wp\/v2\/posts"}],"about":[{"href":"https:\/\/sincomavi.org.br\/index.php?rest_route=\/wp\/v2\/types\/post"}],"author":[{"embeddable":true,"href":"https:\/\/sincomavi.org.br\/index.php?rest_route=\/wp\/v2\/users\/1"}],"replies":[{"embeddable":true,"href":"https:\/\/sincomavi.org.br\/index.php?rest_route=%2Fwp%2Fv2%2Fcomments&post=12295"}],"version-history":[{"count":1,"href":"https:\/\/sincomavi.org.br\/index.php?rest_route=\/wp\/v2\/posts\/12295\/revisions"}],"predecessor-version":[{"id":12297,"href":"https:\/\/sincomavi.org.br\/index.php?rest_route=\/wp\/v2\/posts\/12295\/revisions\/12297"}],"wp:featuredmedia":[{"embeddable":true,"href":"https:\/\/sincomavi.org.br\/index.php?rest_route=\/wp\/v2\/media\/12296"}],"wp:attachment":[{"href":"https:\/\/sincomavi.org.br\/index.php?rest_route=%2Fwp%2Fv2%2Fmedia&parent=12295"}],"wp:term":[{"taxonomy":"category","embeddable":true,"href":"https:\/\/sincomavi.org.br\/index.php?rest_route=%2Fwp%2Fv2%2Fcategories&post=12295"},{"taxonomy":"post_tag","embeddable":true,"href":"https:\/\/sincomavi.org.br\/index.php?rest_route=%2Fwp%2Fv2%2Ftags&post=12295"}],"curies":[{"name":"wp","href":"https:\/\/api.w.org\/{rel}","templated":true}]}}