{"id":12265,"date":"2024-08-13T10:38:09","date_gmt":"2024-08-13T13:38:09","guid":{"rendered":"https:\/\/sincomavi.org.br\/?p=12265"},"modified":"2024-08-13T10:38:11","modified_gmt":"2024-08-13T13:38:11","slug":"comunicacao-reputacao-e-confianca","status":"publish","type":"post","link":"https:\/\/sincomavi.org.br\/?p=12265","title":{"rendered":"Comunica\u00e7\u00e3o, reputa\u00e7\u00e3o e confian\u00e7a"},"content":{"rendered":"\n<hr class=\"wp-block-separator has-alpha-channel-opacity is-style-default\"\/>\n\n\n<div class=\"wp-block-post-date\"><time datetime=\"2024-08-13T10:38:09-03:00\">13 de agosto de 2024<\/time><\/div>\n\n\n<p><strong>Por Claudia Bouman, \u00a0especialista em reputa\u00e7\u00e3o de marca e s\u00f3cia da <a href=\"https:\/\/www.perceptamkt.com.br\/\" target=\"_blank\" rel=\"noreferrer noopener\">Percepta Reputa\u00e7\u00e3o Empresarial<\/a>.<\/strong><\/p>\n\n\n\n<p><strong>&nbsp;<\/strong>A confian\u00e7a \u00e9 o atributo de maior destaque resultante do esfor\u00e7o em busca de melhor reputa\u00e7\u00e3o. Mas \u00e9 um engano imaginar que apenas o p\u00fablico consumidor deve ser o principal alvo ou deva ser o grande benefici\u00e1rio deste quesito. A reputa\u00e7\u00e3o \u00e9 constru\u00edda de modo difuso como somat\u00f3ria de v\u00e1rios aspectos e multifacetada de acordo com diferentes p\u00fablicos. Exige estrat\u00e9gia de comunica\u00e7\u00e3o integrada de forma a dialogar direta ou indiretamente com todos eles.<\/p>\n\n\n\n<p>Por exemplo, reputa\u00e7\u00e3o positiva junto ao mercado acion\u00e1rio ajuda a empresa a obter maior valor de mercado \u2013 a\u00e7\u00f5es de companhias com boa reputa\u00e7\u00e3o geralmente obt\u00e9m cota\u00e7\u00f5es favor\u00e1veis, com prefer\u00eancia de acionistas. Mais: a empresa consegue aumentar seus \u00edndices de recomenda\u00e7\u00e3o espont\u00e2nea e tem refer\u00eancias positivas nos mais diversos ambientes, como marketplaces e redes sociais, gra\u00e7as a clientes leais e recorrentes a partir de expectativas bem atendidas. Colaboradores orgulhosos de marcas com presen\u00e7a positiva no mercado apresentam maior engajamento (e se tornam tamb\u00e9m recomendadores espont\u00e2neos). De uma forma ampla, gera\u00e7\u00e3o de confian\u00e7a facilita gest\u00e3o e solu\u00e7\u00e3o de crises.<\/p>\n\n\n\n<p>Isso tudo \u00e9 gerado, ou amplificado, quando as marcas mant\u00eam di\u00e1logo constante com seus mais diferentes p\u00fablicos, ou stakeholders, por meio de um conjunto de ferramentas de comunica\u00e7\u00e3o empregadas de maneira integrada.<\/p>\n\n\n\n<p>Stakeholders s\u00e3o os diversos p\u00fablicos com os quais a empresa se relaciona e contribuem direta ou indiretamente para sua posi\u00e7\u00e3o no mercado em que atua. S\u00e3o colaboradores, clientes \u2013 incluindo ex-clientes, prospects, influenciadores \u2013, fornecedores, parceiros de neg\u00f3cios, imprensa, \u00f3rg\u00e3os de governo, associa\u00e7\u00f5es e a sociedade como um todo, entre outros.<\/p>\n\n\n\n<p>A gera\u00e7\u00e3o de experi\u00eancias positivas, decorrentes de atividades internas ou externas ao longo de suas rela\u00e7\u00f5es com todos seus stakeholders, consolida a reputa\u00e7\u00e3o das marcas. Internamente, \u00e9 preciso consolidar uma cultura empresarial positiva com relacionada \u00e0 constru\u00e7\u00e3o de uma base s\u00f3lida na adequa\u00e7\u00e3o e qualifica\u00e7\u00e3o de colaboradores. Treinamento e comunica\u00e7\u00e3o constantes rendem engajamento e orgulho de pertencer.<\/p>\n\n\n\n<p>A governan\u00e7a corporativa, com desenvolvimento de processos e pr\u00e1ticas para amplificar itens como transpar\u00eancia, credibilidade e autenticidade das a\u00e7\u00f5es empresariais \u00e9 um dos focos que devem merecer aten\u00e7\u00e3o. Tamb\u00e9m inclui a preocupa\u00e7\u00e3o com uma rela\u00e7\u00e3o ganha-ganha com fornecedores e distribuidores. A\u00e7\u00f5es que reflitam a clara preocupa\u00e7\u00e3o em corresponsabilidade, com oferta de treinamento e comunica\u00e7\u00e3o mais pr\u00f3ximas com os colaboradores das empresas parceiras, servem como exemplos de atua\u00e7\u00e3o nesse sentido.<\/p>\n\n\n\n<p>N\u00e3o estou falando de coisas que s\u00f3 valem da empresa para fora. Ao contr\u00e1rio, para que existam, \u00e9 necess\u00e1rio cuidar do que vem de dentro. Explico:&nbsp; para a experi\u00eancia dos clientes com a empresa e seus produtos ser positiva, \u00e9 preciso gerar credibilidade ao desenvolver tais produtos com cuidados em qualidade e desempenho e, naturalmente, a equipe de desenvolvimento e produ\u00e7\u00e3o precisa estar antenada com o desenho de ofertas melhores.<\/p>\n\n\n\n<p>N\u00e3o termina a\u00ed: a experi\u00eancia n\u00e3o est\u00e1 relacionada s\u00f3 \u00e0 venda dos produtos, mas inclui a forma de atendimento aos clientes, suporte e p\u00f3s-venda, seja por equipe interna ou terceirizada. Mais uma vez, exige cria\u00e7\u00e3o de processos redondos e treinamentos com foco em solucionar problemas dos clientes para que sequer cogitem de apelar para ouvidoria ou outras inst\u00e2ncias \u2013 como redes sociais, \u00f3rg\u00e3os de controle ou no temido Reclame Aqui\u2013 em busca de ajuda. Uma vez solucionado o problema, \u00e9 hora de rever processos para que o epis\u00f3dio n\u00e3o se repita com outros clientes, em ciclo de realimenta\u00e7\u00e3o cont\u00ednua.<\/p>\n\n\n\n<p>As redes sociais merecem destaque. Utilizadas mais e mais como canais de atendimento e reclama\u00e7\u00e3o \u2013 com manifesta\u00e7\u00f5es nem sempre dirigidas diretamente \u00e0s empresas, mas como forma de desabafo ou retalia\u00e7\u00e3o \u2013, hoje s\u00e3o extens\u00e3o dos bra\u00e7os de suporte e atendimento, na velocidade demandada por esses canais.<\/p>\n\n\n\n<p>Ou seja, a empresa precisa estar sintonizada em todos os canais de comunica\u00e7\u00e3o e pontos de contato \u2013 que carinhosamente chamo de momentos da verdade \u2013 em que se comprova, na pr\u00e1tica, se tudo que se fala foi realmente feito\u2026<\/p>\n\n\n\n<p>Outro destaque: a necessidade de foco das a\u00e7\u00f5es em ESG para ampliar visibilidade e apresentar atua\u00e7\u00e3o positiva \u00e0 sociedade. \u00c9 aqui, ali\u00e1s, onde muitas vezes acontece o descasamento entre personalidade (aquilo que a empresa diz que faz) e reputa\u00e7\u00e3o (a forma como ela realmente \u00e9 percebida pelos outros).<\/p>\n\n\n\n<p>Ressalto um detalhe sobre o ambiente Social (o S do ESG). De que adianta uma empresa declarar seu foco em diversidade se, internamente, o tema n\u00e3o est\u00e1 no escopo de sua \u00e1rea de recursos humanos? Recomenda-se como ponto de partida para projetos neste sentido, foco em colaboradores e seu ecossistema, incluindo bem-estar da equipe, diversidade, incentivo \u00e0 educa\u00e7\u00e3o, para depois apoiar projetos na sociedade dentro desses temas.<\/p>\n\n\n\n<p>Outro tanto em rela\u00e7\u00e3o ao meio ambiente e \u00e0 sustentabilidade (o E). Constante verifica\u00e7\u00e3o interna de processos produtivos, efici\u00eancia energ\u00e9tica, descarte de res\u00edduos (inclusive t\u00f3xicos), reciclagem etc. devem vir antes do apoio a a\u00e7\u00f5es sociais voltadas ao tema.<\/p>\n\n\n\n<p>Enfim, considerando que a reputa\u00e7\u00e3o \u00e9 o ativo mais valioso de uma empresa, a comunica\u00e7\u00e3o integrada de suas a\u00e7\u00f5es empresariais se torna o alicerce para sustentar essa reputa\u00e7\u00e3o e fortalecer ainda mais os la\u00e7os com todos \u2013 de clientes a investidores, funcion\u00e1rios e parceiros de neg\u00f3cios, entre tantos outros. Por tudo isso, \u00e9 fundamental investir em comunica\u00e7\u00e3o integrada, consistente e transparente, para tornar a experi\u00eancia de seus stakeholders cada vez mais positiva, alimentando um ciclo virtuoso e enriquecedor.<\/p>\n\n\n\n<hr class=\"wp-block-separator has-alpha-channel-opacity is-style-default\"\/>\n","protected":false},"excerpt":{"rendered":"<p>Por Claudia Bouman, \u00a0especialista em reputa\u00e7\u00e3o de marca e s\u00f3cia da Percepta Reputa\u00e7\u00e3o Empresarial. &nbsp;A confian\u00e7a \u00e9 o atributo de maior destaque resultante do esfor\u00e7o em busca de melhor reputa\u00e7\u00e3o. Mas \u00e9 um engano imaginar que apenas o p\u00fablico consumidor deve ser o principal alvo ou deva ser o grande benefici\u00e1rio deste quesito. A reputa\u00e7\u00e3o [&hellip;]<\/p>\n","protected":false},"author":1,"featured_media":12266,"comment_status":"closed","ping_status":"open","sticky":false,"template":"","format":"standard","meta":{"tdm_status":"","tdm_grid_status":"","footnotes":""},"categories":[210],"tags":[1413,236,205,225,1175,1415,383,1414,1363,75],"class_list":["post-12265","post","type-post","status-publish","format-standard","has-post-thumbnail","hentry","category-artigos","tag-branding","tag-comunicacao","tag-consumidor","tag-consumo","tag-marca","tag-mercado-consumidor","tag-relacoes-de-consumo","tag-reputacao","tag-retencao","tag-vendas"],"amp_enabled":true,"_links":{"self":[{"href":"https:\/\/sincomavi.org.br\/index.php?rest_route=\/wp\/v2\/posts\/12265","targetHints":{"allow":["GET"]}}],"collection":[{"href":"https:\/\/sincomavi.org.br\/index.php?rest_route=\/wp\/v2\/posts"}],"about":[{"href":"https:\/\/sincomavi.org.br\/index.php?rest_route=\/wp\/v2\/types\/post"}],"author":[{"embeddable":true,"href":"https:\/\/sincomavi.org.br\/index.php?rest_route=\/wp\/v2\/users\/1"}],"replies":[{"embeddable":true,"href":"https:\/\/sincomavi.org.br\/index.php?rest_route=%2Fwp%2Fv2%2Fcomments&post=12265"}],"version-history":[{"count":1,"href":"https:\/\/sincomavi.org.br\/index.php?rest_route=\/wp\/v2\/posts\/12265\/revisions"}],"predecessor-version":[{"id":12267,"href":"https:\/\/sincomavi.org.br\/index.php?rest_route=\/wp\/v2\/posts\/12265\/revisions\/12267"}],"wp:featuredmedia":[{"embeddable":true,"href":"https:\/\/sincomavi.org.br\/index.php?rest_route=\/wp\/v2\/media\/12266"}],"wp:attachment":[{"href":"https:\/\/sincomavi.org.br\/index.php?rest_route=%2Fwp%2Fv2%2Fmedia&parent=12265"}],"wp:term":[{"taxonomy":"category","embeddable":true,"href":"https:\/\/sincomavi.org.br\/index.php?rest_route=%2Fwp%2Fv2%2Fcategories&post=12265"},{"taxonomy":"post_tag","embeddable":true,"href":"https:\/\/sincomavi.org.br\/index.php?rest_route=%2Fwp%2Fv2%2Ftags&post=12265"}],"curies":[{"name":"wp","href":"https:\/\/api.w.org\/{rel}","templated":true}]}}