{"id":12262,"date":"2024-08-12T07:29:00","date_gmt":"2024-08-12T10:29:00","guid":{"rendered":"https:\/\/sincomavi.org.br\/?p=12262"},"modified":"2024-08-13T10:33:20","modified_gmt":"2024-08-13T13:33:20","slug":"conexao-emocional-5-pilares-para-estabelecer-uma-relacao-genuina-com-o-publico-e-reforcar-sua-marca","status":"publish","type":"post","link":"https:\/\/sincomavi.org.br\/?p=12262","title":{"rendered":"Conex\u00e3o emocional: 5 pilares para estabelecer uma rela\u00e7\u00e3o genu\u00edna com o p\u00fablico e refor\u00e7ar sua marca"},"content":{"rendered":"\n<hr class=\"wp-block-separator has-alpha-channel-opacity is-style-default\"\/>\n\n\n<div class=\"wp-block-post-date\"><time datetime=\"2024-08-12T07:29:00-03:00\">12 de agosto de 2024<\/time><\/div>\n\n\n<p><strong>Por Cristiano Zanetta, empres\u00e1rio, palestrante TED e filantropo reconhecido pela Warner Bros.<\/strong><\/p>\n\n\n\n<p>Para conquistar a aten\u00e7\u00e3o e lealdade do p\u00fablico, \u00e9 fundamental compreender e ativar os pontos de identifica\u00e7\u00e3o que geram uma conex\u00e3o emocional duradoura. Mais do que apenas transmitir informa\u00e7\u00f5es e despertar desejos, \u00e9 vital envolver profundamente o p\u00fablico por meio de estrat\u00e9gias que estabele\u00e7am um v\u00ednculo s\u00f3lido entre a marca e sua audi\u00eancia.<\/p>\n\n\n\n<p>No ano de 2023, a Ecglobal realizou uma pesquisa para medir o n\u00edvel de conex\u00e3o emocional do p\u00fablico com as marcas. Foram coletados dados de mais de 3.450 indiv\u00edduos, representando diversas regi\u00f5es do Brasil e pertencentes \u00e0s classes A, B e C, englobando as gera\u00e7\u00f5es de X a Z. Os participantes foram solicitados a avaliar suas marcas favoritas em 31 categorias diferentes.<\/p>\n\n\n\n<p>Os resultados revelaram que o iFood e o WhatsApp s\u00e3o as marcas com maior conex\u00e3o emocional. Essa liga\u00e7\u00e3o foi atribu\u00edda a uma s\u00e9rie de fatores considerados &#8220;tradicionais&#8221; em uma <em>Love Brand<\/em>, tais como consist\u00eancia nas a\u00e7\u00f5es, engajamento comunit\u00e1rio, capacidade de superar expectativas dos clientes e investimentos em \u00e1reas-chave como UX, inova\u00e7\u00e3o e responsabilidade social.<\/p>\n\n\n\n<p>Em um mercado cada vez mais competitivo e com consumidores valorizando experi\u00eancias, os conceitos de amor, desejo e encantamento t\u00eam se tornado termos frequentes no vocabul\u00e1rio das marcas. Estabelecer uma conex\u00e3o emocional profunda com os consumidores n\u00e3o apenas influencia suas decis\u00f5es de compra, mas tamb\u00e9m serve como alicerce para construir relacionamentos duradouros.<\/p>\n\n\n\n<p>Uma pesquisa realizada pela Opinion Box revelou que 95% das decis\u00f5es di\u00e1rias s\u00e3o influenciadas por emo\u00e7\u00f5es. Ao fazer uma compra, quest\u00f5es emocionais desempenham um papel significativo. Qualidade dos produtos, bom atendimento, marketing, branding, hist\u00f3ria da empresa e preocupa\u00e7\u00e3o com a sustentabilidade s\u00e3o alguns dos fatores que geram forte conex\u00e3o emocional com o cliente, aponta a an\u00e1lise de 250 marcas.<\/p>\n\n\n\n<p><strong>Perfis comportamentais e a \u201cQuebra da 4\u00b0 Parede\u201d<\/strong><\/p>\n\n\n\n<p>Em minhas palestras, utilizo cinco pilares fundamentais para estabelecer uma conex\u00e3o genu\u00edna com o p\u00fablico e captar sua aten\u00e7\u00e3o, criando assim um v\u00ednculo emocional s\u00f3lido: Perfil Racional, Emocional, Pragm\u00e1tico e Espiritual, aos quais atribuo na pr\u00e1tica o conceito de &#8220;Quebra da 4\u00aa Parede&#8221;.&nbsp;<\/p>\n\n\n\n<p>Essa proposta tamb\u00e9m pode ser igualmente aplicada em estrat\u00e9gias de marketing com o objetivo de fortalecer o elo entre o p\u00fablico e a marca, produto ou servi\u00e7o.&nbsp;<\/p>\n\n\n\n<p>A<strong> Quebra da 4\u00aa Parede<\/strong> tem por objetivo romper as limita\u00e7\u00f5es que separam voc\u00ea do seu p\u00fablico, essa t\u00e9cnica quebra barreiras e estreita a conex\u00e3o com a audi\u00eancia. \u00c9 como um convite para o p\u00fablico participar ativamente da hist\u00f3ria. Em vez de apenas assistir passivamente ou interagir com conte\u00fados pr\u00e9-fabricados, essa t\u00e9cnica convida os espectadores a fazerem parte do processo.&nbsp;<\/p>\n\n\n\n<p>Por exemplo, uma marca pode criar uma campanha em que um personagem principal, ao inv\u00e9s de apenas falar sobre o produto, reconhece diretamente a presen\u00e7a do espectador e o convida a participar da conversa. Isso pode ser feito de forma humor\u00edstica, inteligente ou at\u00e9 mesmo provocativa, dependendo da identidade da marca e do p\u00fablico-alvo.&nbsp;<\/p>\n\n\n\n<p>Al\u00e9m disso, a quebra da quarta parede pode ser aplicada de maneira mais sutil, como em postagens nas redes sociais. A marca pode compartilhar conte\u00fado dos bastidores, convidar os seguidores a opinarem sobre produtos ou simplesmente responder de forma aut\u00eantica aos coment\u00e1rios e mensagens dos clientes.&nbsp;<\/p>\n\n\n\n<p>Entretanto, \u00e9 essencial compreender previamente o perfil emocional e comportamental do seu p\u00fablico-alvo para poder adaptar eficazmente essas estrat\u00e9gias e fortalecer ainda mais a conex\u00e3o emocional entre eles e a marca.<\/p>\n\n\n\n<ul class=\"wp-block-list\">\n<li><strong>Perfil Racional:<\/strong> indiv\u00edduos que valorizam o embasamento cient\u00edfico. Para esse p\u00fablico \u00e9&nbsp; essencial fornecer dados e estat\u00edsticas que comprovem a efic\u00e1cia do produto ou servi\u00e7o.&nbsp;<\/li>\n<\/ul>\n\n\n\n<p>Nas redes sociais e campanhas publicit\u00e1rias divulgue testemunhos de clientes satisfeitos que enfatizam os resultados do produto ou servi\u00e7o. Fa\u00e7a ilustrativos com gr\u00e1ficos que destacam dados estat\u00edsticos sobre a efic\u00e1cia do produto, al\u00e9m de mostrar comprova\u00e7\u00f5es cient\u00edficas que respaldam a qualidade e efic\u00e1cia do produto.<\/p>\n\n\n\n<ul class=\"wp-block-list\">\n<li><strong>Perfil Emocional<\/strong>: pessoas que se conectam por meio de hist\u00f3rias. Neste caso, utilizar o storytelling aliado a casos reais aumenta a credibilidade da mensagem transmitida.<\/li>\n<\/ul>\n\n\n\n<p>Promova campanhas publicit\u00e1rias que contam hist\u00f3rias emocionantes e inspiradoras sobre como o produto ou servi\u00e7o transformou a vida dos clientes. Use v\u00eddeos e imagens que despertam emo\u00e7\u00f5es e conex\u00f5es profundas com a marca. Al\u00e9m disso, fa\u00e7a parcerias com influenciadores para que compartilhem hist\u00f3rias pessoais de como o produto impactou positivamente suas vidas.<\/p>\n\n\n\n<ul class=\"wp-block-list\">\n<li><strong>Perfil Pragm\u00e1tico<\/strong>: aqueles que precisam de processos claros para compreender e aceitar algo. Precisa de etapas claras e simples para facilitar a compreens\u00e3o antes de adquirir ou admirar algo ou algu\u00e9m.&nbsp;<\/li>\n<\/ul>\n\n\n\n<p>Mostre o produto em a\u00e7\u00e3o, como ele resolve problemas de forma simples e eficaz. Forne\u00e7a guias passo a passo e tutoriais claros que simplificam o processo de uso ou aquisi\u00e7\u00e3o do produto\/servi\u00e7o.&nbsp;<\/p>\n\n\n\n<ul class=\"wp-block-list\">\n<li><strong>Perfil Espiritual<\/strong>: aqueles que se conectam com prop\u00f3sitos e valores mais elevados e buscam uma conex\u00e3o mais profunda que d\u00ea sentido \u00e0s suas vidas.&nbsp;<\/li>\n<\/ul>\n\n\n\n<p>Comunique a miss\u00e3o e valores da marca de forma clara e aut\u00eantica, mostrando como eles se alinham com os princ\u00edpios do consumidor. Participe de iniciativas de responsabilidade social e ambiental e tenha compromisso com tais causas. Fa\u00e7a conte\u00fados inspiradores que ressoem com as cren\u00e7as e aspira\u00e7\u00f5es do p\u00fablico-alvo.<\/p>\n\n\n\n<p>Entender as preocupa\u00e7\u00f5es e dores do p\u00fablico e oferecer suporte \u00e9 fundamental para criar uma conex\u00e3o genu\u00edna e duradoura. No contexto do marketing, essa abordagem pode ser uma estrat\u00e9gia eficaz para diferenciar as marcas em um mercado saturado, construindo relacionamentos mais aut\u00eanticos com seu p\u00fablico-alvo.<\/p>\n\n\n\n<p>A Dove, por exemplo, desde 2004, tem sido uma forte defensora da &#8220;Real Beleza&#8221;, e por isso se tornou um dos exemplos mais marcantes de conex\u00e3o emocional com seu p\u00fablico. A marca desafiou os padr\u00f5es de beleza tradicionais &#8211; muito antes do assunto virar pauta nas m\u00eddias -, destacando a diversidade e promovendo a auto aceita\u00e7\u00e3o e a confian\u00e7a. Isso ressoou profundamente com seu p\u00fablico, gerando uma resposta emocional positiva e fortalecendo a lealdade \u00e0 marca por anos.<\/p>\n\n\n\n<hr class=\"wp-block-separator has-alpha-channel-opacity is-style-default\"\/>\n","protected":false},"excerpt":{"rendered":"<p>Por Cristiano Zanetta, empres\u00e1rio, palestrante TED e filantropo reconhecido pela Warner Bros. Para conquistar a aten\u00e7\u00e3o e lealdade do p\u00fablico, \u00e9 fundamental compreender e ativar os pontos de identifica\u00e7\u00e3o que geram uma conex\u00e3o emocional duradoura. Mais do que apenas transmitir informa\u00e7\u00f5es e despertar desejos, \u00e9 vital envolver profundamente o p\u00fablico por meio de estrat\u00e9gias que [&hellip;]<\/p>\n","protected":false},"author":1,"featured_media":12263,"comment_status":"closed","ping_status":"open","sticky":false,"template":"","format":"standard","meta":{"tdm_status":"","tdm_grid_status":"","footnotes":""},"categories":[210],"tags":[205,225,1175,1339,383,75],"class_list":["post-12262","post","type-post","status-publish","format-standard","has-post-thumbnail","hentry","category-artigos","tag-consumidor","tag-consumo","tag-marca","tag-publico-alvo","tag-relacoes-de-consumo","tag-vendas"],"amp_enabled":true,"_links":{"self":[{"href":"https:\/\/sincomavi.org.br\/index.php?rest_route=\/wp\/v2\/posts\/12262","targetHints":{"allow":["GET"]}}],"collection":[{"href":"https:\/\/sincomavi.org.br\/index.php?rest_route=\/wp\/v2\/posts"}],"about":[{"href":"https:\/\/sincomavi.org.br\/index.php?rest_route=\/wp\/v2\/types\/post"}],"author":[{"embeddable":true,"href":"https:\/\/sincomavi.org.br\/index.php?rest_route=\/wp\/v2\/users\/1"}],"replies":[{"embeddable":true,"href":"https:\/\/sincomavi.org.br\/index.php?rest_route=%2Fwp%2Fv2%2Fcomments&post=12262"}],"version-history":[{"count":1,"href":"https:\/\/sincomavi.org.br\/index.php?rest_route=\/wp\/v2\/posts\/12262\/revisions"}],"predecessor-version":[{"id":12264,"href":"https:\/\/sincomavi.org.br\/index.php?rest_route=\/wp\/v2\/posts\/12262\/revisions\/12264"}],"wp:featuredmedia":[{"embeddable":true,"href":"https:\/\/sincomavi.org.br\/index.php?rest_route=\/wp\/v2\/media\/12263"}],"wp:attachment":[{"href":"https:\/\/sincomavi.org.br\/index.php?rest_route=%2Fwp%2Fv2%2Fmedia&parent=12262"}],"wp:term":[{"taxonomy":"category","embeddable":true,"href":"https:\/\/sincomavi.org.br\/index.php?rest_route=%2Fwp%2Fv2%2Fcategories&post=12262"},{"taxonomy":"post_tag","embeddable":true,"href":"https:\/\/sincomavi.org.br\/index.php?rest_route=%2Fwp%2Fv2%2Ftags&post=12262"}],"curies":[{"name":"wp","href":"https:\/\/api.w.org\/{rel}","templated":true}]}}