{"id":12236,"date":"2024-08-08T09:32:05","date_gmt":"2024-08-08T12:32:05","guid":{"rendered":"https:\/\/sincomavi.org.br\/?p=12236"},"modified":"2024-08-08T09:48:14","modified_gmt":"2024-08-08T12:48:14","slug":"igp-avanca-083-em-julho","status":"publish","type":"post","link":"https:\/\/sincomavi.org.br\/?p=12236","title":{"rendered":"IGP avan\u00e7a 0,83 em julho"},"content":{"rendered":"\n<hr class=\"wp-block-separator has-alpha-channel-opacity is-style-default\"\/>\n\n\n<div class=\"wp-block-post-date\"><time datetime=\"2024-08-08T09:32:05-03:00\">8 de agosto de 2024<\/time><\/div>\n\n\n<p>O \u00cdndice Geral de Pre\u00e7os \u2013 Disponibilidade Interna (IGP-DI), do Instituto Brasileiro de Economia da Funda\u00e7\u00e3o Getulio Vargas (FGV IBRE),&nbsp; contou em julho com uma eleva\u00e7\u00e3o de 0,83%, patamar superior ao alcan\u00e7ado no m\u00eas anterior (0,50%). No acumulado do ano, o indicador alcan\u00e7ou 1,95%. Enquanto nos \u00faltimos doze meses, o valor ficou em 4,16%.<\/p>\n\n\n\n<p>Para Andr\u00e9 Braz, coordenador dos \u00cdndices de Pre\u00e7os, o principal motivador para essa alta foi a taxa correspondente aos produtos, com aumento nos pre\u00e7os de commodities agr\u00edcolas e minerais, al\u00e9m da alta no pre\u00e7o da gasolina. \u201cA taxa n\u00e3o foi ainda mais expressiva devido \u00e0 retra\u00e7\u00e3o dos pre\u00e7os de alimentos in natura, especialmente hortali\u00e7as, legumes e frutas\u201d, explica. Ele comenta ainda que o IPC avan\u00e7ou sob a influ\u00eancia da energia el\u00e9trica, devido \u00e0 pr\u00e1tica da bandeira amarela em julho, e da gasolina, ap\u00f3s o reajuste no in\u00edcio do m\u00eas. \u201cPor fim, o INCC manteve-se est\u00e1vel, embora os pre\u00e7os dos materiais e servi\u00e7os tenham acelerado, enquanto o custo da m\u00e3o de obra retrocedeu&#8221;, detalha.<\/p>\n\n\n\n<hr class=\"wp-block-separator has-alpha-channel-opacity is-style-default\"\/>\n","protected":false},"excerpt":{"rendered":"<p>O \u00cdndice Geral de Pre\u00e7os \u2013 Disponibilidade Interna (IGP-DI), do Instituto Brasileiro de Economia da Funda\u00e7\u00e3o Getulio Vargas (FGV IBRE),&nbsp; contou em julho com uma eleva\u00e7\u00e3o de 0,83%, patamar superior ao alcan\u00e7ado no m\u00eas anterior (0,50%). No acumulado do ano, o indicador alcan\u00e7ou 1,95%. Enquanto nos \u00faltimos doze meses, o valor ficou em 4,16%. Para [&hellip;]<\/p>\n","protected":false},"author":1,"featured_media":12237,"comment_status":"closed","ping_status":"open","sticky":false,"template":"","format":"standard","meta":{"tdm_status":"","tdm_grid_status":"","footnotes":""},"categories":[153],"tags":[199,156,754,1353,1408,331,620,158,160,200],"class_list":["post-12236","post","type-post","status-publish","format-standard","has-post-thumbnail","hentry","category-noticias","tag-comercio","tag-economia","tag-fgv-ibre","tag-igp","tag-igp_di","tag-inflacao","tag-levantamento","tag-material-de-construcao","tag-pesquisa","tag-varejo"],"amp_enabled":true,"_links":{"self":[{"href":"https:\/\/sincomavi.org.br\/index.php?rest_route=\/wp\/v2\/posts\/12236","targetHints":{"allow":["GET"]}}],"collection":[{"href":"https:\/\/sincomavi.org.br\/index.php?rest_route=\/wp\/v2\/posts"}],"about":[{"href":"https:\/\/sincomavi.org.br\/index.php?rest_route=\/wp\/v2\/types\/post"}],"author":[{"embeddable":true,"href":"https:\/\/sincomavi.org.br\/index.php?rest_route=\/wp\/v2\/users\/1"}],"replies":[{"embeddable":true,"href":"https:\/\/sincomavi.org.br\/index.php?rest_route=%2Fwp%2Fv2%2Fcomments&post=12236"}],"version-history":[{"count":1,"href":"https:\/\/sincomavi.org.br\/index.php?rest_route=\/wp\/v2\/posts\/12236\/revisions"}],"predecessor-version":[{"id":12238,"href":"https:\/\/sincomavi.org.br\/index.php?rest_route=\/wp\/v2\/posts\/12236\/revisions\/12238"}],"wp:featuredmedia":[{"embeddable":true,"href":"https:\/\/sincomavi.org.br\/index.php?rest_route=\/wp\/v2\/media\/12237"}],"wp:attachment":[{"href":"https:\/\/sincomavi.org.br\/index.php?rest_route=%2Fwp%2Fv2%2Fmedia&parent=12236"}],"wp:term":[{"taxonomy":"category","embeddable":true,"href":"https:\/\/sincomavi.org.br\/index.php?rest_route=%2Fwp%2Fv2%2Fcategories&post=12236"},{"taxonomy":"post_tag","embeddable":true,"href":"https:\/\/sincomavi.org.br\/index.php?rest_route=%2Fwp%2Fv2%2Ftags&post=12236"}],"curies":[{"name":"wp","href":"https:\/\/api.w.org\/{rel}","templated":true}]}}