{"id":1219,"date":"2019-09-13T09:37:03","date_gmt":"2019-09-13T12:37:03","guid":{"rendered":"http:\/\/sincomavi.org.br\/?p=1219"},"modified":"2019-09-13T09:37:04","modified_gmt":"2019-09-13T12:37:04","slug":"vendas-de-cimento-continuam-em-recuperacao","status":"publish","type":"post","link":"https:\/\/sincomavi.org.br\/?p=1219","title":{"rendered":"Vendas de cimento continuam em recupera\u00e7\u00e3o"},"content":{"rendered":"\n<p>O aumento de 3% em agosto nas vendas de cimento, tendo como refer\u00eancia o mesmo m\u00eas do ano passado, mostra que o segmento prossegue em ritmo de recupera\u00e7\u00e3o, conforme dados do <a href=\"http:\/\/snic.org.br\" target=\"_blank\" rel=\"noreferrer noopener\" aria-label=\"Sindicato Nacional da Ind\u00fastria de Cimento (SNIC) (abre numa nova aba)\">Sindicato Nacional da Ind\u00fastria de Cimento (SNIC)<\/a>. No acumulado de 2019, janeiro a agosto, o crescimento foi de 2,9% em rela\u00e7\u00e3o ao mesmo intervalo do ano passado. <\/p>\n\n\n\n<p>J\u00e1 nos \u00faltimos 12 meses (setembro de 2018 a agosto de\n2019), as vendas acumuladas atingiram 53,6 milh\u00f5es de toneladas de cimento, um\naumento de 1,8% em compara\u00e7\u00e3o com o mesmo per\u00edodo anterior (setembro de 2017 a\nagosto de 2018).<\/p>\n\n\n\n<p>Para Paulo Camillo Penna, presidente do SNIC, o PIB da\nconstru\u00e7\u00e3o civil come\u00e7ou a reagir no segundo trimestre, assim como as vendas de\nmateriais da constru\u00e7\u00e3o civil, como vergalh\u00f5es, pedras britadas entre outros. &nbsp;Esses resultados t\u00eam conseguido dar maior\nesperan\u00e7a aos empres\u00e1rios do setor por um futuro melhor. &#8220;A sondagem da\nconstru\u00e7\u00e3o civil feita pela FGV e o \u00edndice de confian\u00e7a do empres\u00e1rio\nindustrial elaborado pela CNI subiram pelo terceiro m\u00eas consecutivo. O\nindicador da FGV est\u00e1 no maior ponto desde fevereiro de 2015. O ambiente de\nneg\u00f3cios est\u00e1 mais favor\u00e1vel, mostrando uma maior consist\u00eancia do movimento de\nretomada&#8221;, ressalta.<\/p>\n\n\n\n<h2 class=\"wp-block-heading\"><strong>Venda Acumulada 12 meses &#8211; Mercado Interno<\/strong><\/h2>\n\n\n\n<figure class=\"wp-block-image\"><img loading=\"lazy\" decoding=\"async\" width=\"887\" height=\"501\" src=\"http:\/\/sincomavi.org.br\/wp-content\/uploads\/2019\/09\/cimento.jpg\" alt=\"Gr\u00e1fico das vendas acumuladas de cimento nos \u00faltimos 12 meses.\" class=\"wp-image-1220\" srcset=\"https:\/\/sincomavi.org.br\/wp-content\/uploads\/2019\/09\/cimento.jpg 887w, https:\/\/sincomavi.org.br\/wp-content\/uploads\/2019\/09\/cimento-300x169.jpg 300w, https:\/\/sincomavi.org.br\/wp-content\/uploads\/2019\/09\/cimento-768x434.jpg 768w, https:\/\/sincomavi.org.br\/wp-content\/uploads\/2019\/09\/cimento-744x420.jpg 744w, https:\/\/sincomavi.org.br\/wp-content\/uploads\/2019\/09\/cimento-640x361.jpg 640w, https:\/\/sincomavi.org.br\/wp-content\/uploads\/2019\/09\/cimento-681x385.jpg 681w\" sizes=\"auto, (max-width: 887px) 100vw, 887px\" \/><figcaption>Vendas de cimento mantiveram um ritmo de crescimento nos \u00faltimos tr\u00eas meses.<\/figcaption><\/figure>\n\n\n\n<p><em>(vendas preliminares da ind\u00fastria e estimativas de mercado)<br>Fonte: SNIC<\/em><\/p>\n","protected":false},"excerpt":{"rendered":"<p>O aumento de 3% em agosto nas vendas de cimento, tendo como refer\u00eancia o mesmo m\u00eas do ano passado, mostra que o segmento prossegue em ritmo de recupera\u00e7\u00e3o, conforme dados do Sindicato Nacional da Ind\u00fastria de Cimento (SNIC). No acumulado de 2019, janeiro a agosto, o crescimento foi de 2,9% em rela\u00e7\u00e3o ao mesmo intervalo [&hellip;]<\/p>\n","protected":false},"author":1,"featured_media":1221,"comment_status":"closed","ping_status":"open","sticky":false,"template":"","format":"standard","meta":{"tdm_status":"","tdm_grid_status":"","footnotes":""},"categories":[153],"tags":[220,75],"class_list":["post-1219","post","type-post","status-publish","format-standard","has-post-thumbnail","hentry","category-noticias","tag-cimento","tag-vendas"],"amp_enabled":true,"_links":{"self":[{"href":"https:\/\/sincomavi.org.br\/index.php?rest_route=\/wp\/v2\/posts\/1219","targetHints":{"allow":["GET"]}}],"collection":[{"href":"https:\/\/sincomavi.org.br\/index.php?rest_route=\/wp\/v2\/posts"}],"about":[{"href":"https:\/\/sincomavi.org.br\/index.php?rest_route=\/wp\/v2\/types\/post"}],"author":[{"embeddable":true,"href":"https:\/\/sincomavi.org.br\/index.php?rest_route=\/wp\/v2\/users\/1"}],"replies":[{"embeddable":true,"href":"https:\/\/sincomavi.org.br\/index.php?rest_route=%2Fwp%2Fv2%2Fcomments&post=1219"}],"version-history":[{"count":1,"href":"https:\/\/sincomavi.org.br\/index.php?rest_route=\/wp\/v2\/posts\/1219\/revisions"}],"predecessor-version":[{"id":1222,"href":"https:\/\/sincomavi.org.br\/index.php?rest_route=\/wp\/v2\/posts\/1219\/revisions\/1222"}],"wp:featuredmedia":[{"embeddable":true,"href":"https:\/\/sincomavi.org.br\/index.php?rest_route=\/wp\/v2\/media\/1221"}],"wp:attachment":[{"href":"https:\/\/sincomavi.org.br\/index.php?rest_route=%2Fwp%2Fv2%2Fmedia&parent=1219"}],"wp:term":[{"taxonomy":"category","embeddable":true,"href":"https:\/\/sincomavi.org.br\/index.php?rest_route=%2Fwp%2Fv2%2Fcategories&post=1219"},{"taxonomy":"post_tag","embeddable":true,"href":"https:\/\/sincomavi.org.br\/index.php?rest_route=%2Fwp%2Fv2%2Ftags&post=1219"}],"curies":[{"name":"wp","href":"https:\/\/api.w.org\/{rel}","templated":true}]}}