{"id":1216,"date":"2019-09-13T09:16:19","date_gmt":"2019-09-13T12:16:19","guid":{"rendered":"http:\/\/sincomavi.org.br\/?p=1216"},"modified":"2019-09-30T12:36:33","modified_gmt":"2019-09-30T15:36:33","slug":"regulamentacao-do-programa-nos-conformes","status":"publish","type":"post","link":"https:\/\/sincomavi.org.br\/?p=1216","title":{"rendered":"Regulamenta\u00e7\u00e3o do programa \u201cNos Conformes\u201d"},"content":{"rendered":"\n<p>Publicado no Di\u00e1rio\nOficial do Estado de S\u00e3o Paulo de 7 de setembro de 2019, o Decreto n\u00ba 64.453,\nde 6 de setembro de 2019, regulamenta a classifica\u00e7\u00e3o de contribuintes do ICMS\nprevista na&nbsp;<a href=\"https:\/\/www.al.sp.gov.br\/repositorio\/legislacao\/lei.complementar\/2018\/lei.complementar-1320-06.04.2018.html\" target=\"_blank\" rel=\"noreferrer noopener\">Lei Complementar n\u00ba 1.320,<\/a>&nbsp;&nbsp;que institui o\nPrograma de Est\u00edmulo \u00e0 Conformidade Tribut\u00e1ria &#8211; \u201cNos Conformes\u201d.<\/p>\n\n\n\n<p>Cabe lembrar que\nanteriormente a esta regulamenta\u00e7\u00e3o, que possui vig\u00eancia a partir de 1\u00ba\/9, o\nPrograma estava operando de forma experimental de acordo com a Resolu\u00e7\u00e3o SFP\n13, que vigorou de 17\/10\/2018 a 31\/08\/2019. A partir de agora, a opera\u00e7\u00e3o \u00e9\nplena e ocorrer\u00e1 dentro das categorias &#8220;A+&#8221;, &#8220;A&#8221;,\n&#8220;B&#8221;, &#8220;C&#8221;, &#8220;D&#8221; e &#8220;E&#8221;, em ordem\ndecrescente de conformidade, levando-se em considera\u00e7\u00e3o todos os seus\nestabelecimentos em conjunto.<\/p>\n\n\n\n<p>A classifica\u00e7\u00e3o tem\ncomo principais objetivos incentivar a conformidade tribut\u00e1ria e estimular a\nconcorr\u00eancia leal entre os contribuintes do ICMS do Estado de S\u00e3o Paulo. Para\ntanto, foi utilizado o conceito da pir\u00e2mide de risco, que prop\u00f5e oferecer\ntratamentos tribut\u00e1rios adequados \u00e0s diferentes categorias de contribuintes.<\/p>\n\n\n\n<p>De acordo com o\ndecreto, a classifica\u00e7\u00e3o abranger\u00e1 exclusivamente os contribuintes do ICMS\nenquadrados no Regime Peri\u00f3dico de Apura\u00e7\u00e3o (RPA), levando-se em conta dois\ncrit\u00e9rios:<\/p>\n\n\n\n<p>&#8211; Adimpl\u00eancia das\nobriga\u00e7\u00f5es tribut\u00e1rias por parte dos contribuintes, ou seja, obriga\u00e7\u00f5es\npecuni\u00e1rias tribut\u00e1rias vencidas e n\u00e3o pagas, relativas ao ICMS, impactar\u00e3o na\nclassifica\u00e7\u00e3o em fun\u00e7\u00e3o do tempo de atraso no pagamento;<\/p>\n\n\n\n<p>&#8211; Ader\u00eancia entre os\nvalores indicados nos documentos fiscais emitidos pelo contribuinte ou a ele\ndestinados, em compara\u00e7\u00e3o \u00e0queles regularmente lan\u00e7ados em sua escritura\u00e7\u00e3o\nfiscal ou por ele declarados.<\/p>\n\n\n\n<p>O contribuinte poder\u00e1\nconsultar sua classifica\u00e7\u00e3o por meio de consulta privada ao Sistema de\nClassifica\u00e7\u00e3o, no Posto Fiscal Eletr\u00f4nico (<a href=\"https:\/\/portal.fazenda.sp.gov.br\/servicos\/pfe\" target=\"_blank\" rel=\"noreferrer noopener\">https:\/\/portal.fazenda.sp.gov.br\/servicos\/pfe<\/a>),\nat\u00e9 o 5\u00ba dia \u00fatil do m\u00eas seguinte ao da classifica\u00e7\u00e3o.<\/p>\n\n\n\n<p>Caso discorde da\nclassifica\u00e7\u00e3o a ele atribu\u00edda, o contribuinte poder\u00e1 apresentar sua\ndiscord\u00e2ncia por meio de op\u00e7\u00e3o dispon\u00edvel do pr\u00f3prio Sistema de Classifica\u00e7\u00e3o,\nat\u00e9 o \u00faltimo dia do m\u00eas da disponibiliza\u00e7\u00e3o da consulta privada. A\nAdministra\u00e7\u00e3o Tribut\u00e1ria analisar\u00e1 a quest\u00e3o e alterar\u00e1 a nota do contribuinte,\nem caso de deferimento do pedido.<\/p>\n\n\n\n<p>Neste mesmo canal o\ncontribuinte poder\u00e1 dar um \u201caceite\u201d (autoriza\u00e7\u00e3o) para que sua nota de\nclassifica\u00e7\u00e3o se torne p\u00fablica, o que ocorrer\u00e1 a partir de dezembro caso aceite\na divulga\u00e7\u00e3o.<\/p>\n\n\n\n<p>Portanto, a consulta\np\u00fablica \u00e0 nota de classifica\u00e7\u00e3o ficar\u00e1 condicionada ao &#8220;aceite&#8221; do\ncontribuinte no Sistema de Classifica\u00e7\u00e3o. Assim, at\u00e9 que o contribuinte\nmanifeste seu &#8220;aceite&#8221;, a classifica\u00e7\u00e3o ficar\u00e1 dispon\u00edvel apenas para\nsua consulta. Ao aceitar sua classifica\u00e7\u00e3o, o contribuinte manifesta\nconcord\u00e2ncia com a classifica\u00e7\u00e3o atribu\u00edda, autoriza a divulga\u00e7\u00e3o da\nclassifica\u00e7\u00e3o por meio de consulta p\u00fablica na internet e renuncia \u00e0 possibilidade\nde apresentar discord\u00e2ncia.<\/p>\n\n\n\n<h2 class=\"wp-block-heading\">&nbsp;DECRETO N\u00ba 64.453, DE 6 DE SETEMBRO DE 2019<\/h2>\n\n\n\n<p>\u201cRegulamenta a\nclassifica\u00e7\u00e3o de contribuintes do Imposto sobre Opera\u00e7\u00f5es Relativas \u00e0\nCircula\u00e7\u00e3o de Mercadorias e sobre Presta\u00e7\u00f5es de Servi\u00e7os de Transporte\nInterestadual e Intermunicipal e de Comunica\u00e7\u00e3o &#8211; ICMS &#8211; prevista na&nbsp;<a href=\"https:\/\/www.al.sp.gov.br\/repositorio\/legislacao\/lei.complementar\/2018\/lei.complementar-1320-06.04.2018.html\" target=\"_blank\" rel=\"noreferrer noopener\">Lei Complementar n\u00ba 1.320, de 06-04-2018,<\/a>&nbsp;que institui\no Programa de Est\u00edmulo \u00e0 Conformidade Tribut\u00e1ria &#8211; \u201cNos Conformes\u201d<\/p>\n\n\n\n<p>JO\u00c3O DORIA, Governador\ndo Estado de S\u00e3o Paulo, no uso de suas atribui\u00e7\u00f5es legais e tendo em vista o\ndisposto na Lei Complementar n\u00ba 1.320, de 06-04-2018,<\/p>\n\n\n\n<p>Decreta:<\/p>\n\n\n\n<h3 class=\"wp-block-heading\">CAP\u00cdTULO I<\/h3>\n\n\n\n<p>Da Disposi\u00e7\u00e3o\nPreliminar&nbsp;<\/p>\n\n\n\n<p>Artigo 1\u00ba &#8211; Nos termos\ndo disposto nos artigos 5\u00ba e 12 da Lei Complementar n\u00ba 1.320, de 06-04-2018, a\nclassifica\u00e7\u00e3o de contribuintes do Imposto sobre Opera\u00e7\u00f5es Relativas \u00e0\nCircula\u00e7\u00e3o de Mercadorias e sobre Presta\u00e7\u00f5es de Servi\u00e7os de Transporte\nInterestadual e Intermunicipal e de Comunica\u00e7\u00e3o &#8211; ICMS &#8211; atender\u00e1 o disposto\nneste decreto.<\/p>\n\n\n\n<h3 class=\"wp-block-heading\">CAP\u00cdTULO II<\/h3>\n\n\n\n<p>Da Segmenta\u00e7\u00e3o dos\nContribuintes do ICMS por Perfil de Risco<\/p>\n\n\n\n<p>Artigo 2\u00ba &#8211; Os\ncontribuintes enquadrados no Regime Peri\u00f3dico de Apura\u00e7\u00e3o (RPA) ser\u00e3o\nclassificados de of\u00edcio, pela Secretaria da Fazenda e Planejamento, nas\ncategorias \u201cA+\u201d, \u201cA\u201d, \u201cB\u201d, \u201cC\u201d, \u201cD\u201d, \u201cE\u201d e \u201cNC\u201d (N\u00e3o Classificado) com base nos\nseguintes crit\u00e9rios:<\/p>\n\n\n\n<p>I &#8211; obriga\u00e7\u00f5es\npecuni\u00e1rias tribut\u00e1rias vencidas e n\u00e3o pagas relativas ao ICMS; e<\/p>\n\n\n\n<p>II &#8211; ader\u00eancia entre\nescritura\u00e7\u00e3o ou declara\u00e7\u00f5es e os documentos fiscais emitidos pelo contribuinte\nou a ele destinados.<\/p>\n\n\n\n<p>\u00a7 1\u00ba &#8211; Para cada\ncrit\u00e9rio, os contribuintes ser\u00e3o classificados nas categorias previstas no\n\u201ccaput\u201d deste artigo, em ordem decrescente de conformidade, considerados todos\nos seus estabelecimentos em conjunto.<\/p>\n\n\n\n<p>\u00a7 2\u00ba &#8211; A aplica\u00e7\u00e3o dos\ncrit\u00e9rios de classifica\u00e7\u00e3o levar\u00e1 em conta os fatos geradores ocorridos a\npartir de 1\u00ba-05-2018.<\/p>\n\n\n\n<p>\u00a7 3\u00ba &#8211; Ser\u00e3o\nclassificados na categoria \u201cE\u201d os contribuintes na situa\u00e7\u00e3o cadastral n\u00e3o\nativa.<\/p>\n\n\n\n<p>\u00a7 4\u00ba &#8211; O enquadramento\nna categoria \u201cNC\u201d (N\u00e3o Classificado) ter\u00e1 car\u00e1ter transit\u00f3rio:<\/p>\n\n\n\n<p>1 &#8211; em fun\u00e7\u00e3o da\nnecessidade de implanta\u00e7\u00e3o gradual do sistema de classifica\u00e7\u00e3o;<\/p>\n\n\n\n<p>2 &#8211; quando do in\u00edcio\ndas atividades do contribuinte.<\/p>\n\n\n\n<p>\u00a7 5\u00ba &#8211; Para fins de\nenquadramento na categoria \u201cNC\u201d (N\u00e3o Classificado), o contribuinte com menos de\n5 (cinco) meses de atividades ser\u00e1 considerado em in\u00edcio de atividade.<\/p>\n\n\n\n<p>\u00a7 6\u00ba &#8211; No caso de falta\nde cumprimento de obriga\u00e7\u00e3o acess\u00f3ria por parte do contribuinte, na forma e no\nprazo previsto na legisla\u00e7\u00e3o do imposto, que impe\u00e7a a Secretaria da Fazenda e\nPlanejamento de efetuar a verifica\u00e7\u00e3o dos crit\u00e9rios previstos nos incisos I e\nII do \u201ccaput\u201d deste artigo, ser\u00e1 adotada automaticamente a classifica\u00e7\u00e3o na\ncategoria \u201cD\u201d para o correspondente crit\u00e9rio.<\/p>\n\n\n\n<p>\u00a7 7\u00ba &#8211; A classifica\u00e7\u00e3o\nser\u00e1 o resultado da aplica\u00e7\u00e3o combinada dos crit\u00e9rios previstos este artigo,\nconforme estabelecido no Anexo I.<\/p>\n\n\n\n<p>Artigo 3\u00ba &#8211; Nos termos\ndo artigo 6\u00ba da Lei Complementar n\u00ba 1.320, de 06-04-2018, o contribuinte poder\u00e1\nconsultar a classifica\u00e7\u00e3o que lhe foi atribu\u00edda pela Administra\u00e7\u00e3o Tribut\u00e1ria\npor meio do Sistema de Classifica\u00e7\u00e3o de Contribuintes do ICMS.<\/p>\n\n\n\n<p>\u00a7 1\u00ba &#8211; A classifica\u00e7\u00e3o\nreferida no \u201ccaput\u201d ser\u00e1 disponibilizada para consulta privada por parte do\ncontribuinte at\u00e9 o 5\u00ba (quinto) dia \u00fatil de cada m\u00eas.<\/p>\n\n\n\n<p>\u00a7 2\u00ba &#8211; A divulga\u00e7\u00e3o da\nclassifica\u00e7\u00e3o para consulta p\u00fablica no portal eletr\u00f4nico da Secretaria da\nFazenda e Planejamento na internet fica condicionada ao aceite da classifica\u00e7\u00e3o\natribu\u00edda, por meio de op\u00e7\u00e3o dispon\u00edvel no Sistema de Classifica\u00e7\u00e3o de\nContribuintes do ICMS.<\/p>\n\n\n\n<p>\u00a7 3\u00ba &#8211; O aceite\nimplicar\u00e1, cumulativamente:<\/p>\n\n\n\n<p>1 &#8211; concord\u00e2ncia com a\nclassifica\u00e7\u00e3o atribu\u00edda;<\/p>\n\n\n\n<p>2 &#8211; autoriza\u00e7\u00e3o para\ndivulga\u00e7\u00e3o da classifica\u00e7\u00e3o por meio de consulta p\u00fablica no portal eletr\u00f4nico\nda Secretaria da Fazenda e Planejamento na internet;<\/p>\n\n\n\n<p>3 &#8211; ren\u00fancia \u00e0\npossibilidade da apresenta\u00e7\u00e3o de discord\u00e2ncia referida no \u00a7 4\u00ba.<\/p>\n\n\n\n<p>\u00a7 4\u00ba &#8211; O contribuinte\npoder\u00e1 requerer justificadamente a corre\u00e7\u00e3o de erro material na aplica\u00e7\u00e3o dos\ncrit\u00e9rios de classifica\u00e7\u00e3o pela Administra\u00e7\u00e3o Tribut\u00e1ria, at\u00e9 o \u00faltimo dia do\nm\u00eas da disponibiliza\u00e7\u00e3o da consulta referida no \u201ccaput\u201d, apresentando sua\ndiscord\u00e2ncia por meio de op\u00e7\u00e3o dispon\u00edvel no Sistema de Classifica\u00e7\u00e3o dos\nContribuintes do ICMS, indicando objetivamente o crit\u00e9rio contestado.<\/p>\n\n\n\n<p>\u00a7 5\u00ba &#8211; A Administra\u00e7\u00e3o\nTribut\u00e1ria analisar\u00e1 a discord\u00e2ncia apresentada pelo contribuinte e, em caso de\ndeferimento do pedido, alterar\u00e1 a sua classifica\u00e7\u00e3o.<\/p>\n\n\n\n<p>\u00a7 6\u00ba &#8211; N\u00e3o caber\u00e1\nrecurso ou pedido de reconsidera\u00e7\u00e3o da classifica\u00e7\u00e3o atribu\u00edda pela\nAdministra\u00e7\u00e3o Tribut\u00e1ria ap\u00f3s a an\u00e1lise da discord\u00e2ncia referida no \u00a7 5\u00ba.<\/p>\n\n\n\n<p>\u00a7 7\u00ba &#8211; A partir do\nprimeiro dia do terceiro m\u00eas, contados da disponibiliza\u00e7\u00e3o da consulta referida\nno \u201ccaput\u201d, a classifica\u00e7\u00e3o do contribuinte ficar\u00e1 dispon\u00edvel para consulta\np\u00fablica no portal eletr\u00f4nico da Secretaria da Fazenda e Planejamento na\ninternet, desde que o contribuinte aceite sua classifica\u00e7\u00e3o, nos termos do \u00a7\n3\u00ba.<\/p>\n\n\n\n<p>Artigo 4\u00ba &#8211; A\nclassifica\u00e7\u00e3o pelo crit\u00e9rio de obriga\u00e7\u00f5es pecuni\u00e1rias tribut\u00e1rias vencidas e\nn\u00e3o pagas relativas ao ICMS ocorrer\u00e1 em fun\u00e7\u00e3o do tempo de atraso no pagamento.<\/p>\n\n\n\n<p>\u00a7 1\u00ba &#8211; N\u00e3o ser\u00e3o\nconsiderados os cr\u00e9ditos tribut\u00e1rios com exigibilidade suspensa ou objeto de garantia\nintegral prestada em ju\u00edzo, ou com valor declarado igual ou inferior a 40\n(quarenta) UFESPs, considerando-se o valor da UFESP do m\u00eas da classifica\u00e7\u00e3o.<\/p>\n\n\n\n<p>\u00a7 2\u00ba &#8211; N\u00e3o poder\u00e1 ser\nclassificado na categoria \u201cA+\u201d o contribuinte com obriga\u00e7\u00e3o pecuni\u00e1ria tribut\u00e1ria\nvencida e n\u00e3o paga h\u00e1 mais de 60 (sessenta) dias.<\/p>\n\n\n\n<p>\u00a7 3\u00ba &#8211; Ser\u00e1\nclassificado na categoria \u201cD\u201d o contribuinte com obriga\u00e7\u00e3o pecuni\u00e1ria\ntribut\u00e1ria vencida e n\u00e3o paga h\u00e1 mais de 180 (cento e oitenta) dias.<\/p>\n\n\n\n<p>\u00a7 4\u00ba &#8211; A classifica\u00e7\u00e3o\nnas demais categorias ocorrer\u00e1 no intervalo entre as categorias \u201cA+\u201d e \u201cD\u201d,\nconforme estabelecido no Anexo I.<\/p>\n\n\n\n<p>Artigo 5\u00ba &#8211; A\nclassifica\u00e7\u00e3o pelo crit\u00e9rio de ader\u00eancia considerar\u00e1 os valores indicados nos\ndocumentos fiscais emitidos pelo contribuinte, bem como os documentos fiscais a\nele destinados, em compara\u00e7\u00e3o \u00e0queles regularmente lan\u00e7ados em sua escritura\u00e7\u00e3o\nfiscal ou por ele declarados.<\/p>\n\n\n\n<p>\u00a7 1\u00ba &#8211; Ser\u00e1\nclassificado na categoria \u201cA+\u201d o contribuinte com 98% (noventa e oito por\ncento) ou mais de ader\u00eancia.<\/p>\n\n\n\n<p>\u00a7 2\u00ba &#8211; Ser\u00e1\nclassificado na categoria \u201cD\u201d o contribuinte com menos de 90% (noventa por\ncento) de ader\u00eancia.<\/p>\n\n\n\n<p>\u00a7 3\u00ba &#8211; A classifica\u00e7\u00e3o\nnas demais categorias ocorrer\u00e1 no intervalo entre as categorias \u201cA+\u201d e \u201cD\u201d,\nconforme estabelecido no Anexo I.<\/p>\n\n\n\n<p>\u00a7 4\u00ba &#8211; Ser\u00e3o\nconsideradas para o c\u00e1lculo do percentual de ader\u00eancia as escritura\u00e7\u00f5es e as\ndeclara\u00e7\u00f5es entregues pelo contribuinte (originais e\/ou retificadoras) at\u00e9 o\n\u00faltimo dia do segundo m\u00eas anterior ao da classifica\u00e7\u00e3o.<\/p>\n\n\n\n<p>\u00a7 5\u00ba &#8211; Para o c\u00e1lculo\ndo percentual de ader\u00eancia ser\u00e3o consideradas as escritura\u00e7\u00f5es e as declara\u00e7\u00f5es\nno conjunto de 3 (tr\u00eas) refer\u00eancias, com intervalo de 4 (quatro) meses entre a\n\u00faltima refer\u00eancia considerada e o m\u00eas da classifica\u00e7\u00e3o.<\/p>\n\n\n\n<h3 class=\"wp-block-heading\">CAP\u00cdTULO III<\/h3>\n\n\n\n<p>Das Disposi\u00e7\u00f5es Finais<\/p>\n\n\n\n<p>Artigo 6\u00ba &#8211; Este\ndecreto entra em vigor na data de sua publica\u00e7\u00e3o, produzindo efeitos a partir\nde 01-09-2019.<\/p>\n\n\n\n<p>Pal\u00e1cio dos\nBandeirantes, 6 de setembro de 2019<\/p>\n\n\n\n<p>JO\u00c3O DORIA<br><br>Henrique de Campos Meirelles<br><strong>Secret\u00e1rio da Fazenda e Planejamento<\/strong><br>Antonio Carlos Rizeque Malufe<br><strong>Secret\u00e1rio Executivo, Respondendo pelo Expediente da Casa Civil<\/strong><br>Rodrigo Garcia<br><strong>Secret\u00e1rio de Governo<\/strong><\/p>\n\n\n\n<p><em>Publicado na Secretaria de Governo, aos 6 de setembro de 2019.<\/em><\/p>\n\n\n\n<h2 class=\"wp-block-heading\">ANEXO I<\/h2>\n\n\n\n<h3 class=\"wp-block-heading\">REGRAS PARA A\nCLASSIFICA\u00c7\u00c3O DOS CONTRIBUINTES DO ICMS<\/h3>\n\n\n\n<h3 class=\"wp-block-heading\">1. REGRAS GERAIS<\/h3>\n\n\n\n<p>1.1. A classifica\u00e7\u00e3o\nabranger\u00e1 exclusivamente os contribuintes do ICMS enquadrados no Regime\nPeri\u00f3dico de Apura\u00e7\u00e3o (RPA) e levar\u00e1 em considera\u00e7\u00e3o os seguintes crit\u00e9rios:<\/p>\n\n\n\n<p>a) obriga\u00e7\u00f5es\npecuni\u00e1rias tribut\u00e1rias vencidas e n\u00e3o pagas relativas ao ICMS; e<\/p>\n\n\n\n<p>b) ader\u00eancia entre\nescritura\u00e7\u00e3o ou declara\u00e7\u00f5es e os documentos fiscais emitidos pelo contribuinte\nou a ele destinados.<\/p>\n\n\n\n<p>1.2. Em rela\u00e7\u00e3o a cada\ncrit\u00e9rio referido no item 1.1, o contribuinte ser\u00e1 enquadrado em uma das\nseguintes categorias e ser-lhe-\u00e1 atribu\u00edda a correspondente nota, conforme o\ngrau de atendimento dos respectivos requisitos previstos nos itens 2 e 3:<\/p>\n\n\n\n<p>1.3. A classifica\u00e7\u00e3o\nfinal do contribuinte corresponder\u00e1 \u00e0 m\u00e9dia aritm\u00e9tica simples das 2 (duas)\nnotas atribu\u00eddas ao contribuinte nos termos do item 1.2, observando-se a\nseguinte correla\u00e7\u00e3o:<\/p>\n\n\n\n<p>1.4. Nas situa\u00e7\u00f5es\nadiante indicadas, a classifica\u00e7\u00e3o final do contribuinte observar\u00e1 o seguinte,\nn\u00e3o se aplicando o disposto no item 1.3:<\/p>\n\n\n\n<p>a) caso seja \u201c1\u201d a nota\nrelativa ao crit\u00e9rio \u201cobriga\u00e7\u00f5es pecuni\u00e1rias tribut\u00e1rias vencidas e n\u00e3o pagas\nrelativas ao ICMS\u201d, a classifica\u00e7\u00e3o final do contribuinte ser\u00e1, no m\u00e1ximo, \u201cD\u201d,\nainda que a m\u00e9dia aritm\u00e9tica simples das 2 (duas) notas corresponda a categoria\nsuperior;<\/p>\n\n\n\n<p>b) caso o contribuinte\npossua pelo menos 1 (um) estabelecimento com inscri\u00e7\u00e3o no Cadastro de\nContribuintes do ICMS em situa\u00e7\u00e3o nula ou inapta, cujo ato de of\u00edcio tenha sido\nrealizado h\u00e1 menos de 5 anos (contados at\u00e9 o \u00faltimo dia do m\u00eas anterior ao m\u00eas\nda classifica\u00e7\u00e3o), a classifica\u00e7\u00e3o final ser\u00e1 \u201cE\u201d, ainda que a m\u00e9dia aritm\u00e9tica\nsimples das 2 (duas) notas corresponda a categoria superior;<\/p>\n\n\n\n<p>c) caso o contribuinte\npossua estabelecimento com inscri\u00e7\u00e3o no Cadastro de Contribuintes do ICMS em\nsitua\u00e7\u00e3o suspensa, seja em consequ\u00eancia de a\u00e7\u00e3o fiscal, exig\u00eancia documental ou\nfalta de informa\u00e7\u00e3o cadastral, ou ainda preventivamente por n\u00e3o localiza\u00e7\u00e3o h\u00e1\nmais de 1 m\u00eas (contados at\u00e9 o \u00faltimo dia do m\u00eas anterior ao m\u00eas da\nclassifica\u00e7\u00e3o), a classifica\u00e7\u00e3o final ser\u00e1 \u201cE\u201d, ainda que a m\u00e9dia aritm\u00e9tica\nsimples das 2 (duas) notas corresponda a categoria superior.<\/p>\n\n\n\n<p>1.5. Para fins de\napura\u00e7\u00e3o do grau de atendimento dos requisitos previstos nos itens 2 e 3, ser\u00e3o\nconsiderados, em conjunto, todos os estabelecimentos do contribuinte que\nestejam inscritos no Cadastro de Contribuintes do ICMS deste Estado.<\/p>\n\n\n\n<h3 class=\"wp-block-heading\">2. CRIT\u00c9RIO \u201cOBRIGA\u00c7\u00d5ES\nPECUNI\u00c1RIAS VENCIDAS E N\u00c3O PAGAS RELATIVAS AO ICMS\u201d &#8211; REQUISITOS:<\/h3>\n\n\n\n<p>2.1. O enquadramento do\ncontribuinte pelo crit\u00e9rio de obriga\u00e7\u00f5es pecuni\u00e1rias tribut\u00e1rias vencidas e n\u00e3o\npagas relativas ao ICMS ocorrer\u00e1 em fun\u00e7\u00e3o do tempo de atraso no pagamento.<\/p>\n\n\n\n<p>2.2. O contribuinte:<\/p>\n\n\n\n<p>a) sem obriga\u00e7\u00e3o\npecuni\u00e1ria vencida: ser\u00e1 enquadrado na categoria \u201cA+\u201d;<\/p>\n\n\n\n<p>b) com obriga\u00e7\u00e3o\npecuni\u00e1ria vencida e atraso no pagamento:<\/p>\n\n\n\n<p>b.1) menor ou igual a\n60 (sessenta) dias: ser\u00e1 enquadrado na categoria \u201cA+\u201d;<\/p>\n\n\n\n<p>b.2) maior que 60\n(sessenta) dias e menor ou igual a 90 (noventa) dias: ser\u00e1 enquadrado na\ncategoria \u201cA\u201d;<\/p>\n\n\n\n<p>b.3) maior que 90\n(noventa) dias e menor ou igual a 120 (cento e vinte) dias: ser\u00e1 enquadrado na\ncategoria \u201cB\u201d;<\/p>\n\n\n\n<p>b.4) maior que 120\n(cento e vinte) dias e menor ou igual a 180 (cento e oitenta) dias: ser\u00e1\nenquadrado na categoria \u201cC\u201d;<\/p>\n\n\n\n<p>b.5) maior que 180\n(cento e oitenta) dias: ser\u00e1 enquadrado na categoria \u201cD\u201d.<\/p>\n\n\n\n<p>2.3. O contribuinte\nser\u00e1 enquadrado na categoria \u201cD\u201d caso n\u00e3o tenha apresentado ou transmitido ao\nFisco, nos termos previstos na legisla\u00e7\u00e3o, os dados relativos \u00e0 Guia de\nInforma\u00e7\u00e3o e Apura\u00e7\u00e3o do ICMS &#8211; GIA ou outro documento que a substituir.<\/p>\n\n\n\n<p>2.4. O contribuinte\nser\u00e1 enquadrado na categoria \u201cD\u201d caso tenha apresentado ou transmitido ao\nFisco, nos termos previstos na legisla\u00e7\u00e3o, os dados relativos \u00e0 Guia de\nInforma\u00e7\u00e3o e Apura\u00e7\u00e3o do ICMS &#8211; GIA ou outro documento que a substituir, com\natraso superior a 7 (sete) dias corridos.<\/p>\n\n\n\n<p>2.5. N\u00e3o ser\u00e3o\nconsiderados os cr\u00e9ditos tribut\u00e1rios com exigibilidade suspensa ou objeto de\ngarantia integral prestada em ju\u00edzo, ou com valor declarado igual ou inferior a\n40 (quarenta) UFESPs, considerando-se o valor da UFESP do m\u00eas da classifica\u00e7\u00e3o.<\/p>\n\n\n\n<h3 class=\"wp-block-heading\">3. CRIT\u00c9RIO \u201cADER\u00caNCIA\nENTRE ESCRITURA\u00c7\u00c3O OU DECLARA\u00c7\u00d5ES E OS DOCUMENTOS FISCAIS EMITIDOS PELO\nCONTRIBUINTE OU A ELE DESTINADOS\u201d &#8211; REQUISITOS:<\/h3>\n\n\n\n<p>3.1. O enquadramento do\ncontribuinte pelo crit\u00e9rio de ader\u00eancia considerar\u00e1 os valores indicados nos documentos\nfiscais emitidos pelo contribuinte, bem como os documentos fiscais a ele\ndestinados, em compara\u00e7\u00e3o \u00e0queles regularmente lan\u00e7ados em sua escritura\u00e7\u00e3o\nfiscal ou por ele declarados.<\/p>\n\n\n\n<p>3.2. O contribuinte com\ngrau de ader\u00eancia:<\/p>\n\n\n\n<p>a) maior ou igual a 98%\n(noventa e oito por cento): ser\u00e1 enquadrado na categoria \u201cA+\u201d;<\/p>\n\n\n\n<p>b) maior ou igual a 96%\n(noventa e seis por cento) e menor que 98% (noventa e oito por cento): ser\u00e1\nenquadrado na categoria \u201cA\u201d;<\/p>\n\n\n\n<p>c) maior ou igual a 94%\n(noventa e quatro por cento) e menor que 96% (noventa e seis por cento): ser\u00e1\nenquadrado na categoria \u201cB\u201d;<\/p>\n\n\n\n<p>d) maior ou igual a 90%\n(noventa por cento) e menor que 94% (noventa e quatro por cento): ser\u00e1\nenquadrado na categoria \u201cC\u201d;<\/p>\n\n\n\n<p>e) menor que 90%\n(noventa por cento): ser\u00e1 enquadrado na categoria \u201cD\u201d.<\/p>\n\n\n\n<p>3.3. O contribuinte\nser\u00e1 enquadrado na categoria \u201cD\u201d caso n\u00e3o tenha apresentado ou transmitido ao\nFisco, nos termos previstos na legisla\u00e7\u00e3o, os dados relativos \u00e0 Escritura\u00e7\u00e3o\nFiscal Digital &#8211; EFD ou outro documento que a substituir.<\/p>\n\n\n\n<p>3.4. O contribuinte\nser\u00e1 enquadrado na categoria \u201cD\u201d caso tenha apresentado ou transmitido ao\nFisco, nos termos previstos na legisla\u00e7\u00e3o, os dados relativos \u00e0 Escritura\u00e7\u00e3o\nFiscal Digital &#8211; EFD ou outro documento que a substituir, com atraso superior a\n7 (sete) dias corridos.<\/p>\n\n\n\n<p>3.5. O contribuinte\nser\u00e1 enquadrado na categoria \u201cD\u201d caso tenha apresentado ou transmitido ao\nFisco, nos termos previstos na legisla\u00e7\u00e3o, os dados relativos \u00e0 Escritura\u00e7\u00e3o\nFiscal Digital &#8211; EFD ou outro documento que a substituir, sem a escritura\u00e7\u00e3o de\nqualquer um dos livros fiscais obrigat\u00f3rios.\u201d<\/p>\n\n\n\n<p><em>Assessoria t\u00e9cnica FecomercioSP<\/em><\/p>\n","protected":false},"excerpt":{"rendered":"<p>Publicado no Di\u00e1rio Oficial do Estado de S\u00e3o Paulo de 7 de setembro de 2019, o Decreto n\u00ba 64.453, de 6 de setembro de 2019, regulamenta a classifica\u00e7\u00e3o de contribuintes do ICMS prevista na&nbsp;Lei Complementar n\u00ba 1.320,&nbsp;&nbsp;que institui o Programa de Est\u00edmulo \u00e0 Conformidade Tribut\u00e1ria &#8211; \u201cNos Conformes\u201d. Cabe lembrar que anteriormente a esta regulamenta\u00e7\u00e3o, [&hellip;]<\/p>\n","protected":false},"author":1,"featured_media":1217,"comment_status":"closed","ping_status":"open","sticky":false,"template":"","format":"standard","meta":{"tdm_status":"","tdm_grid_status":"","footnotes":""},"categories":[153],"tags":[118],"class_list":["post-1216","post","type-post","status-publish","format-standard","has-post-thumbnail","hentry","category-noticias","tag-nos-conformes"],"amp_enabled":true,"_links":{"self":[{"href":"https:\/\/sincomavi.org.br\/index.php?rest_route=\/wp\/v2\/posts\/1216","targetHints":{"allow":["GET"]}}],"collection":[{"href":"https:\/\/sincomavi.org.br\/index.php?rest_route=\/wp\/v2\/posts"}],"about":[{"href":"https:\/\/sincomavi.org.br\/index.php?rest_route=\/wp\/v2\/types\/post"}],"author":[{"embeddable":true,"href":"https:\/\/sincomavi.org.br\/index.php?rest_route=\/wp\/v2\/users\/1"}],"replies":[{"embeddable":true,"href":"https:\/\/sincomavi.org.br\/index.php?rest_route=%2Fwp%2Fv2%2Fcomments&post=1216"}],"version-history":[{"count":1,"href":"https:\/\/sincomavi.org.br\/index.php?rest_route=\/wp\/v2\/posts\/1216\/revisions"}],"predecessor-version":[{"id":1218,"href":"https:\/\/sincomavi.org.br\/index.php?rest_route=\/wp\/v2\/posts\/1216\/revisions\/1218"}],"wp:featuredmedia":[{"embeddable":true,"href":"https:\/\/sincomavi.org.br\/index.php?rest_route=\/wp\/v2\/media\/1217"}],"wp:attachment":[{"href":"https:\/\/sincomavi.org.br\/index.php?rest_route=%2Fwp%2Fv2%2Fmedia&parent=1216"}],"wp:term":[{"taxonomy":"category","embeddable":true,"href":"https:\/\/sincomavi.org.br\/index.php?rest_route=%2Fwp%2Fv2%2Fcategories&post=1216"},{"taxonomy":"post_tag","embeddable":true,"href":"https:\/\/sincomavi.org.br\/index.php?rest_route=%2Fwp%2Fv2%2Ftags&post=1216"}],"curies":[{"name":"wp","href":"https:\/\/api.w.org\/{rel}","templated":true}]}}