{"id":12065,"date":"2024-07-16T08:33:00","date_gmt":"2024-07-16T11:33:00","guid":{"rendered":"https:\/\/sincomavi.org.br\/?p=12065"},"modified":"2024-07-15T14:34:13","modified_gmt":"2024-07-15T17:34:13","slug":"16-de-julho-dia-do-comerciante-3","status":"publish","type":"post","link":"https:\/\/sincomavi.org.br\/?p=12065","title":{"rendered":"16 de julho | DIA DO COMERCIANTE"},"content":{"rendered":"\n<hr class=\"wp-block-separator has-alpha-channel-opacity is-style-default\"\/>\n\n\n<div class=\"wp-block-post-date\"><time datetime=\"2024-07-16T08:33:00-03:00\">16 de julho de 2024<\/time><\/div>\n\n\n<p>O dia 16 de julho \u00e9 marcado por uma celebra\u00e7\u00e3o especial: o Dia do Comerciante. Esta data \u00e9 dedicada a homenagear aqueles que, com dedica\u00e7\u00e3o e empenho, contribuem significativamente para o desenvolvimento econ\u00f4mico e social do nosso pa\u00eds.&nbsp;<\/p>\n\n\n\n<p>Al\u00e9m de serem os respons\u00e1veis por fazer a ponte entre fabricantes e consumidores, garantindo que produtos e servi\u00e7os cheguem a todos os cantos do Brasil, os comerciantes respondem somente no Estado de S\u00e3o Paulo por quase 3 milh\u00f5es de vagas de trabalho, conforme dados de abril de 2024 da FecomercioSP.<\/p>\n\n\n\n<p>Toda essa import\u00e2ncia para o pa\u00eds foi conquistada com muito comprometimento, dedica\u00e7\u00e3o e persist\u00eancia.<\/p>\n\n\n\n<p><strong>Parab\u00e9ns comerciante!<\/strong><\/p>\n\n\n\n<hr class=\"wp-block-separator has-alpha-channel-opacity is-style-default\"\/>\n","protected":false},"excerpt":{"rendered":"<p>O dia 16 de julho \u00e9 marcado por uma celebra\u00e7\u00e3o especial: o Dia do Comerciante. Esta data \u00e9 dedicada a homenagear aqueles que, com dedica\u00e7\u00e3o e empenho, contribuem significativamente para o desenvolvimento econ\u00f4mico e social do nosso pa\u00eds.&nbsp; Al\u00e9m de serem os respons\u00e1veis por fazer a ponte entre fabricantes e consumidores, garantindo que produtos e [&hellip;]<\/p>\n","protected":false},"author":1,"featured_media":12066,"comment_status":"closed","ping_status":"open","sticky":false,"template":"","format":"standard","meta":{"tdm_status":"","tdm_grid_status":"","footnotes":""},"categories":[157],"tags":[199,440,200],"class_list":["post-12065","post","type-post","status-publish","format-standard","has-post-thumbnail","hentry","category-alerta","tag-comercio","tag-dia-do-comerciante","tag-varejo"],"amp_enabled":true,"_links":{"self":[{"href":"https:\/\/sincomavi.org.br\/index.php?rest_route=\/wp\/v2\/posts\/12065","targetHints":{"allow":["GET"]}}],"collection":[{"href":"https:\/\/sincomavi.org.br\/index.php?rest_route=\/wp\/v2\/posts"}],"about":[{"href":"https:\/\/sincomavi.org.br\/index.php?rest_route=\/wp\/v2\/types\/post"}],"author":[{"embeddable":true,"href":"https:\/\/sincomavi.org.br\/index.php?rest_route=\/wp\/v2\/users\/1"}],"replies":[{"embeddable":true,"href":"https:\/\/sincomavi.org.br\/index.php?rest_route=%2Fwp%2Fv2%2Fcomments&post=12065"}],"version-history":[{"count":1,"href":"https:\/\/sincomavi.org.br\/index.php?rest_route=\/wp\/v2\/posts\/12065\/revisions"}],"predecessor-version":[{"id":12067,"href":"https:\/\/sincomavi.org.br\/index.php?rest_route=\/wp\/v2\/posts\/12065\/revisions\/12067"}],"wp:featuredmedia":[{"embeddable":true,"href":"https:\/\/sincomavi.org.br\/index.php?rest_route=\/wp\/v2\/media\/12066"}],"wp:attachment":[{"href":"https:\/\/sincomavi.org.br\/index.php?rest_route=%2Fwp%2Fv2%2Fmedia&parent=12065"}],"wp:term":[{"taxonomy":"category","embeddable":true,"href":"https:\/\/sincomavi.org.br\/index.php?rest_route=%2Fwp%2Fv2%2Fcategories&post=12065"},{"taxonomy":"post_tag","embeddable":true,"href":"https:\/\/sincomavi.org.br\/index.php?rest_route=%2Fwp%2Fv2%2Ftags&post=12065"}],"curies":[{"name":"wp","href":"https:\/\/api.w.org\/{rel}","templated":true}]}}