{"id":12056,"date":"2024-07-11T14:12:00","date_gmt":"2024-07-11T17:12:00","guid":{"rendered":"https:\/\/sincomavi.org.br\/?p=12056"},"modified":"2024-07-11T14:19:22","modified_gmt":"2024-07-11T17:19:22","slug":"volume-de-vendas-do-varejo-de-material-de-construcao-recuam-em-maio-segundo-ibge","status":"publish","type":"post","link":"https:\/\/sincomavi.org.br\/?p=12056","title":{"rendered":"Volume de vendas do varejo de matcons recuam em maio"},"content":{"rendered":"\n<hr class=\"wp-block-separator has-alpha-channel-opacity is-style-default\"\/>\n\n\n<div class=\"wp-block-post-date\"><time datetime=\"2024-07-11T14:12:00-03:00\">11 de julho de 2024<\/time><\/div>\n\n\n<p>Depois do forte avan\u00e7o registrado em abril, as vendas do com\u00e9rcio de material de constru\u00e7\u00e3o ca\u00edram em maio, conforme dados da Pesquisa Mensal do Com\u00e9rcio, do Instituto Brasileiro de Geografia e Estat\u00edstica (IBGE). No estado de S\u00e3o Paulo, a retra\u00e7\u00e3o foi de 1,8% em rela\u00e7\u00e3o ao mesmo m\u00eas de 2023 e em \u00e2mbito nacional de menos 1,5%. J\u00e1 no acumulado de janeiro a maio, o indicador muda de polo e aponta crescimento de 3,0% na economia paulista e de 1,6% no pa\u00eds.&nbsp;<\/p>\n\n\n\n<p class=\"has-text-align-center\"><strong>Evolu\u00e7\u00e3o mensal do \u00edndice de volume de vendas do com\u00e9rcio de materiaL de constru\u00e7\u00e3o \u2013 M\u00eas contra mesmo m\u00eas do ano anterior<\/strong><\/p>\n\n\n\n<p class=\"has-text-align-center\"><img loading=\"lazy\" decoding=\"async\" width=\"571\" height=\"377\" src=\"https:\/\/lh7-us.googleusercontent.com\/docsz\/AD_4nXf--TnRErxz0kefuTeJZmKnXEauWgo8EHh9o5gOIdom3C1UUeOzgrlONOkOyaPXIVEgRHq8NseZcTXH3f6Qo_MGBR40-eAoxtUiP41uNUgkfmqe-QUEqarIg-EPaH2OzvdHWNAVRR5R9lJ_4AqWfqwbMYCOkm3BlMebEUrMpsYJ_9yjF4CD39w?key=R1pRGDgURgydlrd3errDmA\"><\/p>\n\n\n\n<p class=\"has-text-align-right\"><strong>Fonte: PMC\/IBGE<\/strong><\/p>\n\n\n\n<p>\u201cCom as t\u00edmidas redu\u00e7\u00f5es das vendas em maio, a trajet\u00f3ria da taxa acumulada em 12 meses voltou a piorar, ainda que tamb\u00e9m de forma diminuta\u201d, ressalta o economista Jaime Vasconcellos. Agora est\u00e1 em menos 0,7%, percentual pouco mais agudo que em compara\u00e7\u00e3o aos doze meses encerrados em abril, per\u00edodo no qual a taxa ficou em&nbsp; -0,4%.<\/p>\n\n\n\n<p class=\"has-text-align-center\"><strong>Evolu\u00e7\u00e3o do \u00edndice de volume de vendas do com\u00e9rcio de material de constru\u00e7\u00e3o do Estado de S\u00e3o Paulo \u2013 Taxa acumulada de 12 meses<\/strong><\/p>\n\n\n\n<p class=\"has-text-align-center\"><img loading=\"lazy\" decoding=\"async\" width=\"574\" height=\"361\" src=\"https:\/\/lh7-us.googleusercontent.com\/docsz\/AD_4nXdJqWXTF-7y3TtTJ4BsHnJjpN0lYXAYds3vcRm9wrtg90GKY1pOdhVHzAdxJ-qBEhKY-WL3CCTHNZfJW7xsy_WGDVxCyABbBLetWS0ikLx05oBRWtb-RCwx0D6F65N_lZuV4DBZ5W0EK_c8_xxwoOclMtuQm9jTjnQzSeEIGOiNfKJfG3SimC4?key=R1pRGDgURgydlrd3errDmA\"><\/p>\n\n\n\n<p class=\"has-text-align-right\"><strong>Fonte: PMC\/IBGE<\/strong><\/p>\n\n\n\n<p>\u201cAinda que n\u00e3o sejam bons, os n\u00fameros de maio nos parecem mais \u2018normais\u2019 do ponto de vista de magnitude, principalmente quando o comparamos ao cen\u00e1rio de abril, quando tamb\u00e9m por influ\u00eancia de efeitos estat\u00edsticos e de calend\u00e1rio as oscila\u00e7\u00f5es foram mais significativas, e positivas\u201d, comenta Jaime. Em sua opini\u00e3o, o cen\u00e1rio tende at\u00e9 a voltar a ser de recupera\u00e7\u00e3o, frente inclusive aos bons resultados no ano de vitais condicionantes do consumo das fam\u00edlias no pa\u00eds: emprego, renda e cr\u00e9dito. \u201cNo entanto,&nbsp; a tend\u00eancia \u00e9 continuarmos com varia\u00e7\u00f5es mais comportadas\u201d, finaliza.&nbsp;&nbsp;<\/p>\n\n\n\n<p class=\"has-small-font-size\"><strong>OBS: O Volume de Vendas observado pela PMC resulta da defla\u00e7\u00e3o dos valores nominais correntes da receita bruta de revenda<\/strong> <strong>por \u00edndices de pre\u00e7os espec\u00edficos para cada grupo de atividade, e para cada Unidade da Federa\u00e7\u00e3o, constru\u00eddos a partir dos relativos de pre\u00e7os do IPCA e do Sistema Nacional de Pesquisa de Custos e \u00cdndices da Constru\u00e7\u00e3o Civil \u2013 SINAPI. A pesquisa tamb\u00e9m avalia apenas empresas com 20 ocupados ou mais.&nbsp;<\/strong><\/p>\n\n\n\n<hr class=\"wp-block-separator has-alpha-channel-opacity is-style-default\"\/>\n","protected":false},"excerpt":{"rendered":"<p>Depois do forte avan\u00e7o registrado em abril, as vendas do com\u00e9rcio de material de constru\u00e7\u00e3o ca\u00edram em maio, conforme dados da Pesquisa Mensal do Com\u00e9rcio, do Instituto Brasileiro de Geografia e Estat\u00edstica (IBGE). No estado de S\u00e3o Paulo, a retra\u00e7\u00e3o foi de 1,8% em rela\u00e7\u00e3o ao mesmo m\u00eas de 2023 e em \u00e2mbito nacional de [&hellip;]<\/p>\n","protected":false},"author":1,"featured_media":12057,"comment_status":"closed","ping_status":"open","sticky":false,"template":"","format":"standard","meta":{"tdm_status":"","tdm_grid_status":"","footnotes":""},"categories":[153],"tags":[199,156,632,620,158,160,665,1319,200,75],"class_list":["post-12056","post","type-post","status-publish","format-standard","has-post-thumbnail","hentry","category-noticias","tag-comercio","tag-economia","tag-estudo-setorial","tag-levantamento","tag-material-de-construcao","tag-pesquisa","tag-pesquisa-mensal-do-comercio","tag-pmc-ibge","tag-varejo","tag-vendas"],"amp_enabled":true,"_links":{"self":[{"href":"https:\/\/sincomavi.org.br\/index.php?rest_route=\/wp\/v2\/posts\/12056","targetHints":{"allow":["GET"]}}],"collection":[{"href":"https:\/\/sincomavi.org.br\/index.php?rest_route=\/wp\/v2\/posts"}],"about":[{"href":"https:\/\/sincomavi.org.br\/index.php?rest_route=\/wp\/v2\/types\/post"}],"author":[{"embeddable":true,"href":"https:\/\/sincomavi.org.br\/index.php?rest_route=\/wp\/v2\/users\/1"}],"replies":[{"embeddable":true,"href":"https:\/\/sincomavi.org.br\/index.php?rest_route=%2Fwp%2Fv2%2Fcomments&post=12056"}],"version-history":[{"count":3,"href":"https:\/\/sincomavi.org.br\/index.php?rest_route=\/wp\/v2\/posts\/12056\/revisions"}],"predecessor-version":[{"id":12060,"href":"https:\/\/sincomavi.org.br\/index.php?rest_route=\/wp\/v2\/posts\/12056\/revisions\/12060"}],"wp:featuredmedia":[{"embeddable":true,"href":"https:\/\/sincomavi.org.br\/index.php?rest_route=\/wp\/v2\/media\/12057"}],"wp:attachment":[{"href":"https:\/\/sincomavi.org.br\/index.php?rest_route=%2Fwp%2Fv2%2Fmedia&parent=12056"}],"wp:term":[{"taxonomy":"category","embeddable":true,"href":"https:\/\/sincomavi.org.br\/index.php?rest_route=%2Fwp%2Fv2%2Fcategories&post=12056"},{"taxonomy":"post_tag","embeddable":true,"href":"https:\/\/sincomavi.org.br\/index.php?rest_route=%2Fwp%2Fv2%2Ftags&post=12056"}],"curies":[{"name":"wp","href":"https:\/\/api.w.org\/{rel}","templated":true}]}}