{"id":12054,"date":"2024-07-11T09:20:29","date_gmt":"2024-07-11T12:20:29","guid":{"rendered":"https:\/\/sincomavi.org.br\/?p=12054"},"modified":"2024-07-11T09:20:31","modified_gmt":"2024-07-11T12:20:31","slug":"iget-indicador-do-santander-registra-recuo-nas-vendas-do-comercio","status":"publish","type":"post","link":"https:\/\/sincomavi.org.br\/?p=12054","title":{"rendered":"IGet, indicador do Santander, registra recuo nas vendas do com\u00e9rcio"},"content":{"rendered":"\n<hr class=\"wp-block-separator has-alpha-channel-opacity is-style-default\"\/>\n\n\n<div class=\"wp-block-post-date\"><time datetime=\"2024-07-11T09:20:29-03:00\">11 de julho de 2024<\/time><\/div>\n\n\n<p>Em junho, o IGet contou com uma eleva\u00e7\u00e3o de 2,8% em rela\u00e7\u00e3o \u00e0 categoria servi\u00e7os. Enquanto isso, o com\u00e9rcio sofreu uma pequena varia\u00e7\u00e3o negativa de 0,2%. O \u00edndice restrito, que exclui as vendas de material de constru\u00e7\u00e3o e pe\u00e7as automotivas, apresentou uma redu\u00e7\u00e3o de 1,7%, o que representa a quinta contra\u00e7\u00e3o consecutiva.<\/p>\n\n\n\n<p>Ap\u00f3s a queda registrada em maio, o varejo de material de constru\u00e7\u00e3o obteve um aumento de 1,5% em junho, segundo os dados coletados pela Getnet.&nbsp;<\/p>\n\n\n\n<p>Para Fabio Coelho, vice-presidente de Finan\u00e7as da Getnet, \u201cos \u00edndices refor\u00e7am a expectativa de desacelera\u00e7\u00e3o gradual da atividade econ\u00f4mica no segundo trimestre, mas tamb\u00e9m indicam um potencial de recupera\u00e7\u00e3o a m\u00e9dio prazo, especialmente nas regi\u00f5es afetadas por desastres naturais, como o Rio Grande do Sul\u201d.<\/p>\n\n\n\n<hr class=\"wp-block-separator has-alpha-channel-opacity is-style-default\"\/>\n","protected":false},"excerpt":{"rendered":"<p>Em junho, o IGet contou com uma eleva\u00e7\u00e3o de 2,8% em rela\u00e7\u00e3o \u00e0 categoria servi\u00e7os. Enquanto isso, o com\u00e9rcio sofreu uma pequena varia\u00e7\u00e3o negativa de 0,2%. O \u00edndice restrito, que exclui as vendas de material de constru\u00e7\u00e3o e pe\u00e7as automotivas, apresentou uma redu\u00e7\u00e3o de 1,7%, o que representa a quinta contra\u00e7\u00e3o consecutiva. Ap\u00f3s a queda [&hellip;]<\/p>\n","protected":false},"author":1,"featured_media":8276,"comment_status":"closed","ping_status":"open","sticky":false,"template":"","format":"standard","meta":{"tdm_status":"","tdm_grid_status":"","footnotes":""},"categories":[153],"tags":[199,156,1386,620,158,160,200],"class_list":["post-12054","post","type-post","status-publish","format-standard","has-post-thumbnail","hentry","category-noticias","tag-comercio","tag-economia","tag-iget","tag-levantamento","tag-material-de-construcao","tag-pesquisa","tag-varejo"],"amp_enabled":true,"_links":{"self":[{"href":"https:\/\/sincomavi.org.br\/index.php?rest_route=\/wp\/v2\/posts\/12054","targetHints":{"allow":["GET"]}}],"collection":[{"href":"https:\/\/sincomavi.org.br\/index.php?rest_route=\/wp\/v2\/posts"}],"about":[{"href":"https:\/\/sincomavi.org.br\/index.php?rest_route=\/wp\/v2\/types\/post"}],"author":[{"embeddable":true,"href":"https:\/\/sincomavi.org.br\/index.php?rest_route=\/wp\/v2\/users\/1"}],"replies":[{"embeddable":true,"href":"https:\/\/sincomavi.org.br\/index.php?rest_route=%2Fwp%2Fv2%2Fcomments&post=12054"}],"version-history":[{"count":1,"href":"https:\/\/sincomavi.org.br\/index.php?rest_route=\/wp\/v2\/posts\/12054\/revisions"}],"predecessor-version":[{"id":12055,"href":"https:\/\/sincomavi.org.br\/index.php?rest_route=\/wp\/v2\/posts\/12054\/revisions\/12055"}],"wp:featuredmedia":[{"embeddable":true,"href":"https:\/\/sincomavi.org.br\/index.php?rest_route=\/wp\/v2\/media\/8276"}],"wp:attachment":[{"href":"https:\/\/sincomavi.org.br\/index.php?rest_route=%2Fwp%2Fv2%2Fmedia&parent=12054"}],"wp:term":[{"taxonomy":"category","embeddable":true,"href":"https:\/\/sincomavi.org.br\/index.php?rest_route=%2Fwp%2Fv2%2Fcategories&post=12054"},{"taxonomy":"post_tag","embeddable":true,"href":"https:\/\/sincomavi.org.br\/index.php?rest_route=%2Fwp%2Fv2%2Ftags&post=12054"}],"curies":[{"name":"wp","href":"https:\/\/api.w.org\/{rel}","templated":true}]}}