{"id":12035,"date":"2024-07-10T11:45:00","date_gmt":"2024-07-10T14:45:00","guid":{"rendered":"https:\/\/sincomavi.org.br\/?p=12035"},"modified":"2024-07-10T11:09:13","modified_gmt":"2024-07-10T14:09:13","slug":"alta-de-05-no-igp-di-e-de-026-no-ipc-s","status":"publish","type":"post","link":"https:\/\/sincomavi.org.br\/?p=12035","title":{"rendered":"Alta de 0,5% no IGP-DI e de 0,26% no IPC-S"},"content":{"rendered":"\n<hr class=\"wp-block-separator has-alpha-channel-opacity is-style-default\"\/>\n\n\n<div class=\"wp-block-post-date\"><time datetime=\"2024-07-10T11:45:00-03:00\">10 de julho de 2024<\/time><\/div>\n\n\n<p>O Instituto Brasileiro de Economia da Funda\u00e7\u00e3o Getulio Vargas (FGV IBRE) divulgou a varia\u00e7\u00e3o de junho do \u00cdndice Geral de Pre\u00e7os \u2013 Disponibilidade Interna (IGP-DI): eleva\u00e7\u00e3o de 0,50%. Esse resultado foi inferior ao verificado em maio, 0,87%. No acumulado do ano, alta de 1,11%, e em 12 meses, de 2,88%. Andr\u00e9 Braz, coordenador dos \u00cdndices de Pre\u00e7os, afirma que o \u00edndice ao produtor antecipa o arrefecimento das press\u00f5es sazonais sobre os alimentos in natura, ao mesmo tempo em que mostra a desacelera\u00e7\u00e3o na varia\u00e7\u00e3o dos pre\u00e7os dos alimentos processados. \u201cEsses movimentos indicam a redu\u00e7\u00e3o da influ\u00eancia dos alimentos na infla\u00e7\u00e3o ao consumidor, conforme medido pelo IPC, que tamb\u00e9m registrou desacelera\u00e7\u00e3o na taxa de varia\u00e7\u00e3o do grupo alimenta\u00e7\u00e3o\u201d.<br><br>O \u00cdndice de Pre\u00e7os ao Consumidor &#8211; Semanal (IPC-S), tamb\u00e9m medido pelo FGV IBRE, avan\u00e7ou 0,26% na primeira quadrissemana de julho de 2024. Com isso, o indicador acumula alta de 3,83% nos \u00faltimos 12 meses. Entre os grupos monitorados, habita\u00e7\u00e3o sofreu uma queda de 0,13% para 0,12% no per\u00edodo analisado.<\/p>\n\n\n<style>.kb-image12035_55f495-fa .kb-image-has-overlay:after{opacity:0.3;}<\/style>\n<figure class=\"wp-block-kadence-image kb-image12035_55f495-fa size-full\"><img loading=\"lazy\" decoding=\"async\" width=\"1000\" height=\"655\" src=\"https:\/\/sincomavi.org.br\/wp-content\/uploads\/2024\/07\/IPC-S_1036-FGV-press-release-1.jpg\" alt=\"\" class=\"kb-img wp-image-12036\" srcset=\"https:\/\/sincomavi.org.br\/wp-content\/uploads\/2024\/07\/IPC-S_1036-FGV-press-release-1.jpg 1000w, https:\/\/sincomavi.org.br\/wp-content\/uploads\/2024\/07\/IPC-S_1036-FGV-press-release-1-300x197.jpg 300w, https:\/\/sincomavi.org.br\/wp-content\/uploads\/2024\/07\/IPC-S_1036-FGV-press-release-1-768x503.jpg 768w, https:\/\/sincomavi.org.br\/wp-content\/uploads\/2024\/07\/IPC-S_1036-FGV-press-release-1-641x420.jpg 641w, https:\/\/sincomavi.org.br\/wp-content\/uploads\/2024\/07\/IPC-S_1036-FGV-press-release-1-640x419.jpg 640w, https:\/\/sincomavi.org.br\/wp-content\/uploads\/2024\/07\/IPC-S_1036-FGV-press-release-1-681x446.jpg 681w, https:\/\/sincomavi.org.br\/wp-content\/uploads\/2024\/07\/IPC-S_1036-FGV-press-release-1-741x486.jpg 741w\" sizes=\"auto, (max-width: 1000px) 100vw, 1000px\" \/><\/figure>\n\n\n\n<hr class=\"wp-block-separator has-alpha-channel-opacity is-style-default\"\/>\n","protected":false},"excerpt":{"rendered":"<p>O Instituto Brasileiro de Economia da Funda\u00e7\u00e3o Getulio Vargas (FGV IBRE) divulgou a varia\u00e7\u00e3o de junho do \u00cdndice Geral de Pre\u00e7os \u2013 Disponibilidade Interna (IGP-DI): eleva\u00e7\u00e3o de 0,50%. Esse resultado foi inferior ao verificado em maio, 0,87%. No acumulado do ano, alta de 1,11%, e em 12 meses, de 2,88%. Andr\u00e9 Braz, coordenador dos \u00cdndices [&hellip;]<\/p>\n","protected":false},"author":1,"featured_media":12037,"comment_status":"closed","ping_status":"open","sticky":false,"template":"","format":"standard","meta":{"tdm_status":"","tdm_grid_status":"","footnotes":""},"categories":[153],"tags":[199,156,754,331,620,160,200],"class_list":["post-12035","post","type-post","status-publish","format-standard","has-post-thumbnail","hentry","category-noticias","tag-comercio","tag-economia","tag-fgv-ibre","tag-inflacao","tag-levantamento","tag-pesquisa","tag-varejo"],"amp_enabled":true,"_links":{"self":[{"href":"https:\/\/sincomavi.org.br\/index.php?rest_route=\/wp\/v2\/posts\/12035","targetHints":{"allow":["GET"]}}],"collection":[{"href":"https:\/\/sincomavi.org.br\/index.php?rest_route=\/wp\/v2\/posts"}],"about":[{"href":"https:\/\/sincomavi.org.br\/index.php?rest_route=\/wp\/v2\/types\/post"}],"author":[{"embeddable":true,"href":"https:\/\/sincomavi.org.br\/index.php?rest_route=\/wp\/v2\/users\/1"}],"replies":[{"embeddable":true,"href":"https:\/\/sincomavi.org.br\/index.php?rest_route=%2Fwp%2Fv2%2Fcomments&post=12035"}],"version-history":[{"count":1,"href":"https:\/\/sincomavi.org.br\/index.php?rest_route=\/wp\/v2\/posts\/12035\/revisions"}],"predecessor-version":[{"id":12038,"href":"https:\/\/sincomavi.org.br\/index.php?rest_route=\/wp\/v2\/posts\/12035\/revisions\/12038"}],"wp:featuredmedia":[{"embeddable":true,"href":"https:\/\/sincomavi.org.br\/index.php?rest_route=\/wp\/v2\/media\/12037"}],"wp:attachment":[{"href":"https:\/\/sincomavi.org.br\/index.php?rest_route=%2Fwp%2Fv2%2Fmedia&parent=12035"}],"wp:term":[{"taxonomy":"category","embeddable":true,"href":"https:\/\/sincomavi.org.br\/index.php?rest_route=%2Fwp%2Fv2%2Fcategories&post=12035"},{"taxonomy":"post_tag","embeddable":true,"href":"https:\/\/sincomavi.org.br\/index.php?rest_route=%2Fwp%2Fv2%2Ftags&post=12035"}],"curies":[{"name":"wp","href":"https:\/\/api.w.org\/{rel}","templated":true}]}}