{"id":11968,"date":"2024-07-01T10:29:23","date_gmt":"2024-07-01T13:29:23","guid":{"rendered":"https:\/\/sincomavi.org.br\/?p=11968"},"modified":"2024-06-25T10:33:45","modified_gmt":"2024-06-25T13:33:45","slug":"licoes-de-resiliencia-e-lideranca-na-escalada-do-sucesso-empresarial","status":"publish","type":"post","link":"https:\/\/sincomavi.org.br\/?p=11968","title":{"rendered":"Li\u00e7\u00f5es de resili\u00eancia e lideran\u00e7a na escalada do sucesso empresarial"},"content":{"rendered":"\n<hr class=\"wp-block-separator has-alpha-channel-opacity is-style-default\"\/>\n\n\n<div class=\"wp-block-post-date\"><time datetime=\"2024-07-01T10:29:23-03:00\">1 de julho de 2024<\/time><\/div>\n\n\n<p><strong>Por Rodrigo Xavier, CEO da <a href=\"https:\/\/v8.tech\/\" target=\"_blank\" rel=\"noreferrer noopener\">V8.TECH<\/a> e montanhista.<\/strong><\/p>\n\n\n\n<p>Enquanto o vento congelante batia contra meu rosto durante a madrugada numa face exposta do Sajama (montanha mais alta da Bol\u00edvia com 6.542m), e minha vida dependia apenas da minha total concentra\u00e7\u00e3o em seguir em frente e equilibrado numa crista de gelo de 40cm de largura rumo ao cume ou cair em um abismo onde n\u00e3o se enxergava o fim, um pensamento me aquecia: os desafios que enfrentamos moldam a ess\u00eancia de quem somos e, consequentemente, da forma como lideramos.<\/p>\n\n\n\n<p>No in\u00edcio, minha jornada como empreendedor era t\u00e3o \u00e1rdua quanto escalar uma montanha imensa. Olhamos para a montanha e acreditamos que seja imposs\u00edvel. Mas, ao dividir aquela imensid\u00e3o em pequenos objetivos e dar um passo de cada vez, sempre focado, avan\u00e7amos de etapa em etapa e conquistamos o que parecia imposs\u00edvel. A empresa que co-fundei com minha s\u00f3cia Graci de Melo em 2014 enfrentou desafios imensos, e para mim, conduzi-la \u00e9 como escalar o Everest.<\/p>\n\n\n\n<p>&#8220;Nas montanhas, como na vida, a coragem e a perseveran\u00e7a s\u00e3o duas virtudes que, em simbiose, conduzem aos cumes mais altos,&#8221; disse o c\u00e9lebre alpinista Reinhold Messner, o primeiro a escalar todas as montanhas de 8 mil metros sem o aux\u00edlio de oxig\u00eanio suplementar. Cada obst\u00e1culo superado e cada meta alcan\u00e7ada foram poss\u00edveis por meio de uma perseveran\u00e7a implac\u00e1vel.<\/p>\n\n\n\n<p>O cume s\u00f3 \u00e9 atingido com um trabalho em equipe coeso e diversificado. No mundo empresarial, essa li\u00e7\u00e3o se traduz em confian\u00e7a, colabora\u00e7\u00e3o e diversidade. Desenvolvemos uma equipe de quase 400 profissionais e, juntos, estamos alcan\u00e7ando crescimentos anuais exponenciais, culminando num faturamento recorrente projetado de R$ 305 milh\u00f5es em 2024. Essa for\u00e7a coletiva reflete a sinergia e colabora\u00e7\u00e3o encontradas nas expedi\u00e7\u00f5es \u00e0s maiores alturas.<\/p>\n\n\n\n<p>Enfrentar metas audaciosas \u00e9 como encarar montanhas intimidadoras. Ao superar o Aconc\u00e1gua (maior montanha das Am\u00e9ricas, com 6.961m) e o Kilimanjaro (maior montanha da \u00c1frica, com 5.895m), aprendi que &#8220;o cume \u00e9 apenas a metade do caminho,&#8221; pois a escalada s\u00f3 termina quando voltamos para casa e abra\u00e7amos as pessoas que amamos. O mesmo vale para a empresa: de que adiantam os grandes resultados e realiza\u00e7\u00f5es profissionais se n\u00e3o podemos transformar a vida de quem amamos? Este sentimento me inspira diariamente a n\u00e3o apenas alcan\u00e7ar objetivos, mas a super\u00e1-los, sempre buscando novos horizontes para a empresa e para a vida.<\/p>\n\n\n\n<p>As montanhas nos ensinam sobre resili\u00eancia. Dificuldades e falhas s\u00e3o mestres impiedosos que nos ensinam a nos reerguer e seguir adiante. &#8220;Voc\u00ea nunca conquista uma montanha. Voc\u00ea se harmoniza com ela,&#8221; assim como com os mercados e neg\u00f3cios. Essa harmonia com os desafios \u00e9 crucial para enfrentar incertezas econ\u00f4micas e r\u00e1pidas mudan\u00e7as tecnol\u00f3gicas.<\/p>\n\n\n\n<p>Os sonhos alimentam a alma e simbolizam a ambi\u00e7\u00e3o que impulsiona a inova\u00e7\u00e3o e o crescimento. Os sonhos que guiaram grandes montanhistas tamb\u00e9m direcionam os objetivos empresariais mais audaciosos. Os mesmos valores que me levaram \u00e0s maiores altitudes tamb\u00e9m nos conduzem a novos patamares de realiza\u00e7\u00e3o e sucesso.<\/p>\n\n\n\n<p>A inspira\u00e7\u00e3o ilumina o caminho dos que buscam supera\u00e7\u00e3o. Cada decis\u00e3o empresarial, como cada passo na montanha, foi guiada por ensinamentos profundos. S\u00e3o essas li\u00e7\u00f5es que hoje compartilho, um chamado \u00e0 a\u00e7\u00e3o para que as montanhas que escolhemos escalar sejam fontes de aprendizado e crescimento. No cume de nossas ambi\u00e7\u00f5es, que possamos encontrar um horizonte de infinitas possibilidades e que isso nos permita transformar positivamente a vida de todos que nos cercam.<\/p>\n\n\n\n<p>Olhemos para o c\u00e9u e determinemos qual ser\u00e1 o nosso Everest (8.849m). E que o caminho seja repleto de aventuras, aprendizados e conquistas coletivas. Na jornada e no destino, descobrimos o verdadeiro valor das alturas que aspiramos alcan\u00e7ar.<\/p>\n\n\n\n<hr class=\"wp-block-separator has-alpha-channel-opacity is-style-default\"\/>\n","protected":false},"excerpt":{"rendered":"<p>Por Rodrigo Xavier, CEO da V8.TECH e montanhista. Enquanto o vento congelante batia contra meu rosto durante a madrugada numa face exposta do Sajama (montanha mais alta da Bol\u00edvia com 6.542m), e minha vida dependia apenas da minha total concentra\u00e7\u00e3o em seguir em frente e equilibrado numa crista de gelo de 40cm de largura rumo [&hellip;]<\/p>\n","protected":false},"author":1,"featured_media":11969,"comment_status":"closed","ping_status":"open","sticky":false,"template":"","format":"standard","meta":{"tdm_status":"","tdm_grid_status":"","footnotes":""},"categories":[210],"tags":[555,32],"class_list":["post-11968","post","type-post","status-publish","format-standard","has-post-thumbnail","hentry","category-artigos","tag-administracao","tag-gestao"],"amp_enabled":true,"_links":{"self":[{"href":"https:\/\/sincomavi.org.br\/index.php?rest_route=\/wp\/v2\/posts\/11968","targetHints":{"allow":["GET"]}}],"collection":[{"href":"https:\/\/sincomavi.org.br\/index.php?rest_route=\/wp\/v2\/posts"}],"about":[{"href":"https:\/\/sincomavi.org.br\/index.php?rest_route=\/wp\/v2\/types\/post"}],"author":[{"embeddable":true,"href":"https:\/\/sincomavi.org.br\/index.php?rest_route=\/wp\/v2\/users\/1"}],"replies":[{"embeddable":true,"href":"https:\/\/sincomavi.org.br\/index.php?rest_route=%2Fwp%2Fv2%2Fcomments&post=11968"}],"version-history":[{"count":1,"href":"https:\/\/sincomavi.org.br\/index.php?rest_route=\/wp\/v2\/posts\/11968\/revisions"}],"predecessor-version":[{"id":11970,"href":"https:\/\/sincomavi.org.br\/index.php?rest_route=\/wp\/v2\/posts\/11968\/revisions\/11970"}],"wp:featuredmedia":[{"embeddable":true,"href":"https:\/\/sincomavi.org.br\/index.php?rest_route=\/wp\/v2\/media\/11969"}],"wp:attachment":[{"href":"https:\/\/sincomavi.org.br\/index.php?rest_route=%2Fwp%2Fv2%2Fmedia&parent=11968"}],"wp:term":[{"taxonomy":"category","embeddable":true,"href":"https:\/\/sincomavi.org.br\/index.php?rest_route=%2Fwp%2Fv2%2Fcategories&post=11968"},{"taxonomy":"post_tag","embeddable":true,"href":"https:\/\/sincomavi.org.br\/index.php?rest_route=%2Fwp%2Fv2%2Ftags&post=11968"}],"curies":[{"name":"wp","href":"https:\/\/api.w.org\/{rel}","templated":true}]}}