{"id":11893,"date":"2024-06-19T10:30:00","date_gmt":"2024-06-19T13:30:00","guid":{"rendered":"https:\/\/sincomavi.org.br\/?p=11893"},"modified":"2024-06-12T15:40:23","modified_gmt":"2024-06-12T18:40:23","slug":"ia-inteligencia-artificial-cade-a-ih-inteligencia-humana","status":"publish","type":"post","link":"https:\/\/sincomavi.org.br\/?p=11893","title":{"rendered":"IA (Intelig\u00eancia Artificial) cad\u00ea a IH (Intelig\u00eancia Humana)?"},"content":{"rendered":"\n<hr class=\"wp-block-separator has-alpha-channel-opacity is-style-default\"\/>\n\n\n<div class=\"wp-block-post-date\"><time datetime=\"2024-06-19T10:30:00-03:00\">19 de junho de 2024<\/time><\/div>\n\n\n<p><strong>Por Jos\u00e9 Carlos Stabel, especialista em reputa\u00e7\u00e3o de marca e s\u00f3cio da <a href=\"https:\/\/www.perceptamkt.com.br\/\" target=\"_blank\" rel=\"noreferrer noopener\">Percepta Reputa\u00e7\u00e3o Empresarial<\/a>.<\/strong><\/p>\n\n\n\n<p>Posso falar um pouco sobre IH (Intelig\u00eancia Humana) em meio a essa gritaria sobre IA? A impress\u00e3o que d\u00e1 \u00e9 de que a IH foi posta de lado, em f\u00e9rias, licen\u00e7a remunerada, aposentadoria, o que seja.<\/p>\n\n\n\n<p>Para que IH se a IA, Intelig\u00eancia Artificial est\u00e1 a\u00ed para resolver qualquer problema \u2013 apresenta\u00e7\u00f5es, planejamentos, cartas de amor, press releases, curr\u00edculos, briefings, o que for.<\/p>\n\n\n\n<p>Rapidinho, n\u00e3o importa o mercado, o produto, o que seja. Faz o pedido aqui e \u2013 z\u00e1s-tr\u00e1s \u2013 sai a resposta pronta.<\/p>\n\n\n\n<p>Nem de longe questionar a import\u00e2ncia desse desenvolvimento tecnol\u00f3gico, sua imensa capacidade de acesso a milhares, milh\u00f5es de arquivos para gerar textos r\u00e1pidos coerentes a respeito de qualquer assunto.<\/p>\n\n\n\n<p>Tudo na base do \u201cpergunta que eu respondo\u201d. Maravilha!<\/p>\n\n\n\n<p>Minha s\u00f3cia na Percepta, Claudia Bouman publicou recentemente\u00a0excelente <a href=\"https:\/\/www.perceptamkt.com.br\/quem-e-voce-no-quadro-da-inteligencia-artificial\/\" target=\"_blank\" rel=\"noreferrer noopener\"><strong>artigo <\/strong><\/a>a respeito de IA. Num determinado trecho ela lembra um dos riscos e suas consequ\u00eancias:\u00a0<\/p>\n\n\n\n<p>\u201cA simplicidade de carregar algumas informa\u00e7\u00f5es e receber em alguns minutos uma pe\u00e7a praticamente pronta \u00e9 o canto da sereia \u2013 e aqui mora um dos maiores riscos \u00e0 reputa\u00e7\u00e3o: a perda de autenticidade\u201d.<\/p>\n\n\n\n<p>Uri Levine, criador do\u00a0<strong><a href=\"https:\/\/www.waze.com\/pt-BR\/live-map\/\" target=\"_blank\" rel=\"noreferrer noopener\">Waze<\/a>\u00a0<\/strong>e do\u00a0<a href=\"https:\/\/moovitapp.com\/index\/pt-br\/transporte_p%C3%BAblico-Sao_Paulo-242\" target=\"_blank\" rel=\"noreferrer noopener\"><strong>Moovit<\/strong><\/a>, consagrados aplicativos de mobilidade urbana, incontestavelmente uma pessoa do ramo, numa entrevista recente publicada nas P\u00e1ginas Amarelas de Veja lembra que o estardalha\u00e7o em torno da IA come\u00e7ou em janeiro de 2023, quando a tecnologia j\u00e1 existia h\u00e1 8 anos e que seu uso \u00e9 basicamente na produ\u00e7\u00e3o de conte\u00fado.<\/p>\n\n\n\n<p>Uma amiga assistiu outro dia \u00e0 apresenta\u00e7\u00e3o de um conhecido e bem-falante publicit\u00e1rio que se vangloriava de ter feito em poucos minutos a apresenta\u00e7\u00e3o que estava fazendo para a deslumbrada audi\u00eancia. Como se pouco importassem a intelig\u00eancia, a pertin\u00eancia, a originalidade, a autenticidade do que o distinto estava falando. Opini\u00e3o da m\u00e1quina, n\u00e3o dele.<\/p>\n\n\n\n<p>N\u00e3o sei quantos no audit\u00f3rio, al\u00e9m de minha amiga, se sentiram enganados.<\/p>\n\n\n\n<p>Conhecendo como conhe\u00e7o os \u00edndios de minha tribo, sei muito bem a alegria com que podem ser recebidos por muitos dos nossos geniais publicit\u00e1rios, textos prontos sem erros de digita\u00e7\u00e3o, capazes de impressionar pessoas incautas.<\/p>\n\n\n\n<p>Chega uma hora, no entanto, em que vem a cobran\u00e7a. Uma hora em que um planejamento feito ligeirinho, com pouco suor, muita IA (ou AI, j\u00e1 que a maioria dos enigm\u00e1ticos termos que usam \u00e9 em ingl\u00eas) vai deixar clara a falta que faz o encostar a barriga no balc\u00e3o, uma coisa que poucos dos meninos vestidos de preto jamais fizeram, pois s\u00e3o incapazes de entender o valor de tirar a bunda da cadeira e ir para a rua ver como \u00e9 a realidade; conversar com balconistas, saber como pensam os eletricistas, como os pintores decidem, de verdade, a marca de tinta que v\u00e3o empregar, sem saber a import\u00e2ncia que d\u00e3o ou deixam de dar para tintas mais e menos sustent\u00e1veis, sendo que a maioria nem desconfie o que seja isso, sustentabilidade.<\/p>\n\n\n\n<p>Muitas vezes, em minha atividade profissional, foi muito \u00fatil sair, como sa\u00ed, com vendedores de clientes da ag\u00eancia para ver ao vivo e em cores quais as obje\u00e7\u00f5es que recebiam e como se saiam nessas terr\u00edveis batalhas. Muitas vezes isso foi mais complicado, pois tive clientes cujo mercado estava, por exemplo, l\u00e1 longe, no interior do Mato Grosso e foi de rara import\u00e2ncia acompanhar o trabalho de campo desenvolvido, por exemplo, por agr\u00f4nomos de um fabricante de defensivos agr\u00edcolas prestando servi\u00e7o para agricultores. Nada disso ligeirinho.<\/p>\n\n\n\n<p>Mas que aprendizado! Quanta oportunidade descoberta! Quanta compreens\u00e3o de uma realidade que n\u00e3o seria descoberta, compreendida, assimilada com respostas ligeirinhas geradas por uma m\u00e1quina no gostoso de uma sala com ar-condicionado. &nbsp;<\/p>\n\n\n\n<p>Nada, absolutamente, nada contra a Intelig\u00eancia Artificial. Pelo contr\u00e1rio.<\/p>\n\n\n\n<p>Mas a verdade \u00e9 que est\u00e1 havendo exagero, com muita gente deslumbrada.<\/p>\n\n\n\n<p>Claudia, em seu artigo, fala em curadoria das informa\u00e7\u00f5es. N\u00e3o sei se compreendi por inteiro o significado da express\u00e3o, mas acredito que posso ir um pouco adiante nesse conceito.&nbsp;A Intelig\u00eancia Artificial com incr\u00edvel velocidade, traz \u00e0 luz textos prontos, que economizaram talvez horas ou dias de pesquisas, mas que, apesar de prontos, t\u00eam que receber tratamento de IH, Intelig\u00eancia Humana para s\u00f3 depois disso serem textos realmente prontos.<\/p>\n\n\n\n<p>Como sempre aconteceu, daqui a pouco a poeira baixa. V\u00e3o aparecer outras novidades para encher o tempo dos fazedores de gritarias.<\/p>\n\n\n\n<p>Ficar\u00e3o para os sobreviventes da hist\u00e9rica gritaria atual, todos os incont\u00e1veis benef\u00edcios do uso corrente, normal, equilibrado da Intelig\u00eancia Artificial. Sem essa gritaria dos descobridores de novidades loucos para deixar a sua marca na hist\u00f3ria, mas nesta altura j\u00e1 perto da rouquid\u00e3o de tanto berrarem \u201ceu que descobri!\u201d, \u201ceu que vi primeiro!\u201d<\/p>\n\n\n\n<hr class=\"wp-block-separator has-alpha-channel-opacity is-style-default\"\/>\n","protected":false},"excerpt":{"rendered":"<p>Por Jos\u00e9 Carlos Stabel, especialista em reputa\u00e7\u00e3o de marca e s\u00f3cio da Percepta Reputa\u00e7\u00e3o Empresarial. Posso falar um pouco sobre IH (Intelig\u00eancia Humana) em meio a essa gritaria sobre IA? A impress\u00e3o que d\u00e1 \u00e9 de que a IH foi posta de lado, em f\u00e9rias, licen\u00e7a remunerada, aposentadoria, o que seja. Para que IH se [&hellip;]<\/p>\n","protected":false},"author":1,"featured_media":11894,"comment_status":"closed","ping_status":"open","sticky":false,"template":"","format":"standard","meta":{"tdm_status":"","tdm_grid_status":"","footnotes":""},"categories":[210],"tags":[825,1141,1350,182],"class_list":["post-11893","post","type-post","status-publish","format-standard","has-post-thumbnail","hentry","category-artigos","tag-conteudo","tag-inteligencia-artificial","tag-inteligencia-humana","tag-marketing"],"amp_enabled":true,"_links":{"self":[{"href":"https:\/\/sincomavi.org.br\/index.php?rest_route=\/wp\/v2\/posts\/11893","targetHints":{"allow":["GET"]}}],"collection":[{"href":"https:\/\/sincomavi.org.br\/index.php?rest_route=\/wp\/v2\/posts"}],"about":[{"href":"https:\/\/sincomavi.org.br\/index.php?rest_route=\/wp\/v2\/types\/post"}],"author":[{"embeddable":true,"href":"https:\/\/sincomavi.org.br\/index.php?rest_route=\/wp\/v2\/users\/1"}],"replies":[{"embeddable":true,"href":"https:\/\/sincomavi.org.br\/index.php?rest_route=%2Fwp%2Fv2%2Fcomments&post=11893"}],"version-history":[{"count":1,"href":"https:\/\/sincomavi.org.br\/index.php?rest_route=\/wp\/v2\/posts\/11893\/revisions"}],"predecessor-version":[{"id":11895,"href":"https:\/\/sincomavi.org.br\/index.php?rest_route=\/wp\/v2\/posts\/11893\/revisions\/11895"}],"wp:featuredmedia":[{"embeddable":true,"href":"https:\/\/sincomavi.org.br\/index.php?rest_route=\/wp\/v2\/media\/11894"}],"wp:attachment":[{"href":"https:\/\/sincomavi.org.br\/index.php?rest_route=%2Fwp%2Fv2%2Fmedia&parent=11893"}],"wp:term":[{"taxonomy":"category","embeddable":true,"href":"https:\/\/sincomavi.org.br\/index.php?rest_route=%2Fwp%2Fv2%2Fcategories&post=11893"},{"taxonomy":"post_tag","embeddable":true,"href":"https:\/\/sincomavi.org.br\/index.php?rest_route=%2Fwp%2Fv2%2Ftags&post=11893"}],"curies":[{"name":"wp","href":"https:\/\/api.w.org\/{rel}","templated":true}]}}