{"id":11717,"date":"2024-05-13T09:06:00","date_gmt":"2024-05-13T12:06:00","guid":{"rendered":"https:\/\/sincomavi.org.br\/?p=11717"},"modified":"2024-05-13T08:10:00","modified_gmt":"2024-05-13T11:10:00","slug":"exames-toxicologicos-de-motoristas-empregados","status":"publish","type":"post","link":"https:\/\/sincomavi.org.br\/?p=11717","title":{"rendered":"Exames toxicol\u00f3gicos de motoristas empregados\u00a0"},"content":{"rendered":"\n<hr class=\"wp-block-separator has-alpha-channel-opacity is-style-default\"\/>\n\n\n\n<div style=\"height:55px\" aria-hidden=\"true\" class=\"wp-block-spacer\"><\/div>\n\n\n<div class=\"wp-block-post-date\"><time datetime=\"2024-05-13T09:06:00-03:00\">13 de maio de 2024<\/time><\/div>\n\n\n<p>Alteradas as normas que regulamentam a aplica\u00e7\u00e3o dos exames toxicol\u00f3gicos peri\u00f3dicos por motoristas profissionais do transporte rodovi\u00e1rio coletivo de passageiros e do transporte rodovi\u00e1rio de cargas na condi\u00e7\u00e3o de motorista empregado.<\/p>\n\n\n\n<p>A partir de 1\u00ba de agosto de 2024, o registro de empregados, al\u00e9m das exig\u00eancias j\u00e1 estabelecidas, dever\u00e1 conter informa\u00e7\u00f5es relativas ao monitoramento da sa\u00fade do trabalhador e ao exame toxicol\u00f3gico a que deve se submeter o motorista profissional empregado. Tais informa\u00e7\u00f5es devem ser registradas at\u00e9 o dia quinze do m\u00eas seguinte ao da ocorr\u00eancia.<\/p>\n\n\n\n<p>Tamb\u00e9m a partir dessa data, o registro da aplica\u00e7\u00e3o do exame toxicol\u00f3gico dever\u00e1 ser transmitido ao Sistema Simplificado de Escritura\u00e7\u00e3o Digital das Obriga\u00e7\u00f5es Previdenci\u00e1rias, Trabalhistas e Fiscais &#8211; eSocial:&nbsp;<\/p>\n\n\n\n<p>Os exames toxicol\u00f3gicos ser\u00e3o custeados pelo empregador (ou reembolsados ao motorista empregado que os tenha assumido) e realizados previamente \u00e0 admiss\u00e3o; periodicamente, no m\u00ednimo a cada 2 anos e 6 meses e por ocasi\u00e3o do desligamento. Os exames t\u00eam validade de 60 dias.<\/p>\n\n\n\n<p>A empresa, em caso de resultado positivo, providenciar\u00e1 avalia\u00e7\u00e3o cl\u00ednica do motorista quanto \u00e0 poss\u00edvel exist\u00eancia de depend\u00eancia qu\u00edmica de subst\u00e2ncias. Quando a avalia\u00e7\u00e3o indicar quadro de depend\u00eancia qu\u00edmica, a organiza\u00e7\u00e3o dever\u00e1:<\/p>\n\n\n\n<p>a) emitir a Comunica\u00e7\u00e3o de Acidente do Trabalho &#8211; CAT;<\/p>\n\n\n\n<p>b) afastar o empregado do trabalho;<\/p>\n\n\n\n<p>c) encaminhar o empregado \u00e0 Previd\u00eancia Social, para avalia\u00e7\u00e3o de incapacidade e defini\u00e7\u00e3o da conduta previdenci\u00e1ria a ser definida ap\u00f3s a realiza\u00e7\u00e3o da per\u00edcia; e<\/p>\n\n\n\n<p>d) reavaliar, se for o caso, os riscos ocupacionais e as medidas de preven\u00e7\u00e3o pertinentes no Programa de Gerenciamento de Riscos &#8211; PGR.&nbsp;<\/p>\n\n\n\n<p>O empregador poder\u00e1 desenvolver programa de controle de uso de drogas e de bebida alco\u00f3lica entre seus motoristas profissionais empregados, dando-lhes ampla ci\u00eancia, bem como realizar a avalia\u00e7\u00e3o do desenvolvimento de quadro de depend\u00eancia qu\u00edmica, em rela\u00e7\u00e3o a qualquer de seus motoristas profissionais empregados.<\/p>\n\n\n\n<p>A Inspe\u00e7\u00e3o do Trabalho verificar\u00e1 o cumprimento dos dispositivos que disciplinam a realiza\u00e7\u00e3o de exames toxicol\u00f3gicos previstos, inclusive o registro de sua aplica\u00e7\u00e3o.&nbsp;<\/p>\n\n\n\n<p><strong>Fonte: Portarias MTE 612 e 617 &#8211; DOU de 26\/04\/24<\/strong><\/p>\n\n\n\n<div style=\"height:100px\" aria-hidden=\"true\" class=\"wp-block-spacer\"><\/div>\n\n\n\n<hr class=\"wp-block-separator has-alpha-channel-opacity is-style-default\"\/>\n","protected":false},"excerpt":{"rendered":"<p>Alteradas as normas que regulamentam a aplica\u00e7\u00e3o dos exames toxicol\u00f3gicos peri\u00f3dicos por motoristas profissionais do transporte rodovi\u00e1rio coletivo de passageiros e do transporte rodovi\u00e1rio de cargas na condi\u00e7\u00e3o de motorista empregado. A partir de 1\u00ba de agosto de 2024, o registro de empregados, al\u00e9m das exig\u00eancias j\u00e1 estabelecidas, dever\u00e1 conter informa\u00e7\u00f5es relativas ao monitoramento da [&hellip;]<\/p>\n","protected":false},"author":1,"featured_media":6097,"comment_status":"closed","ping_status":"open","sticky":false,"template":"","format":"standard","meta":{"tdm_status":"","tdm_grid_status":"","footnotes":""},"categories":[157],"tags":[199,1320,158,678,1321,1322,363,200],"class_list":["post-11717","post","type-post","status-publish","format-standard","has-post-thumbnail","hentry","category-alerta","tag-comercio","tag-exame-toxicologico","tag-material-de-construcao","tag-motoristas","tag-portaria-mte-612-24","tag-portaria-mte-617-24","tag-relacoes-trabalhistas","tag-varejo"],"amp_enabled":true,"_links":{"self":[{"href":"https:\/\/sincomavi.org.br\/index.php?rest_route=\/wp\/v2\/posts\/11717","targetHints":{"allow":["GET"]}}],"collection":[{"href":"https:\/\/sincomavi.org.br\/index.php?rest_route=\/wp\/v2\/posts"}],"about":[{"href":"https:\/\/sincomavi.org.br\/index.php?rest_route=\/wp\/v2\/types\/post"}],"author":[{"embeddable":true,"href":"https:\/\/sincomavi.org.br\/index.php?rest_route=\/wp\/v2\/users\/1"}],"replies":[{"embeddable":true,"href":"https:\/\/sincomavi.org.br\/index.php?rest_route=%2Fwp%2Fv2%2Fcomments&post=11717"}],"version-history":[{"count":1,"href":"https:\/\/sincomavi.org.br\/index.php?rest_route=\/wp\/v2\/posts\/11717\/revisions"}],"predecessor-version":[{"id":11718,"href":"https:\/\/sincomavi.org.br\/index.php?rest_route=\/wp\/v2\/posts\/11717\/revisions\/11718"}],"wp:featuredmedia":[{"embeddable":true,"href":"https:\/\/sincomavi.org.br\/index.php?rest_route=\/wp\/v2\/media\/6097"}],"wp:attachment":[{"href":"https:\/\/sincomavi.org.br\/index.php?rest_route=%2Fwp%2Fv2%2Fmedia&parent=11717"}],"wp:term":[{"taxonomy":"category","embeddable":true,"href":"https:\/\/sincomavi.org.br\/index.php?rest_route=%2Fwp%2Fv2%2Fcategories&post=11717"},{"taxonomy":"post_tag","embeddable":true,"href":"https:\/\/sincomavi.org.br\/index.php?rest_route=%2Fwp%2Fv2%2Ftags&post=11717"}],"curies":[{"name":"wp","href":"https:\/\/api.w.org\/{rel}","templated":true}]}}