{"id":11663,"date":"2024-05-02T09:43:47","date_gmt":"2024-05-02T12:43:47","guid":{"rendered":"https:\/\/sincomavi.org.br\/?p=11663"},"modified":"2024-05-02T09:44:20","modified_gmt":"2024-05-02T12:44:20","slug":"matcons-geracao-de-emprego-no-varejo-avanca-mais-de-30","status":"publish","type":"post","link":"https:\/\/sincomavi.org.br\/?p=11663","title":{"rendered":"Matcons: gera\u00e7\u00e3o de emprego no varejo avan\u00e7a mais de 30%"},"content":{"rendered":"\n<hr class=\"wp-block-separator has-alpha-channel-opacity is-style-default\"\/>\n\n\n\n<div style=\"height:64px\" aria-hidden=\"true\" class=\"wp-block-spacer\"><\/div>\n\n\n<div class=\"wp-block-post-date\"><time datetime=\"2024-05-02T09:43:47-03:00\">2 de maio de 2024<\/time><\/div>\n\n\n<p>Pelo terceiro m\u00eas consecutivo, o mercado de trabalho do varejo de material de constru\u00e7\u00e3o da Regi\u00e3o Metropolitana de S\u00e3o Paulo (RMSP) evoluiu, segundo dados do Novo Caged (Cadastro Geral de Empregados e Desempregados). Em mar\u00e7o foram 346 novos empregos com carteira assinada, ap\u00f3s o registro de 4.164 admiss\u00f5es e 3.818 desligamentos &#8211; estoque formado por quase 95,5 mil v\u00ednculos ativos no setor.&nbsp;<\/p>\n\n\n\n<p>O avan\u00e7o no per\u00edodo foi praticamente similar ao desempenho obtido em fevereiro, mas quase 150% superior ao saldo de mar\u00e7o de 2023. Na cidade de S\u00e3o Paulo houve o registro de 310 vagas criadas, o que representa o maior patamar do ano e a invers\u00e3o do retrocesso de 17 postos de trabalho contabilizados no mesmo m\u00eas do ano passado.&nbsp;<\/p>\n\n\n\n<h3 class=\"wp-block-heading has-text-align-center\">Evolu\u00e7\u00e3o do saldo de empregos do varejo de material de constru\u00e7\u00e3o \u2013 RMSP e S\u00e3o Paulo\/SP<\/h3>\n\n\n\n<p class=\"has-text-align-center\"><img loading=\"lazy\" decoding=\"async\" src=\"https:\/\/lh7-us.googleusercontent.com\/ICnO6YcuXbuOHIb1uL7CRMhElXCzBRmCIRLc9ei6RImzGZ-3QqjD46naNDa4GwlUfP_9ctNew_VXoqD9cpjOkepl-Fn66dWPZqEVFqlz5hm7pYkm6OtEdt9Y1To5IleHy8DJtAx1K_Hr0gBVWuZisw\" width=\"553\" height=\"352\"><\/p>\n\n\n\n<p class=\"has-text-align-right\"><strong>Fonte: CAGED<\/strong><\/p>\n\n\n\n<p>Por atividades, o resultado de mar\u00e7o foi puxado especialmente pelo ramo de material de constru\u00e7\u00e3o em geral (+237 vagas) e de ferragens e ferramentas (+75 vagas). Por outro lado, as perdas mais significativas ocorreram nos com\u00e9rcios de vidros (-23 vagas) e de tintas e material para pintura (-16 vagas).<\/p>\n\n\n\n<p class=\"has-text-align-center\"><img loading=\"lazy\" decoding=\"async\" width=\"546\" height=\"284\" src=\"https:\/\/lh7-us.googleusercontent.com\/GyXU-k4IiLiqpGrUg9D04Na5XHxT__q350m47ttoQTCtLmjbRujsOUcKHxF-LC1HzSq_YjX5hwuignkZWG6G9EADb_UZI1Q6FNVkIN0gg_HEvhRcoy0aImtldHyBRT70GkP82hwN6X8TO1IM6JLp7Q\"><\/p>\n\n\n\n<p>No trimestre s\u00e3o 885 vagas a mais no setor, com perdas de 19 empregos apenas no varejo de vidros. Por outro lado, o com\u00e9rcio varejista de material de constru\u00e7\u00e3o em geral avan\u00e7ou em 381 v\u00ednculos com carteira assinada.<\/p>\n\n\n\n<p class=\"has-text-align-center\"><img loading=\"lazy\" decoding=\"async\" src=\"https:\/\/lh7-us.googleusercontent.com\/XsGr-Ch8BEQyFy6izy56ILSJdZmDtWhd1AAS6CAXk7IzvELh-nY6zd7SrJckyayGV_S0IU5BRMHisrkk5vj6UUQWi_ku0O-oX1qZWi9TJq0g03_Z6HsJsyqd6bHzPbeVfwhp1xpHqFAQi0tfZMSwKw\" width=\"516\" height=\"304\"><\/p>\n\n\n\n<p>O economista Jaime Vasconcellos comenta que os n\u00fameros de mar\u00e7o mantiveram os bons ritmos de crescimentos mensais do mercado de trabalho dos meses recentes, salvos os impactos sazonais negativos do \u00faltimo trimestre. \u201cMais do que isso, j\u00e1 s\u00e3o 885 empregos a mais no ano, avan\u00e7o de 30,7% em rela\u00e7\u00e3o ao saldo do acumulado dos tr\u00eas primeiros meses de 2023 (+677 vagas)\u201d, ressalta. Em sua an\u00e1lise, ele destaca a resili\u00eancia do mercado de trabalho do setor que se mostra em conson\u00e2ncia com as boas surpresas trazidas pelo avan\u00e7o dos indicadores de empregabilidade pelo pa\u00eds. \u201cSinal cada vez mais claro de um aquecimento dom\u00e9stico maior que o aguardado, com base em um cen\u00e1rio conjuntural de consumo mais favor\u00e1vel devido aos juros mais baixos, infla\u00e7\u00e3o razoavelmente controlada e redu\u00e7\u00e3o ainda t\u00edmida, mas vis\u00edvel dos n\u00edveis de endividamento familiar\u201d.&nbsp;<\/p>\n\n\n\n<div style=\"height:63px\" aria-hidden=\"true\" class=\"wp-block-spacer\"><\/div>\n\n\n\n<hr class=\"wp-block-separator has-alpha-channel-opacity is-style-default\"\/>\n","protected":false},"excerpt":{"rendered":"<p>Pelo terceiro m\u00eas consecutivo, o mercado de trabalho do varejo de material de constru\u00e7\u00e3o da Regi\u00e3o Metropolitana de S\u00e3o Paulo (RMSP) evoluiu, segundo dados do Novo Caged (Cadastro Geral de Empregados e Desempregados). Em mar\u00e7o foram 346 novos empregos com carteira assinada, ap\u00f3s o registro de 4.164 admiss\u00f5es e 3.818 desligamentos &#8211; estoque formado por [&hellip;]<\/p>\n","protected":false},"author":1,"featured_media":11664,"comment_status":"closed","ping_status":"open","sticky":false,"template":"","format":"standard","meta":{"tdm_status":"","tdm_grid_status":"","footnotes":""},"categories":[153],"tags":[199,156,620,158,694,160,200],"class_list":["post-11663","post","type-post","status-publish","format-standard","has-post-thumbnail","hentry","category-noticias","tag-comercio","tag-economia","tag-levantamento","tag-material-de-construcao","tag-mercado-de-trabalho","tag-pesquisa","tag-varejo"],"amp_enabled":true,"_links":{"self":[{"href":"https:\/\/sincomavi.org.br\/index.php?rest_route=\/wp\/v2\/posts\/11663","targetHints":{"allow":["GET"]}}],"collection":[{"href":"https:\/\/sincomavi.org.br\/index.php?rest_route=\/wp\/v2\/posts"}],"about":[{"href":"https:\/\/sincomavi.org.br\/index.php?rest_route=\/wp\/v2\/types\/post"}],"author":[{"embeddable":true,"href":"https:\/\/sincomavi.org.br\/index.php?rest_route=\/wp\/v2\/users\/1"}],"replies":[{"embeddable":true,"href":"https:\/\/sincomavi.org.br\/index.php?rest_route=%2Fwp%2Fv2%2Fcomments&post=11663"}],"version-history":[{"count":2,"href":"https:\/\/sincomavi.org.br\/index.php?rest_route=\/wp\/v2\/posts\/11663\/revisions"}],"predecessor-version":[{"id":11666,"href":"https:\/\/sincomavi.org.br\/index.php?rest_route=\/wp\/v2\/posts\/11663\/revisions\/11666"}],"wp:featuredmedia":[{"embeddable":true,"href":"https:\/\/sincomavi.org.br\/index.php?rest_route=\/wp\/v2\/media\/11664"}],"wp:attachment":[{"href":"https:\/\/sincomavi.org.br\/index.php?rest_route=%2Fwp%2Fv2%2Fmedia&parent=11663"}],"wp:term":[{"taxonomy":"category","embeddable":true,"href":"https:\/\/sincomavi.org.br\/index.php?rest_route=%2Fwp%2Fv2%2Fcategories&post=11663"},{"taxonomy":"post_tag","embeddable":true,"href":"https:\/\/sincomavi.org.br\/index.php?rest_route=%2Fwp%2Fv2%2Ftags&post=11663"}],"curies":[{"name":"wp","href":"https:\/\/api.w.org\/{rel}","templated":true}]}}