{"id":1164,"date":"2019-09-02T13:04:35","date_gmt":"2019-09-02T16:04:35","guid":{"rendered":"http:\/\/sincomavi.org.br\/?p=1164"},"modified":"2019-09-03T09:05:40","modified_gmt":"2019-09-03T12:05:40","slug":"semana-do-brasil-oportunidade-para-aumentar-as-vendas","status":"publish","type":"post","link":"https:\/\/sincomavi.org.br\/?p=1164","title":{"rendered":"Semana do Brasil: oportunidade para aumentar as vendas"},"content":{"rendered":"\n<p>O Sincomavi \u00e9 uma das entidades de classe que apoia a nova campanha \u201cSemana do Brasil\u201d, promovida pelo Governo Federal, que ocorrer\u00e1 entre os dias 06 de 15 de setembro. Isso porque essa pode ser uma grande oportunidade para os comerciantes aproveitarem a melhora da confian\u00e7a dos consumidores e aumentarem suas vendas. As principais raz\u00f5es do Governo Federal para a cria\u00e7\u00e3o da campanha foram a necessidade de movimentar a economia e a falta no m\u00eas de setembro de uma data comercial de impacto, al\u00e9m, \u00e9 claro, do forte apelo patri\u00f3tico do per\u00edodo.<\/p>\n\n\n\n<p>Empresas de todos os tamanhos e segmentos podem participar da campanha. Para tanto, basta se inscrever no site oficial da campanha:<a rel=\"noreferrer noopener\" aria-label=\" clique aqui (abre numa nova aba)\" href=\"http:\/\/www.brasil.gov.br\/semanadobrasil\/\" target=\"_blank\"><strong> clique aqui<\/strong><\/a>. Al\u00e9m da inscri\u00e7\u00e3o, o comerciante poder\u00e1 fazer o download do logo oficial, branding book, para aplica\u00e7\u00e3o correta do logo, e pe\u00e7as promocionais para os mais diferentes objetivos, como adesivos, bandeirolas, banners, cubos, faixas, mobiles etc., que, em muitos casos, s\u00e3o pass\u00edveis de personaliza\u00e7\u00e3o.<\/p>\n\n\n\n<h3 class=\"wp-block-heading\"><strong>Campanha pega ritmo<\/strong><\/h3>\n\n\n\n<p>Apesar do tempo curto para sua idealiza\u00e7\u00e3o e divulga\u00e7\u00e3o, a campanha \u201cSemana do Brasil\u201d tem o potencial de se tornar um sucesso em raz\u00e3o dos saques previstos do Fundo de Garantia por Tempo de Servi\u00e7o (FGTS) e a antecipa\u00e7\u00e3o do 13\u00ba Sal\u00e1rio dos aposentados. Muitas redes varejistas de grande porte manifestaram a inten\u00e7\u00e3o de aderir \u00e0 iniciativa e j\u00e1 deram in\u00edcio \u00e0s divulga\u00e7\u00f5es, casos de Fast Shop, que programou descontos de at\u00e9 45% e prazo de pagamento em at\u00e9 12 vezes em suas linhas de produtos, e Havan.<\/p>\n\n\n\n<p>No portal <a rel=\"noreferrer noopener\" aria-label=\"&quot;Semana do Brasil&quot; (abre numa nova aba)\" href=\"http:\/\/semanadobrasil.com\" target=\"_blank\"><strong>&#8220;Semana do Brasil&#8221;<\/strong><\/a> \u00e9 poss\u00edvel acompanhar o movimento de ades\u00e3o \u00e0 campanha, ofertas e outras novidades. Segundo levantamento realizado pela equipe da Semana do Brasil, 27% das lojas que participar\u00e3o da campanha est\u00e3o localizadas em S\u00e3o Paulo. J\u00e1 s\u00e3o mais de 2.800 empresas inscritas. <\/p>\n","protected":false},"excerpt":{"rendered":"<p>O Sincomavi \u00e9 uma das entidades de classe que apoia a nova campanha \u201cSemana do Brasil\u201d, promovida pelo Governo Federal, que ocorrer\u00e1 entre os dias 06 de 15 de setembro. Isso porque essa pode ser uma grande oportunidade para os comerciantes aproveitarem a melhora da confian\u00e7a dos consumidores e aumentarem suas vendas. As principais raz\u00f5es [&hellip;]<\/p>\n","protected":false},"author":1,"featured_media":1165,"comment_status":"closed","ping_status":"open","sticky":false,"template":"","format":"standard","meta":{"tdm_status":"","tdm_grid_status":"","footnotes":""},"categories":[153],"tags":[196],"class_list":["post-1164","post","type-post","status-publish","format-standard","has-post-thumbnail","hentry","category-noticias","tag-campanha"],"amp_enabled":true,"_links":{"self":[{"href":"https:\/\/sincomavi.org.br\/index.php?rest_route=\/wp\/v2\/posts\/1164","targetHints":{"allow":["GET"]}}],"collection":[{"href":"https:\/\/sincomavi.org.br\/index.php?rest_route=\/wp\/v2\/posts"}],"about":[{"href":"https:\/\/sincomavi.org.br\/index.php?rest_route=\/wp\/v2\/types\/post"}],"author":[{"embeddable":true,"href":"https:\/\/sincomavi.org.br\/index.php?rest_route=\/wp\/v2\/users\/1"}],"replies":[{"embeddable":true,"href":"https:\/\/sincomavi.org.br\/index.php?rest_route=%2Fwp%2Fv2%2Fcomments&post=1164"}],"version-history":[{"count":4,"href":"https:\/\/sincomavi.org.br\/index.php?rest_route=\/wp\/v2\/posts\/1164\/revisions"}],"predecessor-version":[{"id":1173,"href":"https:\/\/sincomavi.org.br\/index.php?rest_route=\/wp\/v2\/posts\/1164\/revisions\/1173"}],"wp:featuredmedia":[{"embeddable":true,"href":"https:\/\/sincomavi.org.br\/index.php?rest_route=\/wp\/v2\/media\/1165"}],"wp:attachment":[{"href":"https:\/\/sincomavi.org.br\/index.php?rest_route=%2Fwp%2Fv2%2Fmedia&parent=1164"}],"wp:term":[{"taxonomy":"category","embeddable":true,"href":"https:\/\/sincomavi.org.br\/index.php?rest_route=%2Fwp%2Fv2%2Fcategories&post=1164"},{"taxonomy":"post_tag","embeddable":true,"href":"https:\/\/sincomavi.org.br\/index.php?rest_route=%2Fwp%2Fv2%2Ftags&post=1164"}],"curies":[{"name":"wp","href":"https:\/\/api.w.org\/{rel}","templated":true}]}}