{"id":11606,"date":"2024-04-19T16:48:26","date_gmt":"2024-04-19T19:48:26","guid":{"rendered":"https:\/\/sincomavi.org.br\/?p=11606"},"modified":"2024-04-19T16:48:27","modified_gmt":"2024-04-19T19:48:27","slug":"lei-14553-23-informacao-de-raca-ou-etnia-no-esocial","status":"publish","type":"post","link":"https:\/\/sincomavi.org.br\/?p=11606","title":{"rendered":"Lei 14553\/23: informa\u00e7\u00e3o de ra\u00e7a ou etnia no eSocial"},"content":{"rendered":"\n<hr class=\"wp-block-separator has-alpha-channel-opacity is-style-default\"\/>\n\n\n\n<div style=\"height:46px\" aria-hidden=\"true\" class=\"wp-block-spacer\"><\/div>\n\n\n<div class=\"wp-block-post-date\"><time datetime=\"2024-04-19T16:48:26-03:00\">19 de abril de 2024<\/time><\/div>\n\n\n<p>Mat\u00e9ria publicada em 18\/04\/2024 no <a href=\"https:\/\/noticias.iob.com.br\/nao-deixe-para-a-ultima-hora-informacoes-sobre-raca-e-etnia-serao-obrigatorias-nos-documentos-trabalhistas\/\"><strong>IOB Not\u00edcias<\/strong><\/a> adverte que, a partir de 22 de abril de 2024, devem ser informadas ra\u00e7a\/etnia dos trabalhadores nos documentos trabalhistas, tais como formul\u00e1rios de admiss\u00e3o e demiss\u00e3o no emprego, CAT &#8211; Comunica\u00e7\u00e3o de Acidente do Trabalho,\u00a0 Sine, inscri\u00e7\u00e3o no Regime Geral de Previd\u00eancia Social e outros documentos conexos.\u00a0<\/p>\n\n\n\n<p>No e eSocial j\u00e1 tem um \u201calerta\u201d, com mensagem de erro, informando que n\u00e3o poder\u00e1 ser mais utilizada a op\u00e7\u00e3o \u201cn\u00e3o informada\u201d. O dado solicitado deve ser fornecido com base na autoclassifica\u00e7\u00e3o do pr\u00f3prio trabalhador e as op\u00e7\u00f5es s\u00e3o:\u00a0 1 \u2013 Branca; 2 \u2013 Preta; 3 \u2013 Parda; 4 \u2013 Amarela; ou 5 \u2013 Ind\u00edgena.Essa obriga\u00e7\u00e3o foi determinada pela Lei 14.553\/23 (<a href=\"about:blank\"><strong>texto aqui<\/strong><\/a>), que alterou a Lei 12.288\/2012, instituidora do Estatuto da Igualdade Racial. Com isso, \u00e9 importante a busca desde j\u00e1 pela autodeclara\u00e7\u00e3o dos colaboradores sobre ra\u00e7a e realizar a atualiza\u00e7\u00e3o dos dados da empresa.<\/p>\n\n\n\n<div style=\"height:63px\" aria-hidden=\"true\" class=\"wp-block-spacer\"><\/div>\n\n\n\n<hr class=\"wp-block-separator has-alpha-channel-opacity is-style-default\"\/>\n","protected":false},"excerpt":{"rendered":"<p>Mat\u00e9ria publicada em 18\/04\/2024 no IOB Not\u00edcias adverte que, a partir de 22 de abril de 2024, devem ser informadas ra\u00e7a\/etnia dos trabalhadores nos documentos trabalhistas, tais como formul\u00e1rios de admiss\u00e3o e demiss\u00e3o no emprego, CAT &#8211; Comunica\u00e7\u00e3o de Acidente do Trabalho,\u00a0 Sine, inscri\u00e7\u00e3o no Regime Geral de Previd\u00eancia Social e outros documentos conexos.\u00a0 No [&hellip;]<\/p>\n","protected":false},"author":1,"featured_media":11607,"comment_status":"closed","ping_status":"open","sticky":false,"template":"","format":"standard","meta":{"tdm_status":"","tdm_grid_status":"","footnotes":""},"categories":[157],"tags":[1307,112,1306,1305,1304,1308],"class_list":["post-11606","post","type-post","status-publish","format-standard","has-post-thumbnail","hentry","category-alerta","tag-cat","tag-esocial","tag-estatuto-da-igualdade-racial","tag-lei-12288-12","tag-lei-14553-23","tag-sine"],"amp_enabled":true,"_links":{"self":[{"href":"https:\/\/sincomavi.org.br\/index.php?rest_route=\/wp\/v2\/posts\/11606","targetHints":{"allow":["GET"]}}],"collection":[{"href":"https:\/\/sincomavi.org.br\/index.php?rest_route=\/wp\/v2\/posts"}],"about":[{"href":"https:\/\/sincomavi.org.br\/index.php?rest_route=\/wp\/v2\/types\/post"}],"author":[{"embeddable":true,"href":"https:\/\/sincomavi.org.br\/index.php?rest_route=\/wp\/v2\/users\/1"}],"replies":[{"embeddable":true,"href":"https:\/\/sincomavi.org.br\/index.php?rest_route=%2Fwp%2Fv2%2Fcomments&post=11606"}],"version-history":[{"count":1,"href":"https:\/\/sincomavi.org.br\/index.php?rest_route=\/wp\/v2\/posts\/11606\/revisions"}],"predecessor-version":[{"id":11608,"href":"https:\/\/sincomavi.org.br\/index.php?rest_route=\/wp\/v2\/posts\/11606\/revisions\/11608"}],"wp:featuredmedia":[{"embeddable":true,"href":"https:\/\/sincomavi.org.br\/index.php?rest_route=\/wp\/v2\/media\/11607"}],"wp:attachment":[{"href":"https:\/\/sincomavi.org.br\/index.php?rest_route=%2Fwp%2Fv2%2Fmedia&parent=11606"}],"wp:term":[{"taxonomy":"category","embeddable":true,"href":"https:\/\/sincomavi.org.br\/index.php?rest_route=%2Fwp%2Fv2%2Fcategories&post=11606"},{"taxonomy":"post_tag","embeddable":true,"href":"https:\/\/sincomavi.org.br\/index.php?rest_route=%2Fwp%2Fv2%2Ftags&post=11606"}],"curies":[{"name":"wp","href":"https:\/\/api.w.org\/{rel}","templated":true}]}}