{"id":11599,"date":"2024-04-16T14:14:57","date_gmt":"2024-04-16T17:14:57","guid":{"rendered":"https:\/\/sincomavi.org.br\/?p=11599"},"modified":"2024-04-16T14:14:58","modified_gmt":"2024-04-16T17:14:58","slug":"contribuicoes-previdenciarias-adequacao-das-normas-as-ultimas-decisoes-dos-tribunais","status":"publish","type":"post","link":"https:\/\/sincomavi.org.br\/?p=11599","title":{"rendered":"Contribui\u00e7\u00f5es previdenci\u00e1rias: adequa\u00e7\u00e3o das normas \u00e0s \u00faltimas decis\u00f5es dos tribunais"},"content":{"rendered":"\n<hr class=\"wp-block-separator has-alpha-channel-opacity is-style-default\"\/>\n\n\n\n<div style=\"height:70px\" aria-hidden=\"true\" class=\"wp-block-spacer\"><\/div>\n\n\n<div class=\"wp-block-post-date\"><time datetime=\"2024-04-16T14:14:57-03:00\">16 de abril de 2024<\/time><\/div>\n\n\n<p>Em 09 de abril de 2024 foi publicado texto legal no Di\u00e1rio Oficial da Uni\u00e3o &#8211; DOU, alterando as normas gerais de tributa\u00e7\u00e3o previdenci\u00e1ria e de arrecada\u00e7\u00e3o das contribui\u00e7\u00f5es sociais destinadas \u00e0 Previd\u00eancia Social e das contribui\u00e7\u00f5es devidas a terceiros, administradas pela Secretaria Especial da Receita Federal do Brasil. Tal medida se mostrou necess\u00e1ria tendo em vista os \u00faltimos entendimentos jurisprudenciais vinculantes, da adequa\u00e7\u00e3o de dispositivos \u00e0 norma anterior e do tratamento adequado aos t\u00f3picos relativos ao eSocial.&nbsp;<\/p>\n\n\n\n<p>\u00c9 poss\u00edvel citar a seguir as principais altera\u00e7\u00f5es de interesse para as empresas representadas pelo Sincomavi:<\/p>\n\n\n\n<p>a &#8211; N\u00e3o incid\u00eancia de contribui\u00e7\u00f5es patronais sobre a prorroga\u00e7\u00e3o do sal\u00e1rio-maternidade, ainda que compartilhada com o pai.<\/p>\n\n\n\n<p>b &#8211; Consolida\u00e7\u00e3o do entendimento de que o produtor rural pessoa f\u00edsica sem inscri\u00e7\u00e3o no CNPJ n\u00e3o \u00e9 sujeito passivo da contribui\u00e7\u00e3o ao sal\u00e1rio-educa\u00e7\u00e3o, em raz\u00e3o de n\u00e3o ser considerado empresa, nos termos do Parecer SEI n\u00ba 5899\/2022\/ME.<\/p>\n\n\n\n<p>c &#8211; Altera\u00e7\u00e3o dos eventos do Sistema de Escritura\u00e7\u00e3o Digital das Obriga\u00e7\u00f5es Fiscais, Previdenci\u00e1rias e Trabalhistas \u2013 eSocial, necess\u00e1rios para a elabora\u00e7\u00e3o do Perfil Profissiogr\u00e1fico Profissional &#8211; PPP, para excluir a obrigatoriedade de atualiza\u00e7\u00e3o anual do PPP quando n\u00e3o houver modifica\u00e7\u00e3o das informa\u00e7\u00f5es constantes no formul\u00e1rio.<\/p>\n\n\n\n<p>Base :\u00a0 IN RFB n\u00ba 2.185\/24 &#8211; DOU 09.04.2024<\/p>\n\n\n\n<hr class=\"wp-block-separator has-alpha-channel-opacity is-style-default\"\/>\n\n\n\n<div style=\"height:100px\" aria-hidden=\"true\" class=\"wp-block-spacer\"><\/div>\n","protected":false},"excerpt":{"rendered":"<p>Em 09 de abril de 2024 foi publicado texto legal no Di\u00e1rio Oficial da Uni\u00e3o &#8211; DOU, alterando as normas gerais de tributa\u00e7\u00e3o previdenci\u00e1ria e de arrecada\u00e7\u00e3o das contribui\u00e7\u00f5es sociais destinadas \u00e0 Previd\u00eancia Social e das contribui\u00e7\u00f5es devidas a terceiros, administradas pela Secretaria Especial da Receita Federal do Brasil. Tal medida se mostrou necess\u00e1ria tendo [&hellip;]<\/p>\n","protected":false},"author":1,"featured_media":11600,"comment_status":"closed","ping_status":"open","sticky":false,"template":"","format":"standard","meta":{"tdm_status":"","tdm_grid_status":"","footnotes":""},"categories":[157],"tags":[1300,1301,1302],"class_list":["post-11599","post","type-post","status-publish","format-standard","has-post-thumbnail","hentry","category-alerta","tag-contribuicoes-previdenciarias","tag-in-rfb-2185-24","tag-parecer-sei-5899-2022-me"],"amp_enabled":true,"_links":{"self":[{"href":"https:\/\/sincomavi.org.br\/index.php?rest_route=\/wp\/v2\/posts\/11599","targetHints":{"allow":["GET"]}}],"collection":[{"href":"https:\/\/sincomavi.org.br\/index.php?rest_route=\/wp\/v2\/posts"}],"about":[{"href":"https:\/\/sincomavi.org.br\/index.php?rest_route=\/wp\/v2\/types\/post"}],"author":[{"embeddable":true,"href":"https:\/\/sincomavi.org.br\/index.php?rest_route=\/wp\/v2\/users\/1"}],"replies":[{"embeddable":true,"href":"https:\/\/sincomavi.org.br\/index.php?rest_route=%2Fwp%2Fv2%2Fcomments&post=11599"}],"version-history":[{"count":1,"href":"https:\/\/sincomavi.org.br\/index.php?rest_route=\/wp\/v2\/posts\/11599\/revisions"}],"predecessor-version":[{"id":11601,"href":"https:\/\/sincomavi.org.br\/index.php?rest_route=\/wp\/v2\/posts\/11599\/revisions\/11601"}],"wp:featuredmedia":[{"embeddable":true,"href":"https:\/\/sincomavi.org.br\/index.php?rest_route=\/wp\/v2\/media\/11600"}],"wp:attachment":[{"href":"https:\/\/sincomavi.org.br\/index.php?rest_route=%2Fwp%2Fv2%2Fmedia&parent=11599"}],"wp:term":[{"taxonomy":"category","embeddable":true,"href":"https:\/\/sincomavi.org.br\/index.php?rest_route=%2Fwp%2Fv2%2Fcategories&post=11599"},{"taxonomy":"post_tag","embeddable":true,"href":"https:\/\/sincomavi.org.br\/index.php?rest_route=%2Fwp%2Fv2%2Ftags&post=11599"}],"curies":[{"name":"wp","href":"https:\/\/api.w.org\/{rel}","templated":true}]}}