{"id":11568,"date":"2024-04-10T16:46:47","date_gmt":"2024-04-10T19:46:47","guid":{"rendered":"https:\/\/sincomavi.org.br\/?p=11568"},"modified":"2024-04-10T16:46:47","modified_gmt":"2024-04-10T19:46:47","slug":"vendas-do-varejo-de-matcons-caem-12-em-marco","status":"publish","type":"post","link":"https:\/\/sincomavi.org.br\/?p=11568","title":{"rendered":"Vendas do varejo de matcons caem 12% em mar\u00e7o"},"content":{"rendered":"\n<hr class=\"wp-block-separator has-alpha-channel-opacity is-style-default\"\/>\n\n\n\n<div style=\"height:27px\" aria-hidden=\"true\" class=\"wp-block-spacer\"><\/div>\n\n\n<div class=\"wp-block-post-date\"><time datetime=\"2024-04-10T16:46:47-03:00\">10 de abril de 2024<\/time><\/div>\n\n\n<p>Dados coletados pelo \u00cdndice de Atividade Econ\u00f4mica Stone Varejo apontam para uma queda de 12% em mar\u00e7o no volume de vendas do com\u00e9rcio de material de constru\u00e7\u00e3o na compara\u00e7\u00e3o anual.<\/p>\n\n\n\n<p>O varejo em geral tamb\u00e9m registrou recuo no per\u00edodo analisado de 2,5% em rela\u00e7\u00e3o a mar\u00e7o de 2023. J\u00e1 em compara\u00e7\u00e3o ao m\u00eas anterior, o resultado foi negativo em 0,2%. De todos os segmentos acompanhados, apenas a categoria hipermercados, supermercados e produtos aliment\u00edcios conseguiu desempenho positivo no comparativo anual: 0,7%<br>&nbsp;<\/p>\n\n\n\n<p>O pesquisador econ\u00f4mico Matheus Calvelli comenta que os resultados mostram que, embora a compara\u00e7\u00e3o anual seja negativa, ao se analisar a evolu\u00e7\u00e3o entre meses do primeiro trimestre de 2024, nota-se cont\u00ednua tend\u00eancia de melhora.<\/p>\n\n\n\n<div style=\"height:57px\" aria-hidden=\"true\" class=\"wp-block-spacer\"><\/div>\n\n\n\n<hr class=\"wp-block-separator has-alpha-channel-opacity is-style-default\"\/>\n","protected":false},"excerpt":{"rendered":"<p>Dados coletados pelo \u00cdndice de Atividade Econ\u00f4mica Stone Varejo apontam para uma queda de 12% em mar\u00e7o no volume de vendas do com\u00e9rcio de material de constru\u00e7\u00e3o na compara\u00e7\u00e3o anual. O varejo em geral tamb\u00e9m registrou recuo no per\u00edodo analisado de 2,5% em rela\u00e7\u00e3o a mar\u00e7o de 2023. J\u00e1 em compara\u00e7\u00e3o ao m\u00eas anterior, o [&hellip;]<\/p>\n","protected":false},"author":1,"featured_media":11102,"comment_status":"closed","ping_status":"open","sticky":false,"template":"","format":"standard","meta":{"tdm_status":"","tdm_grid_status":"","footnotes":""},"categories":[153],"tags":[199,156,632,620,160,200,75],"class_list":["post-11568","post","type-post","status-publish","format-standard","has-post-thumbnail","hentry","category-noticias","tag-comercio","tag-economia","tag-estudo-setorial","tag-levantamento","tag-pesquisa","tag-varejo","tag-vendas"],"amp_enabled":true,"_links":{"self":[{"href":"https:\/\/sincomavi.org.br\/index.php?rest_route=\/wp\/v2\/posts\/11568","targetHints":{"allow":["GET"]}}],"collection":[{"href":"https:\/\/sincomavi.org.br\/index.php?rest_route=\/wp\/v2\/posts"}],"about":[{"href":"https:\/\/sincomavi.org.br\/index.php?rest_route=\/wp\/v2\/types\/post"}],"author":[{"embeddable":true,"href":"https:\/\/sincomavi.org.br\/index.php?rest_route=\/wp\/v2\/users\/1"}],"replies":[{"embeddable":true,"href":"https:\/\/sincomavi.org.br\/index.php?rest_route=%2Fwp%2Fv2%2Fcomments&post=11568"}],"version-history":[{"count":1,"href":"https:\/\/sincomavi.org.br\/index.php?rest_route=\/wp\/v2\/posts\/11568\/revisions"}],"predecessor-version":[{"id":11569,"href":"https:\/\/sincomavi.org.br\/index.php?rest_route=\/wp\/v2\/posts\/11568\/revisions\/11569"}],"wp:featuredmedia":[{"embeddable":true,"href":"https:\/\/sincomavi.org.br\/index.php?rest_route=\/wp\/v2\/media\/11102"}],"wp:attachment":[{"href":"https:\/\/sincomavi.org.br\/index.php?rest_route=%2Fwp%2Fv2%2Fmedia&parent=11568"}],"wp:term":[{"taxonomy":"category","embeddable":true,"href":"https:\/\/sincomavi.org.br\/index.php?rest_route=%2Fwp%2Fv2%2Fcategories&post=11568"},{"taxonomy":"post_tag","embeddable":true,"href":"https:\/\/sincomavi.org.br\/index.php?rest_route=%2Fwp%2Fv2%2Ftags&post=11568"}],"curies":[{"name":"wp","href":"https:\/\/api.w.org\/{rel}","templated":true}]}}