{"id":11468,"date":"2024-04-09T11:34:42","date_gmt":"2024-04-09T14:34:42","guid":{"rendered":"https:\/\/sincomavi.org.br\/?p=11468"},"modified":"2024-04-09T11:37:24","modified_gmt":"2024-04-09T14:37:24","slug":"varejo-de-material-de-construcao-na-rmsp-mantem-o-bom-ritmo-de-criacao-de-vagas-em-2024","status":"publish","type":"post","link":"https:\/\/sincomavi.org.br\/?p=11468","title":{"rendered":"Varejo de matcons mant\u00e9m o bom ritmo na cria\u00e7\u00e3o de vagas"},"content":{"rendered":"\n<hr class=\"wp-block-separator has-alpha-channel-opacity is-style-default\"\/>\n\n\n\n<div style=\"height:43px\" aria-hidden=\"true\" class=\"wp-block-spacer\"><\/div>\n\n\n<div class=\"wp-block-post-date\"><time datetime=\"2024-04-09T11:34:42-03:00\">9 de abril de 2024<\/time><\/div>\n\n\n<p>Era esperado que a gera\u00e7\u00e3o de empregos com carteira assinada no com\u00e9rcio varejista de material de constru\u00e7\u00e3o da Regi\u00e3o Metropolitana de S\u00e3o Paulo (RMSP) diminu\u00edsse em 2024, comparado ao avan\u00e7o verificado em 2023. N\u00e3o \u00e9 o que est\u00e1 acontecendo, segundo avalia\u00e7\u00e3o do economista Jaime Vasconcellos, ao menos n\u00e3o em rela\u00e7\u00e3o aos resultados obtidos em fevereiro e no primeiro bimestre do ano.&nbsp;<\/p>\n\n\n\n<p>Especificamente em fevereiro de 2024 foram 359 novas vagas, ap\u00f3s o registro de 4.052 admiss\u00f5es e 3.693 desligamentos. Praticamente o mesmo volume do saldo positivo do segundo m\u00eas de 2023, quando o setor gerou 355 postos de trabalho. No caso da cidade de S\u00e3o Paulo\/SP, o saldo passou de +185 empregos para +249 vagas na compara\u00e7\u00e3o dos dois \u00faltimos meses de fevereiro.<\/p>\n\n\n\n<p class=\"has-text-align-center\"><strong>Evolu\u00e7\u00e3o do saldo de empregos do varejo de material de constru\u00e7\u00e3o \u2013 RMSP e S\u00e3o Paulo\/SP<\/strong><\/p>\n\n\n\n<p class=\"has-text-align-center\"><img loading=\"lazy\" decoding=\"async\" src=\"https:\/\/lh7-us.googleusercontent.com\/docsz\/AD_4nXdrTn4axSrIHJKMqF4BH2TEUPHWlcpWmOVu-b7NH_2IpoKBljfE0HbZEI-YHx_uHz8B7gzqC6TNAix7c_7V88b-cOhiAFS3_P9qN0cw7QiqtXoBRmiUlZU3M2M11GLtsYs8uH_umZVbpzVRp9ZMgCsDIxJSu8HwhPQaRBMT0Q?key=yHxw-vRtmOk2Fw-5r7-fyQ\" width=\"553\" height=\"352\"><\/p>\n\n\n\n<p class=\"has-text-align-right\">Fonte: Caged<\/p>\n\n\n\n<p>Por atividades, o resultado de fevereiro tem como caracter\u00edstica o avan\u00e7o da empregabilidade em todos os grupos de atividades avaliados, em especial +100 vagas no com\u00e9rcio varejista de ferragens e ferramentas e outras +80 vagas nos estabelecimentos de material de constru\u00e7\u00e3o em geral.<\/p>\n\n\n\n<p class=\"has-text-align-center\"><img loading=\"lazy\" decoding=\"async\" width=\"546\" height=\"284\" src=\"https:\/\/lh7-us.googleusercontent.com\/docsz\/AD_4nXfMfVcP1ATB4fYjXzwe6zJSfuNE5er1Gg5yZJfuVkw_q0q5IINMo2frpSJW94jGBXxmBnI1U7bsyE56j0s-8zlbSftS9lXR0E-VYq0UxLeLsw00os6R1hmyD8ftt6d4paSN4BLMPtiXzSjKgiLosK25xCMyqqv4ZTrCETY3gg?key=yHxw-vRtmOk2Fw-5r7-fyQ\"><\/p>\n\n\n\n<p>No bimestre s\u00e3o 541 novos v\u00ednculos formais ativos, com as mesmas lideran\u00e7as do varejo de ferragens e ferramentas (+207 vagas) e de material de constru\u00e7\u00e3o em geral (+152 vagas).&nbsp;<\/p>\n\n\n\n<p class=\"has-text-align-center\"><img loading=\"lazy\" decoding=\"async\" width=\"516\" height=\"304\" src=\"https:\/\/lh7-us.googleusercontent.com\/docsz\/AD_4nXf1Q2K4yYqN32sgI7k2p-nsWMfpDM-Db-al-N1OQHVsKMaIlcxWqs5O0CUqbcjQQ8fs8587zqesM9MPDVORVlDiZ7K8Yvah71l-Mt5fu_FjJLdQ4MHE1n_mDyDzaEaOsMWjHkjQvgH_vvzSpMTpdZd-8sdLvOS1Eo3dNwYQ?key=yHxw-vRtmOk2Fw-5r7-fyQ\"><\/p>\n\n\n\n<p>\u201cComo j\u00e1 mencionado, os n\u00fameros do emprego no varejo de material de constru\u00e7\u00e3o da Grande S\u00e3o Paulo surpreenderam positivamente no in\u00edcio de 2024, per\u00edodo no qual registrou-se um avan\u00e7o total de 541 vagas, em compara\u00e7\u00e3o aos +534 postos de trabalho gerados no acumulado dos dois primeiros meses de 2023\u201d, comenta Jaime. Para ele, esse cen\u00e1rio demonstra uma resili\u00eancia do mercado de trabalho al\u00e9m do esperado, dando sinais de que a demanda dom\u00e9stica n\u00e3o est\u00e1 t\u00e3o desacelerada e que a confian\u00e7a empresarial se mostra mais presente que a anunciada previamente.&nbsp;&nbsp;<\/p>\n\n\n\n<div style=\"height:100px\" aria-hidden=\"true\" class=\"wp-block-spacer\"><\/div>\n\n\n\n<hr class=\"wp-block-separator has-alpha-channel-opacity is-style-default\"\/>\n","protected":false},"excerpt":{"rendered":"<p>Era esperado que a gera\u00e7\u00e3o de empregos com carteira assinada no com\u00e9rcio varejista de material de constru\u00e7\u00e3o da Regi\u00e3o Metropolitana de S\u00e3o Paulo (RMSP) diminu\u00edsse em 2024, comparado ao avan\u00e7o verificado em 2023. N\u00e3o \u00e9 o que est\u00e1 acontecendo, segundo avalia\u00e7\u00e3o do economista Jaime Vasconcellos, ao menos n\u00e3o em rela\u00e7\u00e3o aos resultados obtidos em fevereiro [&hellip;]<\/p>\n","protected":false},"author":1,"featured_media":11469,"comment_status":"closed","ping_status":"open","sticky":false,"template":"","format":"standard","meta":{"tdm_status":"","tdm_grid_status":"","footnotes":""},"categories":[153],"tags":[89,199,156,646,632,620,158,694,160,200],"class_list":["post-11468","post","type-post","status-publish","format-standard","has-post-thumbnail","hentry","category-noticias","tag-caged","tag-comercio","tag-economia","tag-empregos","tag-estudo-setorial","tag-levantamento","tag-material-de-construcao","tag-mercado-de-trabalho","tag-pesquisa","tag-varejo"],"amp_enabled":true,"_links":{"self":[{"href":"https:\/\/sincomavi.org.br\/index.php?rest_route=\/wp\/v2\/posts\/11468","targetHints":{"allow":["GET"]}}],"collection":[{"href":"https:\/\/sincomavi.org.br\/index.php?rest_route=\/wp\/v2\/posts"}],"about":[{"href":"https:\/\/sincomavi.org.br\/index.php?rest_route=\/wp\/v2\/types\/post"}],"author":[{"embeddable":true,"href":"https:\/\/sincomavi.org.br\/index.php?rest_route=\/wp\/v2\/users\/1"}],"replies":[{"embeddable":true,"href":"https:\/\/sincomavi.org.br\/index.php?rest_route=%2Fwp%2Fv2%2Fcomments&post=11468"}],"version-history":[{"count":6,"href":"https:\/\/sincomavi.org.br\/index.php?rest_route=\/wp\/v2\/posts\/11468\/revisions"}],"predecessor-version":[{"id":11475,"href":"https:\/\/sincomavi.org.br\/index.php?rest_route=\/wp\/v2\/posts\/11468\/revisions\/11475"}],"wp:featuredmedia":[{"embeddable":true,"href":"https:\/\/sincomavi.org.br\/index.php?rest_route=\/wp\/v2\/media\/11469"}],"wp:attachment":[{"href":"https:\/\/sincomavi.org.br\/index.php?rest_route=%2Fwp%2Fv2%2Fmedia&parent=11468"}],"wp:term":[{"taxonomy":"category","embeddable":true,"href":"https:\/\/sincomavi.org.br\/index.php?rest_route=%2Fwp%2Fv2%2Fcategories&post=11468"},{"taxonomy":"post_tag","embeddable":true,"href":"https:\/\/sincomavi.org.br\/index.php?rest_route=%2Fwp%2Fv2%2Ftags&post=11468"}],"curies":[{"name":"wp","href":"https:\/\/api.w.org\/{rel}","templated":true}]}}