{"id":1139,"date":"2019-08-30T08:53:01","date_gmt":"2019-08-30T11:53:01","guid":{"rendered":"http:\/\/sincomavi.org.br\/?p=1139"},"modified":"2019-09-02T09:03:46","modified_gmt":"2019-09-02T12:03:46","slug":"varejo-tudo-instantaneo","status":"publish","type":"post","link":"https:\/\/sincomavi.org.br\/?p=1139","title":{"rendered":"Varejo: tudo instant\u00e2neo"},"content":{"rendered":"\n<p>O painel \u201cO cen\u00e1rio do varejo na atualidade: tend\u00eancias, conceitos e insights\u201d, realizado em 27 de agosto, durante o Congresso da <a rel=\"noreferrer noopener\" aria-label=\"Latam Retail Show (abre numa nova aba)\" href=\"http:\/\/sincomavi.org.br\/noticias\/parcerias-movimentam-o-varejo\/\" target=\"_blank\"><strong>Latam Retail Show<\/strong><\/a>, teve a participa\u00e7\u00e3o de Artur Grynbaum, Chief Executive Officer (CEO) do Grupo Botic\u00e1rio, Edson Franco, CEO Brasil da Zurich Seguros, Peter Estermann, Diretor Presidente do GPA e Paulo Correa, CEO da C&amp;A.<\/p>\n\n\n\n<p>Paulo Correa deu in\u00edcio ao painel e destacou a mudan\u00e7a na velocidade ditada pelo mercado. Segundo ele, o varejo est\u00e1 na \u201cera do agora\u201d, principalmente em rela\u00e7\u00e3o ao mercado de moda. \u201cAs cole\u00e7\u00f5es s\u00e3o semanais. No caso da pe\u00e7a aparecer com alguma celebridade, o item precisa estar instantaneamente na loja para venda\u201d. Esse segmento, que no passado trabalhava com ciclos semestrais passou a atuar de forma mensal. <\/p>\n\n\n\n<h3 class=\"wp-block-heading\"><strong>Redes Sociais<\/strong><\/h3>\n\n\n\n<p>Ele ressaltou ainda a import\u00e2ncia de o varejo agir de forma mais transparente e de acordo com a verdade, adotando conceitos, prop\u00f3sitos e valores, o que, em sua opini\u00e3o, tem o poder de criar empatia com o consumidor. Paulo tamb\u00e9m destacou a import\u00e2ncia da experi\u00eancia de compra ou o \u201cme d\u00e1 um motivo para visitar a sua loja\u201d e o uso das redes sociais. Hoje, as a\u00e7\u00f5es promocionais precisam ser \u201cinstagram\u00e1veis\u201d. Personaliza\u00e7\u00e3o e o fim da propriedade foram outros pontos citados pelo CEO da C&amp;A. <\/p>\n\n\n\n<p>Peter Estermann, Diretor Presidente do GPA, por sua vez, comentou o trabalho desenvolvido pelo P\u00e3o de A\u00e7\u00facar no meio digital e os resultados obtidos at\u00e9 o momento: cerca de 4% das vendas do grupo s\u00e3o via com\u00e9rcio eletr\u00f4nico. Destaque ainda para a import\u00e2ncia da participa\u00e7\u00e3o das marcas pr\u00f3prias nos neg\u00f3cios. Segmento que, hoje, responde por 12% do varejo alimentar da empresa com 800 itens. A perspectiva \u00e9 que essa fatia aumente para 20% em 2021 com 1.500 produtos. <\/p>\n","protected":false},"excerpt":{"rendered":"<p>O painel \u201cO cen\u00e1rio do varejo na atualidade: tend\u00eancias, conceitos e insights\u201d, realizado em 27 de agosto, durante o Congresso da Latam Retail Show, teve a participa\u00e7\u00e3o de Artur Grynbaum, Chief Executive Officer (CEO) do Grupo Botic\u00e1rio, Edson Franco, CEO Brasil da Zurich Seguros, Peter Estermann, Diretor Presidente do GPA e Paulo Correa, CEO da [&hellip;]<\/p>\n","protected":false},"author":1,"featured_media":1140,"comment_status":"closed","ping_status":"open","sticky":false,"template":"","format":"standard","meta":{"tdm_status":"","tdm_grid_status":"","footnotes":""},"categories":[153],"tags":[208,200],"class_list":["post-1139","post","type-post","status-publish","format-standard","has-post-thumbnail","hentry","category-noticias","tag-tendencia","tag-varejo"],"amp_enabled":true,"_links":{"self":[{"href":"https:\/\/sincomavi.org.br\/index.php?rest_route=\/wp\/v2\/posts\/1139","targetHints":{"allow":["GET"]}}],"collection":[{"href":"https:\/\/sincomavi.org.br\/index.php?rest_route=\/wp\/v2\/posts"}],"about":[{"href":"https:\/\/sincomavi.org.br\/index.php?rest_route=\/wp\/v2\/types\/post"}],"author":[{"embeddable":true,"href":"https:\/\/sincomavi.org.br\/index.php?rest_route=\/wp\/v2\/users\/1"}],"replies":[{"embeddable":true,"href":"https:\/\/sincomavi.org.br\/index.php?rest_route=%2Fwp%2Fv2%2Fcomments&post=1139"}],"version-history":[{"count":1,"href":"https:\/\/sincomavi.org.br\/index.php?rest_route=\/wp\/v2\/posts\/1139\/revisions"}],"predecessor-version":[{"id":1141,"href":"https:\/\/sincomavi.org.br\/index.php?rest_route=\/wp\/v2\/posts\/1139\/revisions\/1141"}],"wp:featuredmedia":[{"embeddable":true,"href":"https:\/\/sincomavi.org.br\/index.php?rest_route=\/wp\/v2\/media\/1140"}],"wp:attachment":[{"href":"https:\/\/sincomavi.org.br\/index.php?rest_route=%2Fwp%2Fv2%2Fmedia&parent=1139"}],"wp:term":[{"taxonomy":"category","embeddable":true,"href":"https:\/\/sincomavi.org.br\/index.php?rest_route=%2Fwp%2Fv2%2Fcategories&post=1139"},{"taxonomy":"post_tag","embeddable":true,"href":"https:\/\/sincomavi.org.br\/index.php?rest_route=%2Fwp%2Fv2%2Ftags&post=1139"}],"curies":[{"name":"wp","href":"https:\/\/api.w.org\/{rel}","templated":true}]}}