{"id":11255,"date":"2024-02-28T09:56:48","date_gmt":"2024-02-28T12:56:48","guid":{"rendered":"https:\/\/sincomavi.org.br\/?p=11255"},"modified":"2024-02-28T09:56:49","modified_gmt":"2024-02-28T12:56:49","slug":"confianca-do-comercio-queda-e-alta","status":"publish","type":"post","link":"https:\/\/sincomavi.org.br\/?p=11255","title":{"rendered":"Confian\u00e7a do com\u00e9rcio: queda e alta"},"content":{"rendered":"\n<hr class=\"wp-block-separator has-alpha-channel-opacity is-style-default\"\/>\n\n\n<div class=\"wp-block-post-date\"><time datetime=\"2024-02-28T09:56:48-03:00\">28 de fevereiro de 2024<\/time><\/div>\n\n\n<p>O \u00cdndice de Confian\u00e7a do Com\u00e9rcio (ICOM), do Instituto Brasileiro de Economia da Funda\u00e7\u00e3o Getulio Vargas (FGV IBRE), caiu 1,0 ponto em fevereiro, alcan\u00e7ando os 89,5 pontos. Esse resultado encerra tr\u00eas altas consecutivas do indicador. Em m\u00e9dias m\u00f3veis trimestrais, ocorreu uma eleva\u00e7\u00e3o pelo terceiro m\u00eas consecutivo, com 0,4 ponto, atingindo os 89,8 pontos.<\/p>\n\n\n\n<p>A economista Ge\u00f3rgia Veloso comenta que a queda registrada teve como principal influ\u00eancia a reavalia\u00e7\u00e3o nas perspectivas para os pr\u00f3ximos meses, cujo \u00edndice apresentou resultado negativo em cinco dos seis principais segmentos. \u201cPor outro lado, a redu\u00e7\u00e3o do pessimismo nas avalia\u00e7\u00f5es sobre o momento atual sugere um cen\u00e1rio mais favor\u00e1vel, ainda que modesto, com resultados positivos em rela\u00e7\u00e3o ao volume de demanda\u201d, destaca. Em sua opini\u00e3o, para que o processo de recupera\u00e7\u00e3o na confian\u00e7a sobre o quadro de momento nos pr\u00f3ximos meses se mantenha, \u00e9 crucial a manuten\u00e7\u00e3o do avan\u00e7o do mercado de trabalho e da redu\u00e7\u00e3o do endividamento das fam\u00edlias. \u201cEsses indicadores, diretamente ligados ao consumo, ainda geram incerteza causando oscila\u00e7\u00f5es nas expectativas\u201d, avalia Ge\u00f3rgia.<\/p>\n\n\n<style>.kb-image11255_9d9b38-85 .kb-image-has-overlay:after{opacity:0.3;}<\/style>\n<figure class=\"wp-block-kadence-image kb-image11255_9d9b38-85 size-large\"><img loading=\"lazy\" decoding=\"async\" width=\"1024\" height=\"650\" src=\"https:\/\/sincomavi.org.br\/wp-content\/uploads\/2024\/02\/fgv-ibre-1024x650.jpg\" alt=\"\" class=\"kb-img wp-image-11256\" srcset=\"https:\/\/sincomavi.org.br\/wp-content\/uploads\/2024\/02\/fgv-ibre-1024x650.jpg 1024w, https:\/\/sincomavi.org.br\/wp-content\/uploads\/2024\/02\/fgv-ibre-300x191.jpg 300w, https:\/\/sincomavi.org.br\/wp-content\/uploads\/2024\/02\/fgv-ibre-768x488.jpg 768w, https:\/\/sincomavi.org.br\/wp-content\/uploads\/2024\/02\/fgv-ibre-661x420.jpg 661w, https:\/\/sincomavi.org.br\/wp-content\/uploads\/2024\/02\/fgv-ibre-640x406.jpg 640w, https:\/\/sincomavi.org.br\/wp-content\/uploads\/2024\/02\/fgv-ibre-681x432.jpg 681w, https:\/\/sincomavi.org.br\/wp-content\/uploads\/2024\/02\/fgv-ibre.jpg 1200w\" sizes=\"auto, (max-width: 1024px) 100vw, 1024px\" \/><figcaption>Fonte: FGV IBRE<\/figcaption><\/figure>\n\n\n\n<h2 class=\"wp-block-heading\">Avan\u00e7o<\/h2>\n\n\n\n<p>O \u00cdndice de Confian\u00e7a do Empres\u00e1rio do Com\u00e9rcio (Icec), apurado mensalmente pela Confedera\u00e7\u00e3o Nacional do Com\u00e9rcio de Bens, Servi\u00e7os e Turismo (CNC), por sua vez, apresentou um quadro mais positivo ao registrar o segundo aumento consecutivo em fevereiro, subindo 2,4%. Com esse resultado o indicador chegou aos 109,7 pontos (descontados os efeitos sazonais). No entanto, esse desempenho ainda n\u00e3o foi suficiente para recuperar as perdas anteriores, pois o ICEC ainda se mant\u00e9m 4,9% abaixo do que registrava no mesmo per\u00edodo do ano anterior.<\/p>\n\n\n\n<p>Jos\u00e9 Roberto Tradros, presidente da CNC, Jos\u00e9 Roberto Tadros, acredita que a pesquisa comprova a insatisfa\u00e7\u00e3o do segmento com o momento atual da economia e do com\u00e9rcio. \u201cA confian\u00e7a do setor est\u00e1 crescendo, mas ainda h\u00e1 desafios a serem superados, como o alto custo do cr\u00e9dito e a inadimpl\u00eancia. A prioriza\u00e7\u00e3o do consumo em bens essenciais tamb\u00e9m \u00e9 um fator a ser observado\u201d, ressalta.<\/p>\n\n\n\n<hr class=\"wp-block-separator has-alpha-channel-opacity is-style-default\"\/>\n","protected":false},"excerpt":{"rendered":"<p>O \u00cdndice de Confian\u00e7a do Com\u00e9rcio (ICOM), do Instituto Brasileiro de Economia da Funda\u00e7\u00e3o Getulio Vargas (FGV IBRE), caiu 1,0 ponto em fevereiro, alcan\u00e7ando os 89,5 pontos. Esse resultado encerra tr\u00eas altas consecutivas do indicador. Em m\u00e9dias m\u00f3veis trimestrais, ocorreu uma eleva\u00e7\u00e3o pelo terceiro m\u00eas consecutivo, com 0,4 ponto, atingindo os 89,8 pontos. A economista [&hellip;]<\/p>\n","protected":false},"author":1,"featured_media":11257,"comment_status":"closed","ping_status":"open","sticky":false,"template":"","format":"standard","meta":{"tdm_status":"","tdm_grid_status":"","footnotes":""},"categories":[153],"tags":[288,199,1292,632,754,855,903,924,620,160,200],"class_list":["post-11255","post","type-post","status-publish","format-standard","has-post-thumbnail","hentry","category-noticias","tag-cnc","tag-comercio","tag-confianca-do-comercio","tag-estudo-setorial","tag-fgv-ibre","tag-icec","tag-icom","tag-indice-de-confianca-do-comercio","tag-levantamento","tag-pesquisa","tag-varejo"],"amp_enabled":true,"_links":{"self":[{"href":"https:\/\/sincomavi.org.br\/index.php?rest_route=\/wp\/v2\/posts\/11255","targetHints":{"allow":["GET"]}}],"collection":[{"href":"https:\/\/sincomavi.org.br\/index.php?rest_route=\/wp\/v2\/posts"}],"about":[{"href":"https:\/\/sincomavi.org.br\/index.php?rest_route=\/wp\/v2\/types\/post"}],"author":[{"embeddable":true,"href":"https:\/\/sincomavi.org.br\/index.php?rest_route=\/wp\/v2\/users\/1"}],"replies":[{"embeddable":true,"href":"https:\/\/sincomavi.org.br\/index.php?rest_route=%2Fwp%2Fv2%2Fcomments&post=11255"}],"version-history":[{"count":1,"href":"https:\/\/sincomavi.org.br\/index.php?rest_route=\/wp\/v2\/posts\/11255\/revisions"}],"predecessor-version":[{"id":11258,"href":"https:\/\/sincomavi.org.br\/index.php?rest_route=\/wp\/v2\/posts\/11255\/revisions\/11258"}],"wp:featuredmedia":[{"embeddable":true,"href":"https:\/\/sincomavi.org.br\/index.php?rest_route=\/wp\/v2\/media\/11257"}],"wp:attachment":[{"href":"https:\/\/sincomavi.org.br\/index.php?rest_route=%2Fwp%2Fv2%2Fmedia&parent=11255"}],"wp:term":[{"taxonomy":"category","embeddable":true,"href":"https:\/\/sincomavi.org.br\/index.php?rest_route=%2Fwp%2Fv2%2Fcategories&post=11255"},{"taxonomy":"post_tag","embeddable":true,"href":"https:\/\/sincomavi.org.br\/index.php?rest_route=%2Fwp%2Fv2%2Ftags&post=11255"}],"curies":[{"name":"wp","href":"https:\/\/api.w.org\/{rel}","templated":true}]}}