{"id":11147,"date":"2024-01-24T10:07:50","date_gmt":"2024-01-24T13:07:50","guid":{"rendered":"https:\/\/sincomavi.org.br\/?p=11147"},"modified":"2024-01-24T10:07:51","modified_gmt":"2024-01-24T13:07:51","slug":"inadimplencia-contou-com-alta-de-53-no-ano-passado","status":"publish","type":"post","link":"https:\/\/sincomavi.org.br\/?p=11147","title":{"rendered":"Inadimpl\u00eancia contou com alta de 5,3% no ano passado"},"content":{"rendered":"\n<hr class=\"wp-block-separator has-alpha-channel-opacity is-style-default\"\/>\n\n\n<div class=\"wp-block-post-date\"><time datetime=\"2024-01-24T10:07:50-03:00\">24 de janeiro de 2024<\/time><\/div>\n\n\n<p>Dados coletados pela Boa Vista mostram que houve um aumento de 5,3% no registro de inadimplentes no ano passado em rela\u00e7\u00e3o a 2022. O estudo revela ainda que a tend\u00eancia para o longo prazo do indicador, baseada na varia\u00e7\u00e3o acumulada em 12 meses, se revela positiva. O indicador chegou a alcan\u00e7ar 22,4% em mar\u00e7o e foi desacelerando at\u00e9 encerrar o ano em 5,3%.&nbsp;<\/p>\n\n\n<style>.kb-image11147_04931d-b2 .kb-image-has-overlay:after{opacity:0.3;}<\/style>\n<div class=\"wp-block-kadence-image kb-image11147_04931d-b2\"><figure class=\"aligncenter size-full\"><img loading=\"lazy\" decoding=\"async\" width=\"500\" height=\"389\" src=\"https:\/\/sincomavi.org.br\/wp-content\/uploads\/2024\/01\/ind-boa.png\" alt=\"\" class=\"kb-img wp-image-11148\" srcset=\"https:\/\/sincomavi.org.br\/wp-content\/uploads\/2024\/01\/ind-boa.png 500w, https:\/\/sincomavi.org.br\/wp-content\/uploads\/2024\/01\/ind-boa-300x233.png 300w\" sizes=\"auto, (max-width: 500px) 100vw, 500px\" \/><\/figure><\/div>\n\n\n\n<p>O economista Fl\u00e1vio Calife comenta que a evolu\u00e7\u00e3o apresentada antecipou muito de perto a tend\u00eancia de queda na taxa de inadimpl\u00eancia, que n\u00e3o foi devida somente ao \u201cDesenrola\u201d, apesar dela ter ficado mais evidente somente no 2\u00ba semestre, mas principalmente ao fato de que os fatores condicionantes melhoraram muito. \u201cOs n\u00fameros do mercado de trabalho foram muito bons no ano passado, a taxa de desemprego recuou de forma consistente e a renda m\u00e9dia cresceu em termos reais\u201d, explica. E complementa \u201cEm termos de renda pode-se at\u00e9 dizer que a melhora ainda n\u00e3o foi plena porque a renda real n\u00e3o encerrou 2023 com uma alta capaz de cobrir as perdas de 2021 e 2022, mas \u00e9 importante lembrar que ela j\u00e1 est\u00e1 acima do n\u00edvel de 2019, lembrando que em 2020 ela subiu, mesmo num per\u00edodo de crise, devido ao maior desembolso do governo em aux\u00edlios durante a pandemia\u201d.<\/p>\n\n\n\n<p>O Indicador de Recupera\u00e7\u00e3o de Cr\u00e9dito do Consumidor, tamb\u00e9m medido pela Boa Vista, contou com uma eleva\u00e7\u00e3o de 1,2% em dezembro. Com esse resultado, o levantamento encerrou o ano com uma alta de 21,6% na compara\u00e7\u00e3o anual.<\/p>\n\n\n<style>.kb-image11147_005271-cc .kb-image-has-overlay:after{opacity:0.3;}<\/style>\n<div class=\"wp-block-kadence-image kb-image11147_005271-cc\"><figure class=\"aligncenter size-full\"><img loading=\"lazy\" decoding=\"async\" width=\"500\" height=\"262\" src=\"https:\/\/sincomavi.org.br\/wp-content\/uploads\/2024\/01\/ind-boa2.png\" alt=\"\" class=\"kb-img wp-image-11149\" srcset=\"https:\/\/sincomavi.org.br\/wp-content\/uploads\/2024\/01\/ind-boa2.png 500w, https:\/\/sincomavi.org.br\/wp-content\/uploads\/2024\/01\/ind-boa2-300x157.png 300w\" sizes=\"auto, (max-width: 500px) 100vw, 500px\" \/><\/figure><\/div>\n\n\n\n<hr class=\"wp-block-separator has-alpha-channel-opacity is-style-default\"\/>\n","protected":false},"excerpt":{"rendered":"<p>Dados coletados pela Boa Vista mostram que houve um aumento de 5,3% no registro de inadimplentes no ano passado em rela\u00e7\u00e3o a 2022. O estudo revela ainda que a tend\u00eancia para o longo prazo do indicador, baseada na varia\u00e7\u00e3o acumulada em 12 meses, se revela positiva. O indicador chegou a alcan\u00e7ar 22,4% em mar\u00e7o e [&hellip;]<\/p>\n","protected":false},"author":1,"featured_media":11150,"comment_status":"closed","ping_status":"open","sticky":false,"template":"","format":"standard","meta":{"tdm_status":"","tdm_grid_status":"","footnotes":""},"categories":[153],"tags":[809,250,410],"class_list":["post-11147","post","type-post","status-publish","format-standard","has-post-thumbnail","hentry","category-noticias","tag-boa-vista","tag-credito","tag-inadimplencia"],"amp_enabled":true,"_links":{"self":[{"href":"https:\/\/sincomavi.org.br\/index.php?rest_route=\/wp\/v2\/posts\/11147","targetHints":{"allow":["GET"]}}],"collection":[{"href":"https:\/\/sincomavi.org.br\/index.php?rest_route=\/wp\/v2\/posts"}],"about":[{"href":"https:\/\/sincomavi.org.br\/index.php?rest_route=\/wp\/v2\/types\/post"}],"author":[{"embeddable":true,"href":"https:\/\/sincomavi.org.br\/index.php?rest_route=\/wp\/v2\/users\/1"}],"replies":[{"embeddable":true,"href":"https:\/\/sincomavi.org.br\/index.php?rest_route=%2Fwp%2Fv2%2Fcomments&post=11147"}],"version-history":[{"count":1,"href":"https:\/\/sincomavi.org.br\/index.php?rest_route=\/wp\/v2\/posts\/11147\/revisions"}],"predecessor-version":[{"id":11151,"href":"https:\/\/sincomavi.org.br\/index.php?rest_route=\/wp\/v2\/posts\/11147\/revisions\/11151"}],"wp:featuredmedia":[{"embeddable":true,"href":"https:\/\/sincomavi.org.br\/index.php?rest_route=\/wp\/v2\/media\/11150"}],"wp:attachment":[{"href":"https:\/\/sincomavi.org.br\/index.php?rest_route=%2Fwp%2Fv2%2Fmedia&parent=11147"}],"wp:term":[{"taxonomy":"category","embeddable":true,"href":"https:\/\/sincomavi.org.br\/index.php?rest_route=%2Fwp%2Fv2%2Fcategories&post=11147"},{"taxonomy":"post_tag","embeddable":true,"href":"https:\/\/sincomavi.org.br\/index.php?rest_route=%2Fwp%2Fv2%2Ftags&post=11147"}],"curies":[{"name":"wp","href":"https:\/\/api.w.org\/{rel}","templated":true}]}}