{"id":11074,"date":"2023-12-15T09:46:12","date_gmt":"2023-12-15T12:46:12","guid":{"rendered":"https:\/\/sincomavi.org.br\/?p=11074"},"modified":"2023-12-15T09:46:33","modified_gmt":"2023-12-15T12:46:33","slug":"carta-de-conjuntura-dezembro-de-2023","status":"publish","type":"post","link":"https:\/\/sincomavi.org.br\/?p=11074","title":{"rendered":"Carta de Conjuntura &#8211;\u00a0 Dezembro de 2023"},"content":{"rendered":"\n<hr class=\"wp-block-separator has-alpha-channel-opacity is-style-default\"\/>\n\n\n<div class=\"wp-block-post-date\"><time datetime=\"2023-12-15T09:46:12-03:00\">15 de dezembro de 2023<\/time><\/div>\n\n\n<p><strong>Por Jaime Vasconcellos, economista.<\/strong><\/p>\n\n\n\n<p>N\u00e3o h\u00e1 d\u00favida que nos \u00faltimos dias o assunto mais debatido na macroeconomia brasileira foi o desempenho acima do esperado do PIB (Produto Interno Bruto) brasileiro no terceiro trimestre de 2023. O avan\u00e7o de 0,1% nem estava nos horizontes dos analistas de mercado e economistas, que projetavam um pequeno retrocesso da economia na compara\u00e7\u00e3o ao segundo trimestre do ano.<\/p>\n\n\n\n<p>Se por um lado esse PIB ligeiramente positivo mostrou a resili\u00eancia do consumo das fam\u00edlias, que avan\u00e7ou 0,6% em rela\u00e7\u00e3o ao segundo trimestre e representa quase dois ter\u00e7os dos valores correntes deste indicador pela \u00f3tica da demanda, por outro n\u00e3o se pode negar a forte desacelera\u00e7\u00e3o econ\u00f4mica vista nesta divulga\u00e7\u00e3o. N\u00e3o \u00e9 porque avan\u00e7ou 0,1% que h\u00e1 de se comemorar. Os indicadores do \u00faltimo trimestre do ano n\u00e3o s\u00e3o bons, o risco de uma recess\u00e3o n\u00e3o \u00e9 descartado e se observa que a retra\u00e7\u00e3o de 2,5% no acumulado do ano da Forma\u00e7\u00e3o Bruta de Capital Fixo (popularmente chamado de investimento) adianta o horizonte de menor avan\u00e7o do pr\u00f3prio PIB em um futuro pr\u00f3ximo.&nbsp;<\/p>\n\n\n\n<p>E quando se diz que os n\u00fameros do \u00faltimo trimestre n\u00e3o s\u00e3o bons, vamos al\u00e9m da Black Friday morna. O setor de servi\u00e7os, aquele de maior participa\u00e7\u00e3o na economia, mostra claros sinais de esgotamento da evolu\u00e7\u00e3o registrada p\u00f3s-pandemia. Nos doze meses encerrados em outubro de 2023 o volume de servi\u00e7os no pa\u00eds avan\u00e7ou 3,6%, bastante abaixo dos quase 8% que vimos neste indicador no in\u00edcio do ano. Para o Estado de S\u00e3o Paulo h\u00e1 inclusive um retrocesso de 0,1% nos doze meses acumulados at\u00e9 outubro.<\/p>\n\n\n\n<p>Em suma, a despeito do terceiro trimestre ter sido timidamente melhor que o esperado, 2023 entregar\u00e1 a 2024 um ritmo econ\u00f4mico desacelerado e com desafios fiscais e setoriais relevantes. Ao PIB do ano que vem, se as esperan\u00e7as est\u00e3o no cen\u00e1rio de infla\u00e7\u00e3o estabilizada e ritmo resiliente do emprego celetista, os desafios estar\u00e3o nos lentos impactos pr\u00e1ticos da redu\u00e7\u00e3o de juros na economia e nos ainda elevados indicadores de endividamento e inadimpl\u00eancia das fam\u00edlias.&nbsp;<\/p>\n\n\n\n<p>Isto posto, seguem abaixo as nossas \u00faltimas proje\u00e7\u00f5es para os principais indicadores macroecon\u00f4micos nacionais: <\/p>\n\n\n\n<h2 class=\"wp-block-heading has-vivid-red-color has-text-color has-link-color wp-elements-453dd606f6f1008581e1b3207a4d9667\"><strong>2023<\/strong><\/h2>\n\n\n\n<ul class=\"wp-block-list\">\n<li><strong>PIB<\/strong>: +2,85%<\/li>\n\n\n\n<li><strong>IPCA<\/strong>: +4,4%<\/li>\n\n\n\n<li><strong>SELIC<\/strong>: 11,75% a.a.<\/li>\n\n\n\n<li><strong>Taxa de C\u00e2mbio:<\/strong> 4,95<\/li>\n\n\n\n<li><strong>Balan\u00e7a comercial<\/strong>: + US$ 75 bi<\/li>\n\n\n\n<li><strong>Vendas do com\u00e9rcio ampliado BR<\/strong>: +2,5%<\/li>\n\n\n\n<li><strong>Volume dos servi\u00e7os BR<\/strong>: +3%<\/li>\n<\/ul>\n\n\n\n<h2 class=\"wp-block-heading has-vivid-red-color has-text-color has-link-color wp-elements-6dd959d77a369fa53c16231b32f6729a\"><strong>2024<\/strong><\/h2>\n\n\n\n<ul class=\"wp-block-list\">\n<li><strong>PIB<\/strong>: +1,5%<\/li>\n\n\n\n<li><strong>IPCA<\/strong>: +4%<\/li>\n\n\n\n<li><strong>SELIC<\/strong>: 9,00% a.a.<\/li>\n\n\n\n<li><strong>Taxa de C\u00e2mbio:<\/strong> 5,00<\/li>\n\n\n\n<li><strong>Balan\u00e7a comercial<\/strong>: + US$ 65 bi<\/li>\n\n\n\n<li><strong>Vendas do com\u00e9rcio ampliado BR<\/strong>: +1%<\/li>\n\n\n\n<li><strong>Volume dos servi\u00e7os BR<\/strong>: +0,5%<\/li>\n<\/ul>\n\n\n\n<hr class=\"wp-block-separator has-alpha-channel-opacity is-style-default\"\/>\n","protected":false},"excerpt":{"rendered":"<p>Por Jaime Vasconcellos, economista. N\u00e3o h\u00e1 d\u00favida que nos \u00faltimos dias o assunto mais debatido na macroeconomia brasileira foi o desempenho acima do esperado do PIB (Produto Interno Bruto) brasileiro no terceiro trimestre de 2023. O avan\u00e7o de 0,1% nem estava nos horizontes dos analistas de mercado e economistas, que projetavam um pequeno retrocesso da [&hellip;]<\/p>\n","protected":false},"author":1,"featured_media":11075,"comment_status":"closed","ping_status":"open","sticky":false,"template":"","format":"standard","meta":{"tdm_status":"","tdm_grid_status":"","footnotes":""},"categories":[153],"tags":[1060,275,272,199,632,273,158,773,202,203,274,200,75],"class_list":["post-11074","post","type-post","status-publish","format-standard","has-post-thumbnail","hentry","category-noticias","tag-analise","tag-balanca-comercial","tag-carta-de-conjuntura","tag-comercio","tag-estudo-setorial","tag-ipca","tag-material-de-construcao","tag-perspectiva","tag-pib","tag-selic","tag-taxa-de-cambio","tag-varejo","tag-vendas"],"amp_enabled":true,"_links":{"self":[{"href":"https:\/\/sincomavi.org.br\/index.php?rest_route=\/wp\/v2\/posts\/11074","targetHints":{"allow":["GET"]}}],"collection":[{"href":"https:\/\/sincomavi.org.br\/index.php?rest_route=\/wp\/v2\/posts"}],"about":[{"href":"https:\/\/sincomavi.org.br\/index.php?rest_route=\/wp\/v2\/types\/post"}],"author":[{"embeddable":true,"href":"https:\/\/sincomavi.org.br\/index.php?rest_route=\/wp\/v2\/users\/1"}],"replies":[{"embeddable":true,"href":"https:\/\/sincomavi.org.br\/index.php?rest_route=%2Fwp%2Fv2%2Fcomments&post=11074"}],"version-history":[{"count":2,"href":"https:\/\/sincomavi.org.br\/index.php?rest_route=\/wp\/v2\/posts\/11074\/revisions"}],"predecessor-version":[{"id":11077,"href":"https:\/\/sincomavi.org.br\/index.php?rest_route=\/wp\/v2\/posts\/11074\/revisions\/11077"}],"wp:featuredmedia":[{"embeddable":true,"href":"https:\/\/sincomavi.org.br\/index.php?rest_route=\/wp\/v2\/media\/11075"}],"wp:attachment":[{"href":"https:\/\/sincomavi.org.br\/index.php?rest_route=%2Fwp%2Fv2%2Fmedia&parent=11074"}],"wp:term":[{"taxonomy":"category","embeddable":true,"href":"https:\/\/sincomavi.org.br\/index.php?rest_route=%2Fwp%2Fv2%2Fcategories&post=11074"},{"taxonomy":"post_tag","embeddable":true,"href":"https:\/\/sincomavi.org.br\/index.php?rest_route=%2Fwp%2Fv2%2Ftags&post=11074"}],"curies":[{"name":"wp","href":"https:\/\/api.w.org\/{rel}","templated":true}]}}