{"id":11007,"date":"2024-01-25T11:54:04","date_gmt":"2024-01-25T14:54:04","guid":{"rendered":"https:\/\/sincomavi.org.br\/?p=11007"},"modified":"2024-02-19T09:47:02","modified_gmt":"2024-02-19T12:47:02","slug":"nota-de-esclarecimento-trabalho-aos-domingos-e-feriados","status":"publish","type":"post","link":"https:\/\/sincomavi.org.br\/?p=11007","title":{"rendered":"Nota de esclarecimento | Trabalho aos domingos e feriados"},"content":{"rendered":"\n<hr class=\"wp-block-separator has-alpha-channel-opacity is-style-default\"\/>\n\n\n<div class=\"wp-block-post-date\"><time datetime=\"2024-01-25T11:54:04-03:00\">25 de janeiro de 2024<\/time><\/div>\n\n\n<p>Tendo em vista o grande n\u00famero de consultas e a verdadeira \u201cconfus\u00e3o de interpreta\u00e7\u00f5es\u201d divulgada na imprensa sobre o tema, e independentemente da discuss\u00e3o sobre a constitucionalidade e politiza\u00e7\u00e3o ou n\u00e3o das medidas tomadas pelo poder p\u00fablico nos \u00faltimos anos, o Departamento Jur\u00eddico do Sincomavi esclarece que, desde a publica\u00e7\u00e3o das leis federais 10.101\/2000 e 11.603\/2007 e das normas municipais da capital de S\u00e3o Paulo a respeito, o Sincomavi vem inserindo cl\u00e1usulas permitindo a abertura das lojas nessas datas nas Conven\u00e7\u00f5es Coletivas de Trabalho (CCTs) assinadas com os sindicatos dos trabalhadores.<\/p>\n\n\n\n<p>Isso justamente para que as empresas representadas pela entidade n\u00e3o sejam surpreendidas por medidas repentinas que possam causar preju\u00edzos, a\u00e7\u00f5es trabalhistas e multas aplicadas pelos sindicatos laborais e\/ou prefeituras municipais das localidades onde est\u00e3o estabelecidas.&nbsp;<\/p>\n\n\n\n<p>Essa prote\u00e7\u00e3o continua valendo para o per\u00edodo base que termina em 30 de setembro de 2024, <mark style=\"background-color:#7bdcb5\" class=\"has-inline-color\">desde que as normas ditadas nas CCTs sejam rigorosamente seguidas (obten\u00e7\u00e3o do respectivo certificado obrigat\u00f3rio, trabalho facultativo, vale transporte, alimenta\u00e7\u00e3o, escala de funcionamento, pr\u00eamios etc.).<\/mark><\/p>\n\n\n\n<p class=\"has-text-align-center has-white-color has-vivid-red-background-color has-text-color has-background has-link-color wp-elements-158c0019f98fffe9308c6d787eedee86\"><strong>Preencha o requerimento e solicite a autoriza\u00e7\u00e3o para trabalho aos domingos e feriados: <a href=\"https:\/\/sincomavi.org.br\/?p=562\" target=\"_blank\" rel=\"noreferrer noopener\">clique aqu<\/a><a href=\"http:\/\/autoriza\u00e7\u00e3o para trabalho aos domingos e feriados\">i<\/a><\/strong><\/p>\n\n\n\n<p>Em raz\u00e3o disso, mais uma vez \u00e9 aconselhado, al\u00e9m do acompanhamento das altera\u00e7\u00f5es nas leis a respeito, o estudo completo das CCTs para n\u00e3o incorrer em nenhuma infra\u00e7\u00e3o pass\u00edvel de penaliza\u00e7\u00e3o, ficando o Departamento Jur\u00eddico \u00e0 disposi\u00e7\u00e3o para qualquer esclarecimento pelo <strong>telefone (11) 3488-8200 ou e-mail sincomavi@sincomavi.org.br<\/strong><\/p>\n\n\n\n<hr class=\"wp-block-separator has-alpha-channel-opacity is-style-default\"\/>\n","protected":false},"excerpt":{"rendered":"<p>Tendo em vista o grande n\u00famero de consultas e a verdadeira \u201cconfus\u00e3o de interpreta\u00e7\u00f5es\u201d divulgada na imprensa sobre o tema, e independentemente da discuss\u00e3o sobre a constitucionalidade e politiza\u00e7\u00e3o ou n\u00e3o das medidas tomadas pelo poder p\u00fablico nos \u00faltimos anos, o Departamento Jur\u00eddico do Sincomavi esclarece que, desde a publica\u00e7\u00e3o das leis federais 10.101\/2000 e [&hellip;]<\/p>\n","protected":false},"author":1,"featured_media":11008,"comment_status":"closed","ping_status":"open","sticky":false,"template":"","format":"standard","meta":{"tdm_status":"","tdm_grid_status":"","footnotes":""},"categories":[157],"tags":[747,1276],"class_list":["post-11007","post","type-post","status-publish","format-standard","has-post-thumbnail","hentry","category-alerta","tag-convencoes-coletivas-de-trabalho","tag-trabalho-aos-domingos-e-feriados"],"amp_enabled":true,"_links":{"self":[{"href":"https:\/\/sincomavi.org.br\/index.php?rest_route=\/wp\/v2\/posts\/11007","targetHints":{"allow":["GET"]}}],"collection":[{"href":"https:\/\/sincomavi.org.br\/index.php?rest_route=\/wp\/v2\/posts"}],"about":[{"href":"https:\/\/sincomavi.org.br\/index.php?rest_route=\/wp\/v2\/types\/post"}],"author":[{"embeddable":true,"href":"https:\/\/sincomavi.org.br\/index.php?rest_route=\/wp\/v2\/users\/1"}],"replies":[{"embeddable":true,"href":"https:\/\/sincomavi.org.br\/index.php?rest_route=%2Fwp%2Fv2%2Fcomments&post=11007"}],"version-history":[{"count":3,"href":"https:\/\/sincomavi.org.br\/index.php?rest_route=\/wp\/v2\/posts\/11007\/revisions"}],"predecessor-version":[{"id":11012,"href":"https:\/\/sincomavi.org.br\/index.php?rest_route=\/wp\/v2\/posts\/11007\/revisions\/11012"}],"wp:featuredmedia":[{"embeddable":true,"href":"https:\/\/sincomavi.org.br\/index.php?rest_route=\/wp\/v2\/media\/11008"}],"wp:attachment":[{"href":"https:\/\/sincomavi.org.br\/index.php?rest_route=%2Fwp%2Fv2%2Fmedia&parent=11007"}],"wp:term":[{"taxonomy":"category","embeddable":true,"href":"https:\/\/sincomavi.org.br\/index.php?rest_route=%2Fwp%2Fv2%2Fcategories&post=11007"},{"taxonomy":"post_tag","embeddable":true,"href":"https:\/\/sincomavi.org.br\/index.php?rest_route=%2Fwp%2Fv2%2Ftags&post=11007"}],"curies":[{"name":"wp","href":"https:\/\/api.w.org\/{rel}","templated":true}]}}