{"id":11003,"date":"2023-12-01T14:09:58","date_gmt":"2023-12-01T17:09:58","guid":{"rendered":"https:\/\/sincomavi.org.br\/?p=11003"},"modified":"2023-12-01T14:09:59","modified_gmt":"2023-12-01T17:09:59","slug":"solicitacao-de-adiamento-do-recolhimento-do-icms-de-dezembro","status":"publish","type":"post","link":"https:\/\/sincomavi.org.br\/?p=11003","title":{"rendered":"Solicita\u00e7\u00e3o de adiamento do recolhimento do ICMS de dezembro"},"content":{"rendered":"\n<hr class=\"wp-block-separator has-alpha-channel-opacity is-style-default\"\/>\n\n\n<div class=\"wp-block-post-date\"><time datetime=\"2023-12-01T14:09:58-03:00\">1 de dezembro de 2023<\/time><\/div>\n\n\n<p>A Federa\u00e7\u00e3o do Com\u00e9rcio de Bens, Servi\u00e7os e Turismo do Estado de S\u00e3o Paulo (FecomercioSP) e seus sindicatos filiados, incluindo o Sincomavi, entraram com uma peti\u00e7\u00e3o junto ao governo estadual pedindo a posterga\u00e7\u00e3o, para o in\u00edcio do ano que vem, do prazo de vencimento do ICMS das vendas do varejo referentes a dezembro.<\/p>\n\n\n\n<p>Os representantes sindicais t\u00eam realizado de forma recorrente tal solicita\u00e7\u00e3o em fun\u00e7\u00e3o da manuten\u00e7\u00e3o da crise econ\u00f4mica do pa\u00eds desde a pandemia. Al\u00e9m disso, citam a fragilidade fiscal, a dificuldade da recupera\u00e7\u00e3o das atividades do varejo diante da queda de consumo e a quantidade de compromissos, que recaem sobre as empresas nesse per\u00edodo, entre os quais reajustes salariais, 13\u00ba sal\u00e1rio, Imposto Sobre a Propriedade de Ve\u00edculos Automotores (IPVA) e o Imposto sobre a Propriedade Territorial e Urbana (IPTU), como pontos que o governo estadual deve levar em considera\u00e7\u00e3o para o atendimento do pedido.\u00a0<\/p>\n\n\n\n<hr class=\"wp-block-separator has-alpha-channel-opacity is-style-default\"\/>\n","protected":false},"excerpt":{"rendered":"<p>A Federa\u00e7\u00e3o do Com\u00e9rcio de Bens, Servi\u00e7os e Turismo do Estado de S\u00e3o Paulo (FecomercioSP) e seus sindicatos filiados, incluindo o Sincomavi, entraram com uma peti\u00e7\u00e3o junto ao governo estadual pedindo a posterga\u00e7\u00e3o, para o in\u00edcio do ano que vem, do prazo de vencimento do ICMS das vendas do varejo referentes a dezembro. Os representantes [&hellip;]<\/p>\n","protected":false},"author":1,"featured_media":11004,"comment_status":"closed","ping_status":"open","sticky":false,"template":"","format":"standard","meta":{"tdm_status":"","tdm_grid_status":"","footnotes":""},"categories":[153],"tags":[899,80,1275,1274],"class_list":["post-11003","post","type-post","status-publish","format-standard","has-post-thumbnail","hentry","category-noticias","tag-governo-do-estado-de-sao-paulo","tag-icms","tag-pedido","tag-solicitacao"],"amp_enabled":true,"_links":{"self":[{"href":"https:\/\/sincomavi.org.br\/index.php?rest_route=\/wp\/v2\/posts\/11003","targetHints":{"allow":["GET"]}}],"collection":[{"href":"https:\/\/sincomavi.org.br\/index.php?rest_route=\/wp\/v2\/posts"}],"about":[{"href":"https:\/\/sincomavi.org.br\/index.php?rest_route=\/wp\/v2\/types\/post"}],"author":[{"embeddable":true,"href":"https:\/\/sincomavi.org.br\/index.php?rest_route=\/wp\/v2\/users\/1"}],"replies":[{"embeddable":true,"href":"https:\/\/sincomavi.org.br\/index.php?rest_route=%2Fwp%2Fv2%2Fcomments&post=11003"}],"version-history":[{"count":1,"href":"https:\/\/sincomavi.org.br\/index.php?rest_route=\/wp\/v2\/posts\/11003\/revisions"}],"predecessor-version":[{"id":11005,"href":"https:\/\/sincomavi.org.br\/index.php?rest_route=\/wp\/v2\/posts\/11003\/revisions\/11005"}],"wp:featuredmedia":[{"embeddable":true,"href":"https:\/\/sincomavi.org.br\/index.php?rest_route=\/wp\/v2\/media\/11004"}],"wp:attachment":[{"href":"https:\/\/sincomavi.org.br\/index.php?rest_route=%2Fwp%2Fv2%2Fmedia&parent=11003"}],"wp:term":[{"taxonomy":"category","embeddable":true,"href":"https:\/\/sincomavi.org.br\/index.php?rest_route=%2Fwp%2Fv2%2Fcategories&post=11003"},{"taxonomy":"post_tag","embeddable":true,"href":"https:\/\/sincomavi.org.br\/index.php?rest_route=%2Fwp%2Fv2%2Ftags&post=11003"}],"curies":[{"name":"wp","href":"https:\/\/api.w.org\/{rel}","templated":true}]}}